{"id":44771,"date":"2024-10-22T10:03:29","date_gmt":"2024-10-22T10:03:29","guid":{"rendered":"https:\/\/dekkbi.com\/?p=44771"},"modified":"2024-10-22T10:03:30","modified_gmt":"2024-10-22T10:03:30","slug":"debat-5e-assemblee-generale-du-laicat-les-fideles-laics-invites-a-se-lever-pour-leur-mission","status":"publish","type":"post","link":"https:\/\/dekkbi.com\/?p=44771","title":{"rendered":"D\u00e9bat \u2013 5e Assembl\u00e9e g\u00e9n\u00e9rale du La\u00efcat : Les fid\u00e8les la\u00efcs invit\u00e9s \u00e0 se lever pour leur mission"},"content":{"rendered":"\n<p><strong>Face \u00e0 diff\u00e9rents d\u00e9fis auxquels font face les catholiques, face \u00e0 leurs devoirs de catholiques et les devoirs que leur impose le vivre ensemble dans une Nation dans laquelle, bien que minoritaires, ils sont partie totalement prenante, le Conseil national du La\u00efcat a appel\u00e9 \u00e0 la r\u00e9flexion et \u00e0 l\u2019encouragement, pour inciter les fid\u00e8les dans leur mission, tout en pr\u00f4nant le dialogue entre tous.<\/strong><strong>Par Justin GOMIS \u2013&nbsp;<\/strong><\/p>\n\n\n\n<p>\u00abFid\u00e8le la\u00efc du Christ, l\u00e8ve-toi, ton heure est arriv\u00e9e.\u00bb C\u2019est par ce th\u00e8me que le Conseil national du La\u00efcat, qui tenait, samedi dernier, sa 5\u00e8me Assembl\u00e9e g\u00e9n\u00e9rale, a appel\u00e9 les la\u00efcs \u00e0 jouer pleinement leur partition dans la vie de l\u2019Eglise et dans la vie sociale. L\u2019heure semble grave et il n\u2019y a plus de temps \u00e0 perdre pour le fid\u00e8le la\u00efc de mener \u00e0 bien sa mission. \u00abOn appelle toujours les fid\u00e8les la\u00efcs \u00e0 prendre conscience de leur r\u00f4le dans l\u2019Eglise et dans la soci\u00e9t\u00e9\u00bb, a dit Dr Philippe Tine. Pour le pr\u00e9sident du Conseil national du La\u00efcat, \u00absi chacun est convaincu de cela, les choses vont avancer\u00bb. Et le Conseil national du La\u00efcat, poursuit-il, \u00abest plus que jamais engag\u00e9 pour aider toutes les structures qui le composent \u00e0 prendre conscience de cette mission\u00bb qui n\u2019est pas seulement pour l\u2019Eglise. \u00abElle est aussi pour la soci\u00e9t\u00e9\u00bb, a-t-il rappel\u00e9. Et selon l\u2019abb\u00e9 Olympe Badji, qui animait la conf\u00e9rence autour de ce th\u00e8me, \u00abnous devons prendre conscience que notre bapt\u00eame fait de nous des acteurs essentiels de la mission de l\u2019Eglise\u00bb.<\/p>\n\n\n\n<p>A en croire le cur\u00e9 de l\u2019Eglise de la rue Malenfant, ce th\u00e8me va dans le m\u00eame sens que la lettre pastorale de nos \u00e9v\u00eaques de la Conf\u00e9rence \u00e9piscopale faite pour le Car\u00eame 2024, qui \u00abinvite le fid\u00e8le la\u00efc \u00e0 prendre conscience de sa mission dans l\u2019Eglise, son r\u00f4le et sa place dans l\u2019Eglise, son engagement dans la soci\u00e9t\u00e9 et les d\u00e9fis actuels auxquels il fait face, les orientations pour un la\u00efcat engag\u00e9 et enfin le la\u00efcat pour une transformation de l\u2019Eglise et de la soci\u00e9t\u00e9 s\u00e9n\u00e9galaise\u00bb. Pour lui, la mission du fid\u00e8le la\u00efc dans l\u2019Eglise rev\u00eat une importance capitale. Et selon le concile Vatican 2, \u00ables la\u00efcs, apr\u00e8s leur bapt\u00eame, sont appel\u00e9s \u00e0 participer activement \u00e0 la mission de l\u2019Eglise dans un monde en constante \u00e9volution, confront\u00e9 a d\u2019\u00e9normes d\u00e9fis sociaux, \u00e9conomiques, \u00e9cologiques, spirituels mais aussi politiques\u00bb. Ainsi, le pr\u00eatre trouve \u00abqu\u2019il est temps de se lever avec conviction et d\u00e9termination, de se lever avec foi et esp\u00e9rance\u00bb. Car, \u00abil est crucial que nous la\u00efcs prenions conscience de notre responsabilit\u00e9 et de notre vocation de baptis\u00e9s\u00bb, a-t-il rappel\u00e9.<\/p>\n\n\n\n<p>Selon le Dr Philippe Tine, ils sont au c\u0153ur de l\u2019action. \u00abIl faut prendre conscience des diff\u00e9rents d\u00e9fis. C\u2019est pour cela que j\u2019ai donn\u00e9 l\u2019exemple de la montre pour montrer notre rapport avec l\u2019heure. Mais au-del\u00e0 notre rapport avec la ponctualit\u00e9, c\u2019est de prendre conscience qu\u2019il n\u2019y a plus de temps \u00e0 perdre, parce que notre soci\u00e9t\u00e9 court \u00e0 sa perte et il faudrait rapidement faire une mise \u00e0 jour des comportements, des actions, de tout notre \u00eatre en tant que chr\u00e9tiens, en tant que musulmans, en tant que S\u00e9n\u00e9galais, pour avancer convenablement. Si on ne le fait pas, le monde sera \u00e0 14 heures et nous serons \u00e0 9 heures. Il faudrait r\u00e9gler notre monde \u00e0 la v\u00e9ritable heure pour avancer\u00bb, avertit-il.<\/p>\n\n\n\n<p>Invit\u00e9 \u00e0 prendre part \u00e0 l\u2019ouverture de la 5e Assembl\u00e9e g\u00e9n\u00e9rale du Conseil national du La\u00efcat, l\u2019imam Di\u00e8ne, pr\u00e9sident de l\u2019Association nationale des imams et oul\u00e9mas du S\u00e9n\u00e9gal, trouve que \u00abcet ordre de mission qui nous interpelle tous vient \u00e0 son heure\u00bb. Car, ajoute l\u2019imam, \u00abnotre pays traverse des moments difficiles, secou\u00e9 par un vent de ph\u00e9nom\u00e8nes non contr\u00f4l\u00e9s, o\u00f9 personne n\u2019est \u00e9pargn\u00e9 de paroles agressives, mena\u00e7ant notre honneur et notre foi en Dieu\u00bb. Il indique que \u00abl\u2019heure est grave\u00bb et les gens doivent \u00abavoir le sens de la mesure de r\u00e9flexion de ce qui nous arrive et de ce que nous vivons actuellement\u00bb. C\u2019est dans ce sens que le pr\u00e9sident de l\u2019Association nationale des imams et oul\u00e9mas du S\u00e9n\u00e9gal invite \u00ab\u00e0 privil\u00e9gier le civisme et le dialogue tout en respectant les lois qui r\u00e9gissent nos institutions et notre foi de croyants en Dieu, Seul Ma\u00eetre du temps et de l\u2019histoire\u00bb.<\/p>\n\n\n\n<p>Estimant que nous sommes responsables de nos actes, faits et gestes, il exhorte \u00e0 trouver la solution \u00e0 la situation qui pr\u00e9vaut en ce moment, faisant allusion \u00e0 l\u2019histoire du voile \u00e0 l\u2019\u00e9cole priv\u00e9e catholique. \u00abParlons-nous et \u00e9changeons dans un dialogue de bonne intention et de confiance mutuelle. Nous sommes des fr\u00e8res et s\u0153urs. Tous filles et fils et de la nation et d\u2019\u00e9gale dignit\u00e9.\u00bb De l\u2019avis de l\u2019imam Di\u00e8ne, \u00abnous devons \u00eatre solidaires de notre Nation, de ses joies et espoirs, de ses tristesses et angoisses\u00bb, a-t-il dit, sans oublier de prier pour que \u00abDieu nous assiste et nous donne la paix en abondance pour un meilleur vivre-ensemble\u00bb. Un avis partag\u00e9 par Monseigneur Martin Boucar Tine qui pense que les gens doivent se parler et \u0153uvrer pour la qui\u00e9tude sociale dans le pays.<\/p>\n\n\n\n<p><strong>justin@lequotidien.sn<\/strong><\/p>\n\n\n\n<p><a target=\"_blank\" rel=\"noreferrer noopener\" href=\"https:\/\/www.facebook.com\/sharer\/sharer.php?u=https%3A%2F%2Flequotidien.sn%2Fdebat-5e-assemblee-generale-du-laicat-les-fideles-laics-invites-a-se-lever-pour-leur-mission%2F\"><\/a><\/p>\n","protected":false},"excerpt":{"rendered":"<p>Face \u00e0 diff\u00e9rents d\u00e9fis auxquels font face les catholiques, face \u00e0 leurs devoirs de catholiques et les devoirs que leur<\/p>\n","protected":false},"author":1,"featured_media":44772,"comment_status":"open","ping_status":"open","sticky":false,"template":"","format":"standard","meta":{"footnotes":""},"categories":[21],"tags":[],"class_list":["post-44771","post","type-post","status-publish","format-standard","has-post-thumbnail","hentry","category-societe"],"_links":{"self":[{"href":"https:\/\/dekkbi.com\/index.php?rest_route=\/wp\/v2\/posts\/44771","targetHints":{"allow":["GET"]}}],"collection":[{"href":"https:\/\/dekkbi.com\/index.php?rest_route=\/wp\/v2\/posts"}],"about":[{"href":"https:\/\/dekkbi.com\/index.php?rest_route=\/wp\/v2\/types\/post"}],"author":[{"embeddable":true,"href":"https:\/\/dekkbi.com\/index.php?rest_route=\/wp\/v2\/users\/1"}],"replies":[{"embeddable":true,"href":"https:\/\/dekkbi.com\/index.php?rest_route=%2Fwp%2Fv2%2Fcomments&post=44771"}],"version-history":[{"count":1,"href":"https:\/\/dekkbi.com\/index.php?rest_route=\/wp\/v2\/posts\/44771\/revisions"}],"predecessor-version":[{"id":44773,"href":"https:\/\/dekkbi.com\/index.php?rest_route=\/wp\/v2\/posts\/44771\/revisions\/44773"}],"wp:featuredmedia":[{"embeddable":true,"href":"https:\/\/dekkbi.com\/index.php?rest_route=\/wp\/v2\/media\/44772"}],"wp:attachment":[{"href":"https:\/\/dekkbi.com\/index.php?rest_route=%2Fwp%2Fv2%2Fmedia&parent=44771"}],"wp:term":[{"taxonomy":"category","embeddable":true,"href":"https:\/\/dekkbi.com\/index.php?rest_route=%2Fwp%2Fv2%2Fcategories&post=44771"},{"taxonomy":"post_tag","embeddable":true,"href":"https:\/\/dekkbi.com\/index.php?rest_route=%2Fwp%2Fv2%2Ftags&post=44771"}],"curies":[{"name":"wp","href":"https:\/\/api.w.org\/{rel}","templated":true}]}}