{"id":44740,"date":"2024-10-21T12:13:35","date_gmt":"2024-10-21T12:13:35","guid":{"rendered":"https:\/\/dekkbi.com\/?p=44740"},"modified":"2024-10-21T12:14:11","modified_gmt":"2024-10-21T12:14:11","slug":"tensions-entre-wagner-et-larmee-malienne-vers-un-changement-de-strategie","status":"publish","type":"post","link":"https:\/\/dekkbi.com\/?p=44740","title":{"rendered":"Wagner &#8211; arm\u00e9e malienne\u00a0: vers un changement de strat\u00e9gie\u00a0?"},"content":{"rendered":"\n<p>L\u2019op\u00e9ration \u00ab&nbsp;Vengeance&nbsp;\u00bb, lanc\u00e9e par les Forces arm\u00e9es maliennes et les mercenaires du groupe Wagner sur Tinzawaten, s\u2019est sold\u00e9e par un semi-\u00e9chec. Elle a aussi r\u00e9v\u00e9l\u00e9 la d\u00e9fiance entre les Maliens et les Russes qui pourrait conduire \u00e0 un changement de strat\u00e9gie. D\u00e9cryptage en vid\u00e9o.<\/p>\n\n\n\n<p>Apr\u00e8s pr\u00e8s de dix jours de p\u00e9riple, le convoi de\u00a0l\u2019arm\u00e9e malienne et de Wagner qui faisait route vers Tinzawaten a finalement fait demi-tour\u00a0avant m\u00eame de combattre. Si, officiellement, l\u2019objectif a \u00e9t\u00e9 atteint \u2013 r\u00e9cup\u00e9rer les corps\u00a0de\u00a0soldats tomb\u00e9s au combat lors de la bataille de juillet dernier \u2013 l\u2019op\u00e9ration \u00ab\u00a0Vengeance\u00a0\u00bb semble bel et bien avoir \u00e9t\u00e9 un \u00e9chec.<\/p>\n\n\n\n<p><a href=\"https:\/\/www.jeuneafrique.com\/1620925\/politique\/convoi-de-larmee-malienne-et-de-wagner-vers-tinzawaten-operation-reussie-ou-offensive-avortee\/\"><\/a>Beaucoup s\u2019attendaient pourtant \u00e0 ce qu\u2019une offensive soit lanc\u00e9e contre les rebelles\u00a0du\u00a0Cadre strat\u00e9gique permanent pour la d\u00e9fense du peuple de l\u2019Azawad\u00a0(CSP-DPA), qui tiennent toujours cette ville situ\u00e9e \u00e0 la fronti\u00e8re alg\u00e9rienne, depuis la cinglante d\u00e9faite inflig\u00e9e aux Forces arm\u00e9es maliennes et \u00e0 Wagner en juillet dernier. \u00ab\u00a0La bataille de\u00a0juillet\u00a0est un affront qu\u2019il faut laver. Mais nous n\u2019allons pas foncer t\u00eate baiss\u00e9e,\u00a0ce qui explique le retour du convoi \u00e0 Kidal. La hi\u00e9rarchie a jug\u00e9 que toutes les conditions n\u2019\u00e9taient pas encore r\u00e9unies pour mener \u00e0 bien\u00a0cette\u00a0mission\u00a0\u00bb, a justifi\u00e9 une source militaire malienne aupr\u00e8s de\u00a0<em>Jeune Afrique.<\/em><\/p>\n\n\n\n<h2 class=\"wp-block-heading\">\u00ab&nbsp;Manque de professionnalisme&nbsp;\u00bb<\/h2>\n\n\n\n<p>Cette op\u00e9ration de grande envergure, durant laquelle une trentaine de v\u00e9hicules militaires ont \u00e9t\u00e9 d\u00e9ploy\u00e9s, transportant entre autres des soldats des forces d\u2019intervention et des \u00e9l\u00e9ments&nbsp;de&nbsp;la garde nationale, a aussi \u00e9t\u00e9 marqu\u00e9e par de fortes tensions entre militaires maliens et mercenaires de Wagner.&nbsp; Ces derniers, dans des boucles Telegram, ont multipli\u00e9 les messages acerbes, critiquant les militaires maliens pour leur suppos\u00e9 \u00ab&nbsp;manque&nbsp;de&nbsp;professionnalisme&nbsp;\u00bb.<\/p>\n\n\n\n<p>De quoi alimenter des tensions d\u00e9j\u00e0 latentes depuis plusieurs mois, analyse Mathieu Olivier dans le d\u00e9cryptage en vid\u00e9o que nous consacrons \u00e0 ce qui semble \u00eatre les pr\u00e9mices d\u2019un divorce entre Maliens et Russes. \u00ab&nbsp;Depuis l\u2019arriv\u00e9e de Wagner, il&nbsp;y&nbsp;a toujours eu une forme de m\u00e9pris de la part des mercenaires russes envers l\u2019arm\u00e9e malienne. Ils sont arriv\u00e9s dans une position de sauveurs et, donc, ils n\u2019avaient pas une tr\u00e8s bonne image de l\u2019arm\u00e9e malienne&nbsp;\u00bb, souligne-t-il. \u00ab&nbsp;Cela a&nbsp;pos\u00e9&nbsp;des probl\u00e8mes du c\u00f4t\u00e9 malien : les hauts grad\u00e9s maliens n\u2019ont jamais vraiment accept\u00e9 cette vision et d\u2019\u00eatre pris de haut par les mercenaires russes.&nbsp;\u00bb<\/p>\n\n\n\n<p>Ces tensions, qui ont d\u00e9sormais \u00e9t\u00e9 expos\u00e9es au grand jour, pourraient d\u00e9boucher sur un\u00a0changement\u00a0de strat\u00e9gie, qui passerait notamment par\u00a0un renforcement de la \u00ab\u00a0strat\u00e9gie des drones\u00a0\u00bb,\u00a0\u00e0 laquelle l\u2019arm\u00e9e malienne, \u00e0 l\u2019instar des arm\u00e9es burkinab\u00e8 et nig\u00e9rienne, a de plus en plus recours face aux jihadistes et autres\u00a0groupes\u00a0arm\u00e9s.<\/p>\n\n\n\n<p>SOURCE JEUNE AFRIQUE<\/p>\n","protected":false},"excerpt":{"rendered":"<p>L\u2019op\u00e9ration \u00ab&nbsp;Vengeance&nbsp;\u00bb, lanc\u00e9e par les Forces arm\u00e9es maliennes et les mercenaires du groupe Wagner sur Tinzawaten, s\u2019est sold\u00e9e par un<\/p>\n","protected":false},"author":1,"featured_media":8178,"comment_status":"open","ping_status":"open","sticky":false,"template":"","format":"standard","meta":{"footnotes":""},"categories":[51],"tags":[],"class_list":["post-44740","post","type-post","status-publish","format-standard","has-post-thumbnail","hentry","category-general"],"_links":{"self":[{"href":"https:\/\/dekkbi.com\/index.php?rest_route=\/wp\/v2\/posts\/44740","targetHints":{"allow":["GET"]}}],"collection":[{"href":"https:\/\/dekkbi.com\/index.php?rest_route=\/wp\/v2\/posts"}],"about":[{"href":"https:\/\/dekkbi.com\/index.php?rest_route=\/wp\/v2\/types\/post"}],"author":[{"embeddable":true,"href":"https:\/\/dekkbi.com\/index.php?rest_route=\/wp\/v2\/users\/1"}],"replies":[{"embeddable":true,"href":"https:\/\/dekkbi.com\/index.php?rest_route=%2Fwp%2Fv2%2Fcomments&post=44740"}],"version-history":[{"count":2,"href":"https:\/\/dekkbi.com\/index.php?rest_route=\/wp\/v2\/posts\/44740\/revisions"}],"predecessor-version":[{"id":44742,"href":"https:\/\/dekkbi.com\/index.php?rest_route=\/wp\/v2\/posts\/44740\/revisions\/44742"}],"wp:featuredmedia":[{"embeddable":true,"href":"https:\/\/dekkbi.com\/index.php?rest_route=\/wp\/v2\/media\/8178"}],"wp:attachment":[{"href":"https:\/\/dekkbi.com\/index.php?rest_route=%2Fwp%2Fv2%2Fmedia&parent=44740"}],"wp:term":[{"taxonomy":"category","embeddable":true,"href":"https:\/\/dekkbi.com\/index.php?rest_route=%2Fwp%2Fv2%2Fcategories&post=44740"},{"taxonomy":"post_tag","embeddable":true,"href":"https:\/\/dekkbi.com\/index.php?rest_route=%2Fwp%2Fv2%2Ftags&post=44740"}],"curies":[{"name":"wp","href":"https:\/\/api.w.org\/{rel}","templated":true}]}}