{"id":44737,"date":"2024-10-21T12:07:28","date_gmt":"2024-10-21T12:07:28","guid":{"rendered":"https:\/\/dekkbi.com\/?p=44737"},"modified":"2024-10-21T12:14:55","modified_gmt":"2024-10-21T12:14:55","slug":"lordre-des-medecins-reagit-a-la-visite-du-pape-et-se-dit-indigne-par-ses-propos-sur-lavortement","status":"publish","type":"post","link":"https:\/\/dekkbi.com\/?p=44737","title":{"rendered":"L\u2019Ordre des m\u00e9decins r\u00e9agit \u00e0 la visite du pape en Belgique et se dit \u201cindign\u00e9\u201d par ses propos sur l\u2019avortement"},"content":{"rendered":"\n<p>L\u2019Ordre des m\u00e9decins a r\u00e9agi lundi aux propos tenus par le pape au sujet de l\u2019avortement \u00e0 l\u2019issue de sa visite d\u2019\u00c9tat en Belgique fin septembre. Le souverain pontife avait qualifi\u00e9 les m\u00e9decins pratiquant l\u2019avortement de \u201ctueurs \u00e0 gages\u201d, ce qui suscite \u201cl\u2019indignation\u201d de l\u2019Ordre des m\u00e9decins.<\/p>\n\n\n\n<p><strong>Source:<\/strong>\u00a0Belga &#8211;  \u201cCes d\u00e9clarations offensantes sont inacceptables et ne respectent ni la dignit\u00e9 des professionnels de sant\u00e9 ni la complexit\u00e9 \u00e9thique des situations auxquelles ils sont confront\u00e9s\u201d, souligne l\u2019organisation dans un communiqu\u00e9. \u201cEn Belgique, les m\u00e9decins agissent dans le respect des lois en vigueur et dans une d\u00e9marche \u00e9thique, centr\u00e9e sur la sant\u00e9 et le bien-\u00eatre des patients.\u201d<\/p>\n\n\n\n<p>L\u2019Ordre rappelle que l\u2019interruption volontaire de grossesse est un acte m\u00e9dical effectu\u00e9 dans un cadre l\u00e9gislatif strict, avec une attention particuli\u00e8re port\u00e9e \u00e0 l\u2019\u00e9coute et au respect des patientes et de leur entourage. Il appelle \u00e0 \u201csoutenir l\u2019engagement\u201d des professionnels de la sant\u00e9 plut\u00f4t qu\u2019\u00e0 les \u201cstigmatiser\u201d.<\/p>\n\n\n\n<h2 class=\"wp-block-heading\">Vague de rejet du bapt\u00eame<\/h2>\n\n\n\n<p>Les propos du pape tenus lors de sa visite d\u2019\u00c9tat en Belgique et dans l\u2019avion qui le ramenait \u00e0 Rome, avaient suscit\u00e9 l\u2019indignation d\u2019une large part de la soci\u00e9t\u00e9 civile et du monde politique belge. En plus de qualifier les m\u00e9decins de \u201ctueurs \u00e0 gages\u201d, il avait \u00e9galement salu\u00e9 le \u201ccourage\u201d du roi Baudouin pour son refus de signer la loi d\u00e9p\u00e9nalisant partiellement l\u2019avortement en Belgique. Une loi que le pape Fran\u00e7ois a d\u00e9crite comme \u201cmeurtri\u00e8re\u201d. Il souhaite d\u2019ailleurs entamer le processus en b\u00e9atification du souverain d\u00e9c\u00e9d\u00e9 en 1993.<\/p>\n\n\n\n<p>En outre, plus de 520 personnes ont adress\u00e9 une lettre ouverte mercredi au nonce apostolique, \u00e0 l\u2019archev\u00eaque de Malines-Bruxelles et aux sept dioc\u00e8ses de l\u2019\u00c9glise catholique en Belgique, d\u00e9non\u00e7ant les propos du souverain pontife et demandant \u00e0 \u00eatre d\u00e9baptis\u00e9es.<\/p>\n","protected":false},"excerpt":{"rendered":"<p>L\u2019Ordre des m\u00e9decins a r\u00e9agi lundi aux propos tenus par le pape au sujet de l\u2019avortement \u00e0 l\u2019issue de sa<\/p>\n","protected":false},"author":1,"featured_media":44738,"comment_status":"open","ping_status":"open","sticky":false,"template":"","format":"standard","meta":{"footnotes":""},"categories":[51],"tags":[],"class_list":["post-44737","post","type-post","status-publish","format-standard","has-post-thumbnail","hentry","category-general"],"_links":{"self":[{"href":"https:\/\/dekkbi.com\/index.php?rest_route=\/wp\/v2\/posts\/44737","targetHints":{"allow":["GET"]}}],"collection":[{"href":"https:\/\/dekkbi.com\/index.php?rest_route=\/wp\/v2\/posts"}],"about":[{"href":"https:\/\/dekkbi.com\/index.php?rest_route=\/wp\/v2\/types\/post"}],"author":[{"embeddable":true,"href":"https:\/\/dekkbi.com\/index.php?rest_route=\/wp\/v2\/users\/1"}],"replies":[{"embeddable":true,"href":"https:\/\/dekkbi.com\/index.php?rest_route=%2Fwp%2Fv2%2Fcomments&post=44737"}],"version-history":[{"count":2,"href":"https:\/\/dekkbi.com\/index.php?rest_route=\/wp\/v2\/posts\/44737\/revisions"}],"predecessor-version":[{"id":44743,"href":"https:\/\/dekkbi.com\/index.php?rest_route=\/wp\/v2\/posts\/44737\/revisions\/44743"}],"wp:featuredmedia":[{"embeddable":true,"href":"https:\/\/dekkbi.com\/index.php?rest_route=\/wp\/v2\/media\/44738"}],"wp:attachment":[{"href":"https:\/\/dekkbi.com\/index.php?rest_route=%2Fwp%2Fv2%2Fmedia&parent=44737"}],"wp:term":[{"taxonomy":"category","embeddable":true,"href":"https:\/\/dekkbi.com\/index.php?rest_route=%2Fwp%2Fv2%2Fcategories&post=44737"},{"taxonomy":"post_tag","embeddable":true,"href":"https:\/\/dekkbi.com\/index.php?rest_route=%2Fwp%2Fv2%2Ftags&post=44737"}],"curies":[{"name":"wp","href":"https:\/\/api.w.org\/{rel}","templated":true}]}}