{"id":44732,"date":"2024-10-21T12:00:22","date_gmt":"2024-10-21T12:00:22","guid":{"rendered":"https:\/\/dekkbi.com\/?p=44732"},"modified":"2024-10-21T12:00:23","modified_gmt":"2024-10-21T12:00:23","slug":"france-examen-du-budget-2025-a-lassemblee-nationale-le-gouvernement-barnier-a-lepreuve","status":"publish","type":"post","link":"https:\/\/dekkbi.com\/?p=44732","title":{"rendered":"France: examen du budget 2025 \u00e0 l\u2019Assembl\u00e9e nationale, le gouvernement Barnier \u00e0 l\u2019\u00e9preuve"},"content":{"rendered":"\n<p>Lundi 21 octobre, l\u2019examen du budget commence \u00e0 l\u2019Assembl\u00e9e nationale. Les d\u00e9put\u00e9s se pencheront sur la partie \u00ab&nbsp;<em>recettes&nbsp;<\/em>\u00bb d&rsquo;un budget de l&rsquo;\u00c9tat \u00e0 60 milliards d&rsquo;\u00e9conomies. Mais les mesures phares vont se heurter \u00e0 un mur des oppositions, voire de certains soutiens de Michel Barnier, l&rsquo;actuel Premier ministre. Son tout jeune gouvernement joue donc beaucoup dans l&rsquo;h\u00e9micycle.&nbsp;<\/p>\n\n\n\n<p>Par :RFI avec AFP<\/p>\n\n\n\n<p>Le coup d&rsquo;envoi des d\u00e9bats \u00e0 21\u00a0h\u00a030, lundi 21 octobre, lancera pour de bon les semaines les plus importantes du tout jeune gouvernement Barnier, avec l\u2019examen\u00a0<strong>du budget 2025<\/strong>. Dans une interview donn\u00e9e la veille au\u00a0<em>Journal du Dimanche<\/em>,\u00a0<strong>Michel Barnier<\/strong>\u00a0affirme avoir choisi sa ligne\u00a0:\u00a0<em>\u00ab\u00a0Nous faisons le pari de laisser la discussion se d\u00e9rouler \u00e0 l\u2019Assembl\u00e9e nationale<\/em>\u00a0\u00bb, a-t-il d\u00e9clar\u00e9. Une mani\u00e8re de sous-entendre qu\u2019il ne projette pas de couper court rapidement aux d\u00e9bats, estime notre journaliste politique,\u00a0<strong>Val\u00e9rie Gas<\/strong>. Mais cela ne signifie pas pour autant qu\u2019il pourra \u00e9viter de recourir \u00e0 l\u2019article 49.3 de la Constitution, en cas de blocage.<\/p>\n\n\n\n<h2 class=\"wp-block-heading\">Motion de rejet LFI<\/h2>\n\n\n\n<p>Le pr\u00e9sident Insoumis de la commission des finances \u00c9ric Coquerel a d\u00e9j\u00e0 annonc\u00e9 que le groupe LFI pr\u00e9senterait une motion de rejet pr\u00e9alable du texte. \u00ab&nbsp;<em>On sait qu&rsquo;elle ne passera pas, on n&rsquo;a pas envie qu&rsquo;elle passe<\/em>&nbsp;\u00bb, mais \u00ab&nbsp;<em>ce n&rsquo;est pas de trop pour expliquer en quoi ce budget est mauvais<\/em>&nbsp;\u00bb, a expos\u00e9 \u00c9ric Coquerel sur la radio fran\u00e7aise RTL, \u00e0 quelques heures du coup d&rsquo;envoi de l&rsquo;examen du budget dans l&rsquo;h\u00e9micycle. Le Rassemblement national ayant d\u00e9j\u00e0 annonc\u00e9 que ses d\u00e9put\u00e9s ne la voteraient pas, cette motion de rejet pr\u00e9alable a tr\u00e8s peu de chances d&rsquo;aboutir.<\/p>\n\n\n\n<p>&nbsp;<em>\u00ab&nbsp;On veut faire en sorte de pousser le gouvernement soit \u00e0 accepter sa d\u00e9faite parce qu&rsquo;on gagnera \u00e0 la fin, soit \u00e0 mettre un 49-3 qui nous permettra de faire une motion de censure et on verra bien ce que fait le RN dans ce cas-l\u00e0<\/em>&nbsp;\u00bb, a poursuivi le pr\u00e9sident de la commission des finances.<\/p>\n\n\n\n<p>De son c\u00f4t\u00e9, le pr\u00e9sident du RN\u00a0<strong>Jordan Bardella<\/strong>\u00a0a continu\u00e9 de laisser planer la menace d&rsquo;un vote de censure contre le gouvernement sur le budget 2025 \u00ab\u00a0<em>si des lignes rouges \u00e9taient franchies<\/em>\u00a0\u00bb. Sur Europe 1 et Cnews, les cha\u00eenes ultra-conservatrices du groupe Vivendi, aux mains de l\u2019homme d\u2019affaires\u00a0<strong>Vincent Bollor\u00e9,\u00a0<\/strong>Jordan Bardella a fustig\u00e9 un budget \u00ab\u00a0<em>sans cap ni coh\u00e9rence\u00a0<\/em>\u00bb.<\/p>\n\n\n\n<h2 class=\"wp-block-heading\">R\u00e9duire le d\u00e9ficit<\/h2>\n\n\n\n<p>Il y a donc d\u2019abord un enjeu de m\u00e9thode pour Michel Barnier qui, depuis sa nomination, affirme qu\u2019il est ouvert au dialogue et preneur des bonnes id\u00e9es. Il doit d\u00e9sormais le d\u00e9montrer, en tenant compte du pr\u00e9c\u00e9dent d\u00e9bat budg\u00e9taire o\u00f9 Elisabeth Borne avait \u00e9t\u00e9 critiqu\u00e9e pour ses nombreux usages du 49.3, rapporte notre journaliste Val\u00e9rie Gas.<\/p>\n\n\n\n<p>Le Premier ministre est ainsi sous une double contrainte\u00a0: ne pas appara\u00eetre brutal tout en ne c\u00e9dant pas sur l\u2019\u00e9quilibre du texte entre hausse des taxes et\u00a0<strong>r\u00e9duction des d\u00e9penses pour baisser les d\u00e9ficits<\/strong>. Il s\u2019agit effectivement de son objectif prioritaire face \u00e0 des oppositions sans concessions et avec un bloc gouvernemental divis\u00e9, \u00e9crit notre journaliste Val\u00e9rie Gas.<\/p>\n\n\n\n<p><\/p>\n","protected":false},"excerpt":{"rendered":"<p>Lundi 21 octobre, l\u2019examen du budget commence \u00e0 l\u2019Assembl\u00e9e nationale. Les d\u00e9put\u00e9s se pencheront sur la partie \u00ab&nbsp;recettes&nbsp;\u00bb d&rsquo;un budget<\/p>\n","protected":false},"author":1,"featured_media":43759,"comment_status":"open","ping_status":"open","sticky":false,"template":"","format":"standard","meta":{"footnotes":""},"categories":[51],"tags":[],"class_list":["post-44732","post","type-post","status-publish","format-standard","has-post-thumbnail","hentry","category-general"],"_links":{"self":[{"href":"https:\/\/dekkbi.com\/index.php?rest_route=\/wp\/v2\/posts\/44732","targetHints":{"allow":["GET"]}}],"collection":[{"href":"https:\/\/dekkbi.com\/index.php?rest_route=\/wp\/v2\/posts"}],"about":[{"href":"https:\/\/dekkbi.com\/index.php?rest_route=\/wp\/v2\/types\/post"}],"author":[{"embeddable":true,"href":"https:\/\/dekkbi.com\/index.php?rest_route=\/wp\/v2\/users\/1"}],"replies":[{"embeddable":true,"href":"https:\/\/dekkbi.com\/index.php?rest_route=%2Fwp%2Fv2%2Fcomments&post=44732"}],"version-history":[{"count":1,"href":"https:\/\/dekkbi.com\/index.php?rest_route=\/wp\/v2\/posts\/44732\/revisions"}],"predecessor-version":[{"id":44733,"href":"https:\/\/dekkbi.com\/index.php?rest_route=\/wp\/v2\/posts\/44732\/revisions\/44733"}],"wp:featuredmedia":[{"embeddable":true,"href":"https:\/\/dekkbi.com\/index.php?rest_route=\/wp\/v2\/media\/43759"}],"wp:attachment":[{"href":"https:\/\/dekkbi.com\/index.php?rest_route=%2Fwp%2Fv2%2Fmedia&parent=44732"}],"wp:term":[{"taxonomy":"category","embeddable":true,"href":"https:\/\/dekkbi.com\/index.php?rest_route=%2Fwp%2Fv2%2Fcategories&post=44732"},{"taxonomy":"post_tag","embeddable":true,"href":"https:\/\/dekkbi.com\/index.php?rest_route=%2Fwp%2Fv2%2Ftags&post=44732"}],"curies":[{"name":"wp","href":"https:\/\/api.w.org\/{rel}","templated":true}]}}