{"id":44685,"date":"2024-10-21T10:45:54","date_gmt":"2024-10-21T10:45:54","guid":{"rendered":"https:\/\/dekkbi.com\/?p=44685"},"modified":"2024-10-21T10:45:54","modified_gmt":"2024-10-21T10:45:54","slug":"117-senegalais-de-retour-du-liban-ladha-appelle-a-une-reinsertion-digne-et-exhorte-letat-a-plus-de-reactivite","status":"publish","type":"post","link":"https:\/\/dekkbi.com\/?p=44685","title":{"rendered":"117 S\u00e9n\u00e9galais de retour du Liban : L\u2019ADHA appelle \u00e0 une r\u00e9insertion digne et exhorte l&rsquo;\u00c9tat \u00e0 plus de r\u00e9activit\u00e9"},"content":{"rendered":"\n<h3 class=\"wp-block-heading\">L&rsquo;ONG Action pour les Droits Humains et l\u2019Amiti\u00e9 (ADHA) a exprim\u00e9 sa profonde reconnaissance \u00e0 la presse nationale et internationale pour la couverture \u00e9tendue de sa conf\u00e9rence de presse du 18 octobre 2024, consacr\u00e9e \u00e0 la situation des S\u00e9n\u00e9galais au Liban. \u00ab Gr\u00e2ce \u00e0 l\u2019engagement des m\u00e9dias, l\u2019opinion publique a \u00e9t\u00e9 sensibilis\u00e9e \u00e0 la situation alarmante de nos compatriotes, pris au pi\u00e8ge d\u2019un conflit marqu\u00e9 par des bombardements quotidiens. Ce relais m\u00e9diatique a permis d\u2019attirer l\u2019attention sur leur d\u00e9tresse et d\u2019amplifier les efforts de mobilisation \u00bb, magnifie leur communiqu\u00e9.<\/h3>\n\n\n\n<p>C\u2019est en ce sens que ADHA salue le rapatriement de 117 compatriotes organis\u00e9 par les autorit\u00e9s s\u00e9n\u00e9galaises, qui ont pu regagner le S\u00e9n\u00e9gal le 19 octobre. Toutefois, l\u2019association exhorte le gouvernement \u00e0 renforcer ses efforts afin de faciliter le retour des S\u00e9n\u00e9galais encore bloqu\u00e9s dans cette zone de conflit.<\/p>\n\n\n\n<p>\u00ab Ce rapatriement constitue une avanc\u00e9e collective, mais il ne repr\u00e9sente qu\u2019une premi\u00e8re \u00e9tape vers la r\u00e9int\u00e9gration compl\u00e8te de ces personnes ayant v\u00e9cu des traumatismes s\u00e9v\u00e8res \u00bb, souligne l\u2019ONG.<\/p>\n\n\n\n<p>L&rsquo;ADHA appelle l\u2019\u00c9tat du S\u00e9n\u00e9gal et les institutions comp\u00e9tentes \u00e0 mettre en place des mesures d\u2019accompagnement globales psychologiques, sanitaires et socio-\u00e9conomiques pour garantir une r\u00e9insertion digne et efficace de ces rapatri\u00e9s.<\/p>\n\n\n\n<p>L\u2019association insiste \u00e9galement sur la n\u00e9cessit\u00e9 de traiter ces compatriotes avec dignit\u00e9, quelle que soit la mani\u00e8re dont ils sont rentr\u00e9s au pays, que ce soit par des vols commerciaux ou dans le cadre du rapatriement organis\u00e9. Personne ne doit \u00eatre n\u00e9glig\u00e9, et chaque individu doit b\u00e9n\u00e9ficier d\u2019un acc\u00e8s \u00e9quitable aux soins et aux programmes de r\u00e9habilitation.<\/p>\n\n\n\n<p>L&rsquo;ADHA appelle enfin les autorit\u00e9s s\u00e9n\u00e9galaises \u00e0 faire preuve de davantage de r\u00e9activit\u00e9 et \u00e0 renforcer leur assistance, \u00e0 l\u2019image de ce qui est observ\u00e9 dans d\u2019autres pays, afin d\u2019\u00e9viter de nouvelles trag\u00e9dies.<br>\u00ab Toujours mobilis\u00e9e, l\u2019ADHA reste vigilante pour veiller au respect des droits fondamentaux de tous les S\u00e9n\u00e9galais, en particulier en ces temps de crise. \u00bb, Conclut le communiqu\u00e9.<\/p>\n\n\n\n<p>SOURCE LERAL<\/p>\n","protected":false},"excerpt":{"rendered":"<p>L&rsquo;ONG Action pour les Droits Humains et l\u2019Amiti\u00e9 (ADHA) a exprim\u00e9 sa profonde reconnaissance \u00e0 la presse nationale et internationale<\/p>\n","protected":false},"author":1,"featured_media":44686,"comment_status":"open","ping_status":"open","sticky":false,"template":"","format":"standard","meta":{"footnotes":""},"categories":[21],"tags":[],"class_list":["post-44685","post","type-post","status-publish","format-standard","has-post-thumbnail","hentry","category-societe"],"_links":{"self":[{"href":"https:\/\/dekkbi.com\/index.php?rest_route=\/wp\/v2\/posts\/44685","targetHints":{"allow":["GET"]}}],"collection":[{"href":"https:\/\/dekkbi.com\/index.php?rest_route=\/wp\/v2\/posts"}],"about":[{"href":"https:\/\/dekkbi.com\/index.php?rest_route=\/wp\/v2\/types\/post"}],"author":[{"embeddable":true,"href":"https:\/\/dekkbi.com\/index.php?rest_route=\/wp\/v2\/users\/1"}],"replies":[{"embeddable":true,"href":"https:\/\/dekkbi.com\/index.php?rest_route=%2Fwp%2Fv2%2Fcomments&post=44685"}],"version-history":[{"count":1,"href":"https:\/\/dekkbi.com\/index.php?rest_route=\/wp\/v2\/posts\/44685\/revisions"}],"predecessor-version":[{"id":44687,"href":"https:\/\/dekkbi.com\/index.php?rest_route=\/wp\/v2\/posts\/44685\/revisions\/44687"}],"wp:featuredmedia":[{"embeddable":true,"href":"https:\/\/dekkbi.com\/index.php?rest_route=\/wp\/v2\/media\/44686"}],"wp:attachment":[{"href":"https:\/\/dekkbi.com\/index.php?rest_route=%2Fwp%2Fv2%2Fmedia&parent=44685"}],"wp:term":[{"taxonomy":"category","embeddable":true,"href":"https:\/\/dekkbi.com\/index.php?rest_route=%2Fwp%2Fv2%2Fcategories&post=44685"},{"taxonomy":"post_tag","embeddable":true,"href":"https:\/\/dekkbi.com\/index.php?rest_route=%2Fwp%2Fv2%2Ftags&post=44685"}],"curies":[{"name":"wp","href":"https:\/\/api.w.org\/{rel}","templated":true}]}}