{"id":44679,"date":"2024-10-21T10:38:42","date_gmt":"2024-10-21T10:38:42","guid":{"rendered":"https:\/\/dekkbi.com\/?p=44679"},"modified":"2024-10-21T10:38:42","modified_gmt":"2024-10-21T10:38:42","slug":"bougane-gueye-dany-en-garde-a-vue-a-bakel","status":"publish","type":"post","link":"https:\/\/dekkbi.com\/?p=44679","title":{"rendered":"\u00a0Bougane Gueye Dany en garde \u00e0 vue \u00e0 Bakel"},"content":{"rendered":"\n<p>Bakel, 21 oct, (APS) \u2013 Le leader du Mouvement Geum sa Bopp (opposition), Bougane Gueye Dany, est en garde \u00e0 vue depuis, samedi, \u00e0 Bakel (est) pour refus d\u2019obtemp\u00e9rer alors qu\u2019il se rendait aupr\u00e8s des populations victimes de la crue du Fleuve S\u00e9n\u00e9gal, a-t-on appris de sources s\u00e9curitaire et judiciaire.<\/p>\n\n\n\n<p>\u201dCe samedi 19 octobre 2024, vers 13 heures 40 minutes, la Brigade de gendarmerie territoriale de Bakel a proc\u00e9d\u00e9 \u00e0 l\u2019interpellation de Monsieur Bougane Gu\u00e8ye Dany, pour refus d\u2019obtemp\u00e9rer\u201d, indique la gendarmerie nationale dans un communiqu\u00e9, signalant que M. Gueye, en provenance de Semm\u00e9, se rendait \u00e0 Bakel.<\/p>\n\n\n\n<p>Une fois arriv\u00e9 au poste de gendarmerie de Bondji, son cort\u00e8ge compos\u00e9 de 13 v\u00e9hicules a \u00e9t\u00e9 arr\u00eat\u00e9 par les gendarmes qui lui ont notifi\u00e9 qu\u2019il \u2018\u2019devait marquer un arr\u00eat momentan\u00e9, pour des raisons de s\u00e9curit\u00e9, afin de laisser passer le convoi de (\u2026) Monsieur le pr\u00e9sident de la R\u00e9publique\u2019\u2019 et qu\u2019il pourrait ensuite \u2018\u2019continuer sa route apr\u00e8s le d\u00e9part de l\u2019autorit\u00e9\u2019\u2019.<\/p>\n\n\n\n<p>Selon la m\u00eame source, le leader de Geum Sa Bopp, membre de la coalition Samm Sa Kaddu pour les l\u00e9gislatives du 17 novembre, \u201da cat\u00e9goriquement refus\u00e9 de se conformer aux instructions des Gendarmes\u2019\u2019 et \u2018\u2019a d\u00e9cid\u00e9 de passer le barrage en force, en invitant le reste du cort\u00e8ge \u00e0 le suivre\u2019\u2019.<\/p>\n\n\n\n<p>Elle ajoute que le commandant de la compagnie de gendarmerie de Bakel \u2018\u2019a fait intervenir un peloton de l\u2019Escadron de Surveillance et d\u2019Intervention (ESI) en renfort, pour intercepter le convoi au niveau du pont de Tourime, un village situ\u00e9 \u00e0 12 km de Bondji, sur la route de Bakel.<\/p>\n\n\n\n<p>Selon le communiqu\u00e9, \u2018\u2019le commandant d\u2019unit\u00e9 a fait proc\u00e9der \u00e0 l\u2019interpellation de Monsieur Bougane Gu\u00e8ye Dany, pour refus d\u2019obtemp\u00e9rer\u2019\u2019.&nbsp;\u2018\u2019Il a \u00e9t\u00e9 conduit aussit\u00f4t aupr\u00e8s de l\u2019officier de Police judiciaire territorialement comp\u00e9tent, \u00e0 la brigade de gendarmerie de Bakel\u2019\u2019, conclut le document.<\/p>\n\n\n\n<p>Son avocat Ma\u00eetre Elhadji Diouf a annonc\u00e9 que Bougane Gu\u00e8ye Dany pourrait \u00eatre d\u00e9f\u00e9r\u00e9 au procureur de Tambacounda.<\/p>\n\n\n\n<p>AND\/ABD\/OID<\/p>\n","protected":false},"excerpt":{"rendered":"<p>Bakel, 21 oct, (APS) \u2013 Le leader du Mouvement Geum sa Bopp (opposition), Bougane Gueye Dany, est en garde \u00e0<\/p>\n","protected":false},"author":1,"featured_media":44680,"comment_status":"open","ping_status":"open","sticky":false,"template":"","format":"standard","meta":{"footnotes":""},"categories":[26],"tags":[],"class_list":["post-44679","post","type-post","status-publish","format-standard","has-post-thumbnail","hentry","category-fait-divers"],"_links":{"self":[{"href":"https:\/\/dekkbi.com\/index.php?rest_route=\/wp\/v2\/posts\/44679","targetHints":{"allow":["GET"]}}],"collection":[{"href":"https:\/\/dekkbi.com\/index.php?rest_route=\/wp\/v2\/posts"}],"about":[{"href":"https:\/\/dekkbi.com\/index.php?rest_route=\/wp\/v2\/types\/post"}],"author":[{"embeddable":true,"href":"https:\/\/dekkbi.com\/index.php?rest_route=\/wp\/v2\/users\/1"}],"replies":[{"embeddable":true,"href":"https:\/\/dekkbi.com\/index.php?rest_route=%2Fwp%2Fv2%2Fcomments&post=44679"}],"version-history":[{"count":1,"href":"https:\/\/dekkbi.com\/index.php?rest_route=\/wp\/v2\/posts\/44679\/revisions"}],"predecessor-version":[{"id":44681,"href":"https:\/\/dekkbi.com\/index.php?rest_route=\/wp\/v2\/posts\/44679\/revisions\/44681"}],"wp:featuredmedia":[{"embeddable":true,"href":"https:\/\/dekkbi.com\/index.php?rest_route=\/wp\/v2\/media\/44680"}],"wp:attachment":[{"href":"https:\/\/dekkbi.com\/index.php?rest_route=%2Fwp%2Fv2%2Fmedia&parent=44679"}],"wp:term":[{"taxonomy":"category","embeddable":true,"href":"https:\/\/dekkbi.com\/index.php?rest_route=%2Fwp%2Fv2%2Fcategories&post=44679"},{"taxonomy":"post_tag","embeddable":true,"href":"https:\/\/dekkbi.com\/index.php?rest_route=%2Fwp%2Fv2%2Ftags&post=44679"}],"curies":[{"name":"wp","href":"https:\/\/api.w.org\/{rel}","templated":true}]}}