{"id":4464,"date":"2022-12-07T12:27:13","date_gmt":"2022-12-07T12:27:13","guid":{"rendered":"https:\/\/dekkbi.com\/?p=4464"},"modified":"2022-12-07T14:16:03","modified_gmt":"2022-12-07T14:16:03","slug":"modernisation-de-letat-civil-letat-met-50-milliards-dans-les-actes","status":"publish","type":"post","link":"https:\/\/dekkbi.com\/?p=4464","title":{"rendered":"Modernisation de l\u2019\u00e9tat-civil: L\u2019\u00c9tat met 50 milliards"},"content":{"rendered":"\n<p><strong>Si la gestion des actes d\u2019\u00e9tat civil est un s\u00e9rieux probl\u00e8me, l\u2019Etat essaie de sauver les meubles en investissant massivement dans son programme de modernisation. En plus des 18 milliards offerts par l\u2019Ue, le gouvernement a annonc\u00e9 un financement suppl\u00e9mentaire de 50 milliards F Cfa, pour prendre en charge la sauvegarde et la s\u00e9curisation des donn\u00e9es.<\/strong><\/p>\n\n\n\n<p><strong>Par Justin GOMIS \u2013<\/strong>&nbsp;Avec le programme Nekkal, l\u2019Etat tente de moderniser l\u2019\u00e9tat civil. C\u2019est un s\u00e9rieux probl\u00e8me, mais les autorit\u00e9s semblent, selon leurs dires, assez avanc\u00e9es gr\u00e2ce au projet de num\u00e9risation de ces actes financ\u00e9 par un don de l\u2019Union europ\u00e9enne \u00e0 hauteur de 18&nbsp;milliards F Cfa.&nbsp;\u00abL\u2019\u00e9tat civil est \u00e9rig\u00e9 en priorit\u00e9 nationale depuis 2015 par le chef de l\u2019Etat\u00bb, avance Mamadou Talla, ministre des Collectivit\u00e9s territoriales, de l\u2019am\u00e9nagement et du d\u00e9veloppement des territoires dont le budget a \u00e9t\u00e9 approuv\u00e9 hier par l\u2019Assembl\u00e9e nationale. Il ajoute&nbsp;: \u00abEn plus de ce montant, un financement suppl\u00e9mentaire de 50 milliards F Cfa est pr\u00e9vu, pour prendre en charge la sauvegarde et la s\u00e9curisation des donn\u00e9es.\u00bb D\u00e9j\u00e0, il a \u00e9t\u00e9 proc\u00e9d\u00e9 au d\u00e9marrage de la num\u00e9risation de 15 millions d\u2019actes sur un total de 30 millions, \u00abafin de permettre \u00e0 tout citoyen de pouvoir disposer de son extrait de naissance partout au S\u00e9n\u00e9gal, gr\u00e2ce \u00e0 l\u2019interconnexion en cours de mise en \u0153uvre\u00bb. C\u2019est une modernisation du syst\u00e8me qui va soulager des millions de personnes soumises parfois aux al\u00e9as du syst\u00e8me actuel. \u00abC\u2019est au terme de ce travail pr\u00e9alable, avec la formation de l\u2019ensemble des acteurs concern\u00e9s et l\u2019ach\u00e8vement des travaux de construction des centres d\u2019\u00e9tat civil \u00e0 l\u2019\u00e9chelle nationale, que la num\u00e9risation sera effective sur toute l\u2019\u00e9tendue du territoire national\u00bb, pr\u00e9cise en revanche Mamadou Talla. Il encha\u00eene&nbsp;: \u00abMon d\u00e9partement envisage, en termes de perspectives, l\u2019inscription \u00e0 l\u2019\u00e9tat civil d\u00e8s la naissance pour permettre de rem\u00e9dier aux probl\u00e8mes de d\u00e9faut d\u2019extrait de naissance des \u00e9l\u00e8ves.\u00bb<\/p>\n\n\n\n<p>S\u2019il y a cette pr\u00e9occupation li\u00e9e \u00e0 la modernisation de l\u2019infrastructure, c\u2019est bien la situation socio-professionnelle des officiers d\u2019\u00e9tat civil. Mais, Mamadou Talla se veut rassurant en assurant que ses services ont travaill\u00e9 sur un document de proposition, en vue de revoir \u00e0 la hausse les indemnit\u00e9s de \u00abl\u2019officier principal d\u2019\u00e9tat civil, de 30 000 \u00e0 60 000 F Cfa, et de celles de l\u2019adjoint, de 15 000 \u00e0 30&nbsp;000 F Cfa par mois\u00bb. Quid de la revalorisation des \u00e9moluments des fonctionnaires des collectivit\u00e9s territoriales qui sont en gr\u00e8ve depuis plusieurs semaines pour la r\u00e9clamer&nbsp;? Il cite l\u2019article 29 de la loi n\u00b0 2011-08 du 30 mars 2011 relative au Statut g\u00e9n\u00e9ral des fonctionnaires des collectivit\u00e9s territoriales, qui pr\u00e9voit l\u2019augmentation d\u2019office de la r\u00e9mun\u00e9ration de ces fonctionnaires, \u00e0 la suite de celle des fonctionnaires de l\u2019Etat. Par contre, il y a un hic,&nbsp;car l\u2019article 30 dudit statut dispose que cette r\u00e9mun\u00e9ration et les indemnit\u00e9s sont \u00e0 la charge des collectivit\u00e9s territoriales ou du service utilisateur.<\/p>\n\n\n\n<p>Malgr\u00e9 cette situation, le ministre esp\u00e8re qu\u2019une solution sera trouv\u00e9e apr\u00e8s qu\u2019il a re\u00e7u les dirigeants de l\u2019Intersyndicale des travailleurs des collectivit\u00e9s territoriales. \u00abEt un travail de recensement exhaustif sera entrepris pour l\u2019identification des agents concern\u00e9s, afin d\u2019envisager les modalit\u00e9s de prise en charge de cette question\u00bb, pr\u00e9cise-t-il.<\/p>\n\n\n\n<p>Il faut savoir que le budget 2023 du minist\u00e8re des Collectivit\u00e9s territoriales, de l\u2019am\u00e9nagement et du d\u00e9veloppement des territoires a \u00e9t\u00e9 arr\u00eat\u00e9 \u00e0 129 milliards 196&nbsp;millions 126 mille 545 F Cfa en autorisations d\u2019engagement (Ae) et en cr\u00e9dits de paiement.<\/p>\n","protected":false},"excerpt":{"rendered":"<p>Si la gestion des actes d\u2019\u00e9tat civil est un s\u00e9rieux probl\u00e8me, l\u2019Etat essaie de sauver les meubles en investissant massivement<\/p>\n","protected":false},"author":1,"featured_media":4465,"comment_status":"open","ping_status":"open","sticky":false,"template":"","format":"standard","meta":{"footnotes":""},"categories":[21],"tags":[],"class_list":["post-4464","post","type-post","status-publish","format-standard","has-post-thumbnail","hentry","category-societe"],"_links":{"self":[{"href":"https:\/\/dekkbi.com\/index.php?rest_route=\/wp\/v2\/posts\/4464","targetHints":{"allow":["GET"]}}],"collection":[{"href":"https:\/\/dekkbi.com\/index.php?rest_route=\/wp\/v2\/posts"}],"about":[{"href":"https:\/\/dekkbi.com\/index.php?rest_route=\/wp\/v2\/types\/post"}],"author":[{"embeddable":true,"href":"https:\/\/dekkbi.com\/index.php?rest_route=\/wp\/v2\/users\/1"}],"replies":[{"embeddable":true,"href":"https:\/\/dekkbi.com\/index.php?rest_route=%2Fwp%2Fv2%2Fcomments&post=4464"}],"version-history":[{"count":2,"href":"https:\/\/dekkbi.com\/index.php?rest_route=\/wp\/v2\/posts\/4464\/revisions"}],"predecessor-version":[{"id":4502,"href":"https:\/\/dekkbi.com\/index.php?rest_route=\/wp\/v2\/posts\/4464\/revisions\/4502"}],"wp:featuredmedia":[{"embeddable":true,"href":"https:\/\/dekkbi.com\/index.php?rest_route=\/wp\/v2\/media\/4465"}],"wp:attachment":[{"href":"https:\/\/dekkbi.com\/index.php?rest_route=%2Fwp%2Fv2%2Fmedia&parent=4464"}],"wp:term":[{"taxonomy":"category","embeddable":true,"href":"https:\/\/dekkbi.com\/index.php?rest_route=%2Fwp%2Fv2%2Fcategories&post=4464"},{"taxonomy":"post_tag","embeddable":true,"href":"https:\/\/dekkbi.com\/index.php?rest_route=%2Fwp%2Fv2%2Ftags&post=4464"}],"curies":[{"name":"wp","href":"https:\/\/api.w.org\/{rel}","templated":true}]}}