{"id":4461,"date":"2022-12-07T12:25:14","date_gmt":"2022-12-07T12:25:14","guid":{"rendered":"https:\/\/dekkbi.com\/?p=4461"},"modified":"2022-12-07T12:25:15","modified_gmt":"2022-12-07T12:25:15","slug":"non-cumul-des-mandats-birame-souleye-diop-prefere-lassemblee-a-sa-mairie","status":"publish","type":"post","link":"https:\/\/dekkbi.com\/?p=4461","title":{"rendered":"Non-cumul des mandats: Birame Souleye Diop pr\u00e9f\u00e8re l\u2019Assembl\u00e9e \u00e0 sa mairie"},"content":{"rendered":"\n<p>La question du cumul des mandats est en passe d\u2019\u00eatre r\u00e9gl\u00e9e chez Birame Souleye Diop. Le d\u00e9put\u00e9-maire de la commune de Thi\u00e8s-Nord a d\u00e9cid\u00e9 de quitter ses fonctions de premier magistrat de sa collectivit\u00e9 territoriale. Le parlementaire en a fait l\u2019annonce hier lors de sa prise de parole, \u00e0 l\u2019Assembl\u00e9e nationale. C\u2019\u00e9tait \u00e0 l\u2019occasion du vote du projet de budget du minist\u00e8re des Collectivit\u00e9s territoriales. Birame Souleye Diop a d\u00e9clar\u00e9 qu\u2019il quittera ses fonctions de maire de la commune de Thi\u00e8s-Nord d\u00e8s le d\u00e9but du mois de janvier 2023. Le ministre des Collectivit\u00e9s territoriales et de l\u2019am\u00e9nagement du territoire, Mamadou Talla, et les d\u00e9put\u00e9s ont entendu M. Diop annoncer : \u00abNous avons 38 d\u00e9put\u00e9s-maires. Ils seront 37 bient\u00f4t, car je compte partir en janvier\u00bb prochain.<\/p>\n\n\n\n<p>Les propos du pr\u00e9sident du groupe parlementaire Yewwi askan wi (Yaw), tenus au sein de l\u2019H\u00e9micycle, renseignent sur la volont\u00e9 du N\u00b02 de Pastef d\u2019aller dans le sens des conseillers municipaux de sa localit\u00e9 affili\u00e9s \u00e0 la mouvance pr\u00e9sidentielle. Ces derniers souhaitaient voir leur \u00e9dile respecter une promesse de Pastef, son parti.<\/p>\n","protected":false},"excerpt":{"rendered":"<p>La question du cumul des mandats est en passe d\u2019\u00eatre r\u00e9gl\u00e9e chez Birame Souleye Diop. Le d\u00e9put\u00e9-maire de la commune<\/p>\n","protected":false},"author":1,"featured_media":4462,"comment_status":"open","ping_status":"open","sticky":false,"template":"","format":"standard","meta":{"footnotes":""},"categories":[6],"tags":[],"class_list":["post-4461","post","type-post","status-publish","format-standard","has-post-thumbnail","hentry","category-politics"],"_links":{"self":[{"href":"https:\/\/dekkbi.com\/index.php?rest_route=\/wp\/v2\/posts\/4461","targetHints":{"allow":["GET"]}}],"collection":[{"href":"https:\/\/dekkbi.com\/index.php?rest_route=\/wp\/v2\/posts"}],"about":[{"href":"https:\/\/dekkbi.com\/index.php?rest_route=\/wp\/v2\/types\/post"}],"author":[{"embeddable":true,"href":"https:\/\/dekkbi.com\/index.php?rest_route=\/wp\/v2\/users\/1"}],"replies":[{"embeddable":true,"href":"https:\/\/dekkbi.com\/index.php?rest_route=%2Fwp%2Fv2%2Fcomments&post=4461"}],"version-history":[{"count":1,"href":"https:\/\/dekkbi.com\/index.php?rest_route=\/wp\/v2\/posts\/4461\/revisions"}],"predecessor-version":[{"id":4463,"href":"https:\/\/dekkbi.com\/index.php?rest_route=\/wp\/v2\/posts\/4461\/revisions\/4463"}],"wp:featuredmedia":[{"embeddable":true,"href":"https:\/\/dekkbi.com\/index.php?rest_route=\/wp\/v2\/media\/4462"}],"wp:attachment":[{"href":"https:\/\/dekkbi.com\/index.php?rest_route=%2Fwp%2Fv2%2Fmedia&parent=4461"}],"wp:term":[{"taxonomy":"category","embeddable":true,"href":"https:\/\/dekkbi.com\/index.php?rest_route=%2Fwp%2Fv2%2Fcategories&post=4461"},{"taxonomy":"post_tag","embeddable":true,"href":"https:\/\/dekkbi.com\/index.php?rest_route=%2Fwp%2Fv2%2Ftags&post=4461"}],"curies":[{"name":"wp","href":"https:\/\/api.w.org\/{rel}","templated":true}]}}