{"id":44573,"date":"2024-10-17T13:40:47","date_gmt":"2024-10-17T13:40:47","guid":{"rendered":"https:\/\/dekkbi.com\/?p=44573"},"modified":"2024-10-17T13:40:47","modified_gmt":"2024-10-17T13:40:47","slug":"psg-une-juge-enquete-apres-une-plainte-contre-le-fichage-ethnique-de-joueurs-des-annees-2010","status":"publish","type":"post","link":"https:\/\/dekkbi.com\/?p=44573","title":{"rendered":"PSG: une juge enqu\u00eate apr\u00e8s une plainte contre le \u00ab\u00a0fichage ethnique\u00a0\u00bb de joueurs des ann\u00e9es 2010"},"content":{"rendered":"\n<p>Une juge d&rsquo;instruction parisienne enqu\u00eate depuis quelques mois sur un possible fichage ethnique de joueurs au Paris Saint-Germain dans les ann\u00e9es 2010, apr\u00e8s avoir \u00e9t\u00e9 saisie par une plainte de la Ligue des droits de l&rsquo;Homme (LDH)<\/p>\n\n\n\n<p>L&rsquo;affaire du fichage ethnique de joueurs au Paris Saint-Germain est relanc\u00e9e: une juge d&rsquo;instruction parisienne enqu\u00eate depuis quelques mois sur ces faits qui dateraient des ann\u00e9es 2010, apr\u00e8s avoir \u00e9t\u00e9 saisie d&rsquo;une plainte de la Ligue des droits de l&rsquo;Homme (LDH).<\/p>\n\n\n\n<p>L&rsquo;information, apprise mercredi de source proche du dossier par l&rsquo;AFP, a \u00e9t\u00e9 confirm\u00e9e par le parquet de Paris, qui a indiqu\u00e9 avoir ouvert en mai une information judiciaire dans ce dossier d\u00e9j\u00e0 objet d&rsquo;une premi\u00e8re enqu\u00eate class\u00e9e en ao\u00fbt 2022.<\/p>\n\n\n\n<p>\u00ab\u00a0Le PSG n&rsquo;a commis aucune discrimination, comme l&rsquo;a d\u00e9montr\u00e9 le parquet. Ce dernier a d\u00e9j\u00e0 indiqu\u00e9 avoir rendu un classement sans suite dans ce dossier\u00a0\u00bb, a r\u00e9agi le club, d\u00e9fendu par Me Antoine Maisonneuve.<\/p>\n\n\n\n<p>Fin 2018, un collectif de m\u00e9dias, notamment Mediapart et Envoy\u00e9 sp\u00e9cial en France, avait r\u00e9v\u00e9l\u00e9 que la cellule de recrutement du club parisien avait mentionn\u00e9 entre 2013 et 2018 des crit\u00e8res ethniques dans ses fiches d&rsquo;\u00e9valuation de jeunes joueurs, class\u00e9s comme \u00ab\u00a0Fran\u00e7ais\u00a0\u00bb, \u00ab\u00a0Maghr\u00e9bin\u00a0\u00bb, \u00ab\u00a0Antillais\u00a0\u00bb, \u00ab\u00a0Africain\u00a0\u00bb.<\/p>\n\n\n\n<p>Le PSG s&rsquo;\u00e9tait d&rsquo;abord d\u00e9fendu en reconnaissant l&rsquo;existence de \u00ab\u00a0formulaires avec des contenus ill\u00e9gaux\u00a0\u00bb, l&rsquo;imputant \u00e0 une \u00ab\u00a0initiative personnelle du responsable\u00a0\u00bb de la \u00ab\u00a0cellule de recrutement du centre de formation, d\u00e9di\u00e9e aux territoires hors Ile-de-France\u00a0\u00bb, dirig\u00e9e \u00e0 l&rsquo;\u00e9poque par Marc Westerloppe, parti ensuite au Stade Rennais.<\/p>\n\n\n\n<p>Mais rapidement, le quotidien L&rsquo;Equipe avait produit un document selon lequel des crit\u00e8res ethniques apparaissaient aussi sur des fiches de la cellule Ile-de-France.<\/p>\n\n\n\n<p>D&rsquo;apr\u00e8s la plainte dont l&rsquo;AFP a eu connaissance, les \u00ab\u00a0recruteurs remplissaient une case\u00a0\u00bb dans un fichier \u00ab\u00a0selon la couleur de peau de l&rsquo;individu, elle indiquait fran\u00e7ais pour les blancs, africains pour les noirs, antillais pour les noirs des d\u00e9partements d&rsquo;outre-mer ou encore beurre (sic) pour personne maghr\u00e9bines\u00a0\u00bb.<\/p>\n\n\n\n<p>\u00ab\u00a0Des acronymes \u00e9taient \u00e9galement utilis\u00e9s tels que BK (Black), BC (Blanc), BR (Beurre), AS (Asiatique)\u00a0\u00bb, toujours d&rsquo;apr\u00e8s le document, et l&rsquo;ensemble \u00e9tait ensuite envoy\u00e9 \u00e0 la cellule recrutement du club r\u00e9sident du Parc des Princes.<\/p>\n\n\n\n<p>L&rsquo;enqu\u00eate interne d\u00e9clench\u00e9e par le PSG avait conclu \u00e0 l&rsquo;absence de \u00ab\u00a0cas av\u00e9r\u00e9 de discrimination\u00a0\u00bb, malgr\u00e9 l&rsquo;existence d&rsquo;un fichage ethnique. Le club avait annonc\u00e9 \u00ab\u00a0des mesures visant \u00e0 renforcer les pratiques \u00e9thiques\u00a0\u00bb en son sein.<\/p>\n\n\n\n<h2 class=\"wp-block-heading\">Amendes<\/h2>\n\n\n\n<p>Le PSG avait \u00e9cop\u00e9 en janvier 2019 d&rsquo;une amende de 100.000 euros par la commission de discipline de la Ligue de football professionnel (LFP).<\/p>\n\n\n\n<p>Plusieurs responsables du club s&rsquo;\u00e9taient aussi vu infliger des amendes avec sursis.<\/p>\n\n\n\n<p>Au p\u00e9nal, la LDH avait imm\u00e9diatement port\u00e9 plainte contre X pour discrimination et collecte et traitement de donn\u00e9es \u00e0 caract\u00e8re personnel faisant appara\u00eetre les origines raciales ou ethniques.<\/p>\n\n\n\n<p>L&rsquo;enqu\u00eate p\u00e9nale avait \u00e9t\u00e9 class\u00e9e en ao\u00fbt 2022 pour \u00ab\u00a0infraction insuffisamment caract\u00e9ris\u00e9e\u00a0\u00bb, mais la LDH a d\u00e9pos\u00e9 une nouvelle plainte avec constitution de partie civile d\u00e9but 2023, une proc\u00e9dure qui permet g\u00e9n\u00e9ralement d&rsquo;obtenir la d\u00e9signation d&rsquo;un juge d&rsquo;instruction.<\/p>\n\n\n\n<p>\u00ab\u00a0Nous sommes tr\u00e8s satisfaits que cette proc\u00e9dure ait \u00e9t\u00e9 ouverte, et ce en d\u00e9pit du classement sans suite op\u00e9r\u00e9 par une section du parquet de Paris\u00a0\u00bb, a comment\u00e9 Me Ari\u00e9 Alimi, avocat de la LDH sollicit\u00e9 par l&rsquo;AFP.<\/p>\n\n\n\n<p>\u00ab\u00a0Les motivations interrogent le positionnement de cette section, charg\u00e9e en th\u00e9orie de lutter contre les discriminations et les discours de haine\u00a0\u00bb, a-t-il ajout\u00e9.<\/p>\n\n\n\n<p>Les accusations de racisme agitent r\u00e9guli\u00e8rement le monde du football.<\/p>\n\n\n\n<p>Dans l'\u00a0\u00bbaffaire des quotas\u00a0\u00bb, r\u00e9v\u00e9l\u00e9e en 2011 par Mediapart, des dirigeants du football fran\u00e7ais, dont Laurent Blanc, avaient \u00e9t\u00e9 accus\u00e9s de vouloir limiter dans les centres de formation le nombre de joueurs binationaux, lors d&rsquo;une r\u00e9union de la Direction technique nationale (DTN) fin 2010.<\/p>\n\n\n\n<p>Poursuivi pour discrimination et harc\u00e8lement, essentiellement contre des footballeurs musulmans, Christophe Galtier, l&rsquo;ex-entra\u00eeneur de Nice, a lui \u00e9t\u00e9 relax\u00e9 en d\u00e9cembre 2023, \u00e0 l&rsquo;issue d&rsquo;un proc\u00e8s qui avait tourn\u00e9 au r\u00e8glement de comptes personnels.<\/p>\n\n\n\n<p>Par Guillaume DAUDIN, Clara WRIGHT  &#8211; \u00a9 2024 AFP<\/p>\n","protected":false},"excerpt":{"rendered":"<p>Une juge d&rsquo;instruction parisienne enqu\u00eate depuis quelques mois sur un possible fichage ethnique de joueurs au Paris Saint-Germain dans les<\/p>\n","protected":false},"author":1,"featured_media":44574,"comment_status":"open","ping_status":"open","sticky":false,"template":"","format":"standard","meta":{"footnotes":""},"categories":[9],"tags":[],"class_list":["post-44573","post","type-post","status-publish","format-standard","has-post-thumbnail","hentry","category-sports"],"_links":{"self":[{"href":"https:\/\/dekkbi.com\/index.php?rest_route=\/wp\/v2\/posts\/44573","targetHints":{"allow":["GET"]}}],"collection":[{"href":"https:\/\/dekkbi.com\/index.php?rest_route=\/wp\/v2\/posts"}],"about":[{"href":"https:\/\/dekkbi.com\/index.php?rest_route=\/wp\/v2\/types\/post"}],"author":[{"embeddable":true,"href":"https:\/\/dekkbi.com\/index.php?rest_route=\/wp\/v2\/users\/1"}],"replies":[{"embeddable":true,"href":"https:\/\/dekkbi.com\/index.php?rest_route=%2Fwp%2Fv2%2Fcomments&post=44573"}],"version-history":[{"count":1,"href":"https:\/\/dekkbi.com\/index.php?rest_route=\/wp\/v2\/posts\/44573\/revisions"}],"predecessor-version":[{"id":44575,"href":"https:\/\/dekkbi.com\/index.php?rest_route=\/wp\/v2\/posts\/44573\/revisions\/44575"}],"wp:featuredmedia":[{"embeddable":true,"href":"https:\/\/dekkbi.com\/index.php?rest_route=\/wp\/v2\/media\/44574"}],"wp:attachment":[{"href":"https:\/\/dekkbi.com\/index.php?rest_route=%2Fwp%2Fv2%2Fmedia&parent=44573"}],"wp:term":[{"taxonomy":"category","embeddable":true,"href":"https:\/\/dekkbi.com\/index.php?rest_route=%2Fwp%2Fv2%2Fcategories&post=44573"},{"taxonomy":"post_tag","embeddable":true,"href":"https:\/\/dekkbi.com\/index.php?rest_route=%2Fwp%2Fv2%2Ftags&post=44573"}],"curies":[{"name":"wp","href":"https:\/\/api.w.org\/{rel}","templated":true}]}}