{"id":44566,"date":"2024-10-17T13:33:26","date_gmt":"2024-10-17T13:33:26","guid":{"rendered":"https:\/\/dekkbi.com\/?p=44566"},"modified":"2024-10-17T13:35:15","modified_gmt":"2024-10-17T13:35:15","slug":"ballet-macron-barnier-le-pen-inedit-jeudi-a-bruxelles","status":"publish","type":"post","link":"https:\/\/dekkbi.com\/?p=44566","title":{"rendered":"En marge d&rsquo;un sommet europ\u00e9en &#8211; Ballet Macron, Barnier, Le Pen in\u00e9dit jeudi \u00e0 Bruxelles"},"content":{"rendered":"\n<p>Le pr\u00e9sident et le Premier ministre en m\u00eame temps \u00e0 Bruxelles, Marine Le Pen pas loin derri\u00e8re: un trio fran\u00e7ais in\u00e9dit a fait son apparition jeudi dans la capitale de l&rsquo;UE en marge d&rsquo;un sommet europ\u00e9en.<\/p>\n\n\n\n<p>Michel Barnier s&rsquo;est pr\u00e9sent\u00e9 le premier \u00e0 la r\u00e9union du groupe de dirigeants et eurod\u00e9put\u00e9s de sa couleur politique, le Parti populaire europ\u00e9en (PPE, droite), embo\u00eetant le pas \u00e0 la pr\u00e9sidente de la Commission, Ursula von der Leyen. Le PPE est de nouveau pr\u00e9sent en force \u00e0 la Commission depuis les europ\u00e9ennes de juin.<\/p>\n\n\n\n<figure class=\"wp-block-image is-resized\"><img decoding=\"async\" src=\"https:\/\/information.tv5monde.com\/sites\/tv5-info\/files\/styles\/entete\/public\/2024-10\/field_media_image-2872385-2793e6b6ab6825434d669617f6051eb5211adf3a.jpg?itok=FSIB0ULx\" alt=\"Le Premier ministre fran\u00e7ais Michel Barnier se rend \u00e0 la r\u00e9union  du groupe de dirigeants et eurod\u00e9put\u00e9s de sa couleur politique, le Parti populaire europ\u00e9en (PPE, droite), \u00e0 Bruxelles, le 17 octobre 2024\" style=\"width:617px;height:auto\" title=\"Le Premier ministre fran\u00e7ais Michel Barnier se rend \u00e0 la r\u00e9union  du groupe de dirigeants et eurod\u00e9put\u00e9s de sa couleur politique, le Parti populaire europ\u00e9en (PPE, droite), \u00e0 Bruxelles, le 17 octobre 2024\"\/><\/figure>\n\n\n\n<p>Le Premier ministre fran\u00e7ais Michel Barnier se rend \u00e0 la r\u00e9union du groupe de dirigeants et eurod\u00e9put\u00e9s de sa couleur politique, le Parti populaire europ\u00e9en (PPE, droite), \u00e0 Bruxelles, le 17 octobre 2024<\/p>\n\n\n\n<p>AFP  NICOLAS TUCAT<\/p>\n\n\n\n<p>Le chef du gouvernement fran\u00e7ais, nomm\u00e9 le 5 septembre apr\u00e8s le s\u00e9isme de la dissolution de l&rsquo;Assembl\u00e9e, n&rsquo;a fait aucune d\u00e9claration, alors que beaucoup s&rsquo;interrogent sur le partage des r\u00f4les avec Emmanuel Macron concernant les questions europ\u00e9ennes dans une situation de semi-cohabitation.<\/p>\n\n\n\n<p>Au m\u00eame moment, Marine Le Pen, figure embl\u00e9matique du Rassemblement national, d\u00e9barquait \u00e0 la premi\u00e8re rencontre au sommet des Patriotes pour l&rsquo;Europe, le nouveau groupe de droite radicale du Premier ministre hongrois Viktor Orban.<\/p>\n\n\n\n<p>Emmanuel Macron a clos le ballet politique fran\u00e7ais en passant \u00e0 la r\u00e9union de sa formation, Renew (centre), avant de rejoindre le sommet des Vingt-Sept, o\u00f9 il continuera \u00e0 repr\u00e9senter seul la France.<\/p>\n\n\n\n<figure class=\"wp-block-image is-resized\"><img decoding=\"async\" src=\"https:\/\/information.tv5monde.com\/sites\/tv5-info\/files\/styles\/entete\/public\/2024-10\/field_media_image-2872386-109ae9beaf7d28bb92e43215be5f18cdf3e9f9a3.jpg?itok=SjA1cqHI\" alt=\"La cheffe de file des d\u00e9put\u00e9s du Rassemblement national Marine Le Pen arrive pour assister \u00e0 une r\u00e9union du groupe d'extr\u00eame droite &quot;Patriotes pour l'Europe&quot; au Parlement europ\u00e9en, \u00e0 Bruxelles, le 17 octobre 2024\" style=\"width:578px;height:auto\" title=\"La cheffe de file des d\u00e9put\u00e9s du Rassemblement national Marine Le Pen arrive pour assister \u00e0 une r\u00e9union du groupe d'extr\u00eame droite &quot;Patriotes pour l'Europe&quot; au Parlement europ\u00e9en, \u00e0 Bruxelles, le 17 octobre 2024\"\/><\/figure>\n\n\n\n<p>La cheffe de file des d\u00e9put\u00e9s du Rassemblement national Marine Le Pen arrive pour assister \u00e0 une r\u00e9union du groupe d&rsquo;extr\u00eame droite \u00ab\u00a0Patriotes pour l&rsquo;Europe\u00a0\u00bb au Parlement europ\u00e9en, \u00e0 Bruxelles, le 17 octobre 2024<\/p>\n\n\n\n<p>AFP  Fran\u00e7ois WALSCHAERTS<\/p>\n\n\n\n<p>A priori, rien que la routine un jour de Conseil europ\u00e9en avec les r\u00e9unions de groupe en \u00ab\u00a0pr\u00e9-sommets\u00a0\u00bb. Sauf que d&rsquo;ordinaire seul le pr\u00e9sident fait le d\u00e9placement. Et que la chef de file des d\u00e9put\u00e9s RN \u00e0 l&rsquo;Assembl\u00e9e n&rsquo;a pas vocation \u00e0 venir \u00e0 chaque occasion \u00e0 Bruxelles.<\/p>\n\n\n\n<p>Le Premier ministre non plus, sauf cohabitation pure o\u00f9 il d\u00e9tient alors la majorit\u00e9 au Parlement et assiste au c\u00f4t\u00e9 du chef de l&rsquo;Etat au sommet europ\u00e9en.<\/p>\n\n\n\n<p>Michel Barnier a donc inaugur\u00e9 une nouvelle formule, non pas au sommet mais \u00e0 la r\u00e9union de groupe, avec sa casquette LR (R\u00e9publicains).<\/p>\n\n\n\n<p>Si chacun est rest\u00e9 dans r\u00f4le, la pr\u00e9sence de Marine Le Pen, qui a promis de garder le gouvernement Barnier \u00ab\u00a0sous surveillance\u00a0\u00bb, notamment sur l&rsquo;immigration, gr\u00e2ce \u00e0 son pouvoir de censure, n&rsquo;est pas pass\u00e9e inaper\u00e7ue.<\/p>\n\n\n\n<p>Sur ce sujet, qui sera des gros morceaux du sommet, \u00ab\u00a0il semblerait que face \u00e0 la r\u00e9alit\u00e9\u00a0\u00bb les dirigeants de l&rsquo;UE \u00ab\u00a0sortent peu \u00e0 peu du d\u00e9ni\u00a0\u00bb, a-t-elle lanc\u00e9, en d\u00e9fendant la m\u00eame ligne que Viktor Orban.<\/p>\n\n\n\n<p>Le patron des eurod\u00e9put\u00e9s RN et pr\u00e9sident des \u00ab\u00a0Patriotes\u00a0\u00bb, Jordan Bardella, a de son c\u00f4t\u00e9 d\u00e9nonc\u00e9 le \u00ab\u00a0double discours de Michel Barnier et de son ministre de l&rsquo;Int\u00e9rieur (Bruno) Retailleau\u00a0\u00bb.<\/p>\n\n\n\n<p>Ils multiplient \u00ab\u00a0les annonces tr\u00e8s dures sur l&rsquo;immigration en France sans doute pour faire plaisir\u00a0\u00bb au RN, \u00ab\u00a0\u00e0 quelques jours du vote du budget et de l&rsquo;autre se ruent \u00e0 Bruxelles pour mettre en \u0153uvre le pacte pour les migrations qui va acc\u00e9l\u00e9rer les flux migratoires en Europe\u00a0\u00bb, a-t-il ass\u00e9n\u00e9.<\/p>\n\n\n\n<p>Les Patriotes constituent d\u00e9sormais la troisi\u00e8me force au Parlement europ\u00e9en derri\u00e8re la droite pro-europ\u00e9enne (PPE) et les sociaux-d\u00e9mocrates, et devant Renew.<\/p>\n\n\n\n<p>\u00a9 2024 AFP &#8211; SOURCE TV5.ORG<\/p>\n\n\n\n<p><\/p>\n","protected":false},"excerpt":{"rendered":"<p>Le pr\u00e9sident et le Premier ministre en m\u00eame temps \u00e0 Bruxelles, Marine Le Pen pas loin derri\u00e8re: un trio fran\u00e7ais<\/p>\n","protected":false},"author":1,"featured_media":44567,"comment_status":"open","ping_status":"open","sticky":false,"template":"","format":"standard","meta":{"footnotes":""},"categories":[51],"tags":[],"class_list":["post-44566","post","type-post","status-publish","format-standard","has-post-thumbnail","hentry","category-general"],"_links":{"self":[{"href":"https:\/\/dekkbi.com\/index.php?rest_route=\/wp\/v2\/posts\/44566","targetHints":{"allow":["GET"]}}],"collection":[{"href":"https:\/\/dekkbi.com\/index.php?rest_route=\/wp\/v2\/posts"}],"about":[{"href":"https:\/\/dekkbi.com\/index.php?rest_route=\/wp\/v2\/types\/post"}],"author":[{"embeddable":true,"href":"https:\/\/dekkbi.com\/index.php?rest_route=\/wp\/v2\/users\/1"}],"replies":[{"embeddable":true,"href":"https:\/\/dekkbi.com\/index.php?rest_route=%2Fwp%2Fv2%2Fcomments&post=44566"}],"version-history":[{"count":2,"href":"https:\/\/dekkbi.com\/index.php?rest_route=\/wp\/v2\/posts\/44566\/revisions"}],"predecessor-version":[{"id":44570,"href":"https:\/\/dekkbi.com\/index.php?rest_route=\/wp\/v2\/posts\/44566\/revisions\/44570"}],"wp:featuredmedia":[{"embeddable":true,"href":"https:\/\/dekkbi.com\/index.php?rest_route=\/wp\/v2\/media\/44567"}],"wp:attachment":[{"href":"https:\/\/dekkbi.com\/index.php?rest_route=%2Fwp%2Fv2%2Fmedia&parent=44566"}],"wp:term":[{"taxonomy":"category","embeddable":true,"href":"https:\/\/dekkbi.com\/index.php?rest_route=%2Fwp%2Fv2%2Fcategories&post=44566"},{"taxonomy":"post_tag","embeddable":true,"href":"https:\/\/dekkbi.com\/index.php?rest_route=%2Fwp%2Fv2%2Ftags&post=44566"}],"curies":[{"name":"wp","href":"https:\/\/api.w.org\/{rel}","templated":true}]}}