{"id":44547,"date":"2024-10-17T10:30:50","date_gmt":"2024-10-17T10:30:50","guid":{"rendered":"https:\/\/dekkbi.com\/?p=44547"},"modified":"2024-10-17T10:30:50","modified_gmt":"2024-10-17T10:30:50","slug":"suite-a-un-incident-une-ecole-catholique-tranche-definitivement-sur-la-question-du-voile-communique","status":"publish","type":"post","link":"https:\/\/dekkbi.com\/?p=44547","title":{"rendered":"Suite \u00e0 un incident, une \u00e9cole catholique tranche d\u00e9finitivement sur la question du voile (Communiqu\u00e9)"},"content":{"rendered":"\n<p>L\u2019incident survenu au Coll\u00e8ge du Sine \u00e0 Fatick, le lundi 14 octobre, s\u2019est r\u00e9solu de mani\u00e8re positive. Selon un communiqu\u00e9 diffus\u00e9 ce mardi 15 octobre et sign\u00e9 par le principal de l\u2019\u00e9tablissement, Fr\u00e8re Patrice Mbengue, la situation a trouv\u00e9 un d\u00e9nouement favorable pour toutes les parties concern\u00e9es.\u00a0Le texte informe que les \u00e9l\u00e8ves, dont l\u2019acc\u00e8s \u00e0 l\u2019\u00e9cole avait \u00e9t\u00e9 refus\u00e9 en raison du port du voile, sont d\u00e9sormais autoris\u00e9s \u00e0 reprendre les cours.<\/p>\n\n\n\n<p>Dans le communiqu\u00e9, l\u2019administration de l\u2019\u00e9cole a rassur\u00e9 les parents d\u2019\u00e9l\u00e8ves, les autorit\u00e9s \u00e9ducatives, ainsi que toute la communaut\u00e9 scolaire en pr\u00e9cisant :&nbsp;<em>\u00ab Le Coll\u00e8ge du Sine tient \u00e0 informer les parents d\u2019\u00e9l\u00e8ves, les autorit\u00e9s \u00e9ducatives, ainsi que l\u2019ensemble de la communaut\u00e9 scolaire que les \u00e9l\u00e8ves dont l\u2019acc\u00e8s au coll\u00e8ge a \u00e9t\u00e9 interdit le lundi 14 octobre 2024 concernant le port du voile par certains \u00e9l\u00e8ves sont d\u00e9sormais autoris\u00e9s en classe. \u00bb<\/em><\/p>\n\n\n\n<p>Le coll\u00e8ge a soulign\u00e9 le retour au calme apr\u00e8s les tensions de la veille. \u00ab Nous tenons \u00e0 rassurer que la situation est d\u00e9sormais sous contr\u00f4le et que la majorit\u00e9 des \u00e9l\u00e8ves concern\u00e9s ont repris les cours d\u00e8s ce matin, mardi 15 octobre 2024, dans le calme et la s\u00e9r\u00e9nit\u00e9 \u00bb, a d\u00e9clar\u00e9 le principal. Il a \u00e9galement encourag\u00e9 les \u00e9l\u00e8ves encore absents \u00e0 revenir rapidement :&nbsp;<em>\u00ab Nous invitons par ailleurs les \u00e9l\u00e8ves qui n\u2019ont pas encore repris les cours \u00e0 rejoindre leurs camarades d\u00e8s demain, afin que leur scolarit\u00e9 puisse se poursuivre dans les meilleures conditions. \u00bb<\/em><\/p>\n\n\n\n<p>Lundi 14 octobre a \u00e9t\u00e9 marqu\u00e9 par une s\u00e9rie d\u2019\u00e9v\u00e9nements malheureux, mettant le Coll\u00e8ge du Sine sous les feux des projecteurs. Plusieurs \u00e9l\u00e8ves avaient \u00e9t\u00e9 emp\u00each\u00e9s d\u2019acc\u00e9der \u00e0 l\u2019\u00e9tablissement en raison du port du voile. En r\u00e9ponse, le principal de l\u2019\u00e9tablissement a exprim\u00e9 ses regrets face \u00e0 la situation :<em>&nbsp;\u00ab Cependant, compte tenu des principes directeurs des r\u00e8glements int\u00e9rieurs des \u00e9tablissements publics et priv\u00e9s d\u2019\u00e9ducation et de formation, le Coll\u00e8ge du Sine regrette profond\u00e9ment la tournure des \u00e9v\u00e9nements et pr\u00e9sente ses sinc\u00e8res excuses aux familles et aux \u00e9l\u00e8ves. \u00bb<\/em><\/p>\n\n\n\n<p>Sidy Mohamet &#8211; SENEGO<\/p>\n","protected":false},"excerpt":{"rendered":"<p>L\u2019incident survenu au Coll\u00e8ge du Sine \u00e0 Fatick, le lundi 14 octobre, s\u2019est r\u00e9solu de mani\u00e8re positive. Selon un communiqu\u00e9<\/p>\n","protected":false},"author":1,"featured_media":43942,"comment_status":"open","ping_status":"open","sticky":false,"template":"","format":"standard","meta":{"footnotes":""},"categories":[21],"tags":[],"class_list":["post-44547","post","type-post","status-publish","format-standard","has-post-thumbnail","hentry","category-societe"],"_links":{"self":[{"href":"https:\/\/dekkbi.com\/index.php?rest_route=\/wp\/v2\/posts\/44547","targetHints":{"allow":["GET"]}}],"collection":[{"href":"https:\/\/dekkbi.com\/index.php?rest_route=\/wp\/v2\/posts"}],"about":[{"href":"https:\/\/dekkbi.com\/index.php?rest_route=\/wp\/v2\/types\/post"}],"author":[{"embeddable":true,"href":"https:\/\/dekkbi.com\/index.php?rest_route=\/wp\/v2\/users\/1"}],"replies":[{"embeddable":true,"href":"https:\/\/dekkbi.com\/index.php?rest_route=%2Fwp%2Fv2%2Fcomments&post=44547"}],"version-history":[{"count":1,"href":"https:\/\/dekkbi.com\/index.php?rest_route=\/wp\/v2\/posts\/44547\/revisions"}],"predecessor-version":[{"id":44548,"href":"https:\/\/dekkbi.com\/index.php?rest_route=\/wp\/v2\/posts\/44547\/revisions\/44548"}],"wp:featuredmedia":[{"embeddable":true,"href":"https:\/\/dekkbi.com\/index.php?rest_route=\/wp\/v2\/media\/43942"}],"wp:attachment":[{"href":"https:\/\/dekkbi.com\/index.php?rest_route=%2Fwp%2Fv2%2Fmedia&parent=44547"}],"wp:term":[{"taxonomy":"category","embeddable":true,"href":"https:\/\/dekkbi.com\/index.php?rest_route=%2Fwp%2Fv2%2Fcategories&post=44547"},{"taxonomy":"post_tag","embeddable":true,"href":"https:\/\/dekkbi.com\/index.php?rest_route=%2Fwp%2Fv2%2Ftags&post=44547"}],"curies":[{"name":"wp","href":"https:\/\/api.w.org\/{rel}","templated":true}]}}