{"id":44533,"date":"2024-10-17T10:15:05","date_gmt":"2024-10-17T10:15:05","guid":{"rendered":"https:\/\/dekkbi.com\/?p=44533"},"modified":"2024-10-17T10:15:06","modified_gmt":"2024-10-17T10:15:06","slug":"oj-dakar-2026-le-president-du-cio-a-dakar-pour-voir-les-progres-realises","status":"publish","type":"post","link":"https:\/\/dekkbi.com\/?p=44533","title":{"rendered":"OJ-Dakar 2026\u00a0: le pr\u00e9sident du CIO \u00e0 Dakar pour voir les \u201dprogr\u00e8s\u201d r\u00e9alis\u00e9s"},"content":{"rendered":"\n<p>Dakar, (APS) \u2013 Le pr\u00e9sident du Comit\u00e9 international olympique (CIO) Thomas Bach est en visite \u00e0 Dakar pour voir les \u2018\u2019progr\u00e8s\u2019\u2019 r\u00e9alis\u00e9s et \u2018\u2019l\u2019enthousiasme\u2019\u2019 autour des prochains Jeux olympiques de la jeunesse que va accueillir la capitale s\u00e9n\u00e9galaise (JOJ-Dakar 2026), a-t-on appris de source officielle.<\/p>\n\n\n\n<p>\u2018\u2019Bach \u00e0 Dakar, au S\u00e9n\u00e9gal, pour rencontrer les athl\u00e8tes, ressentir l\u2019enthousiasme et voir les progr\u00e8s des Jeux Olympiques de la Jeunesse Dakar 2026\u2019\u2019, a notamment indiqu\u00e9 IOC Media, le centre d\u2019informations officiel du CIO, dans un message publi\u00e9 mercredi sur le r\u00e9seau social X.<\/p>\n\n\n\n<p>Le patron de l\u2019olympisme mondial, accompagn\u00e9 de membres du Comit\u00e9 national olympique et sportif s\u00e9n\u00e9galais (CNOSS), a pu s\u2019entretenir avec des escrimeurs, des praticiens des arts martiaux, et s\u2019est rendu sur des chantiers d\u2019infrastructures qui vont abriter des comp\u00e9tions.<\/p>\n\n\n\n<p>Thomas Bach s\u2019est ainsi rendu au stade Iba Mar Diop et \u00e0 la piscine olympique, qui abriteront des comp\u00e9titions lors des JOJ et va rencontrer les autorit\u00e9s et les dirigeants sportifs.<\/p>\n\n\n\n<p>Il va profiter de son s\u00e9jour pour faire ses adieux aux dirigeants sportifs du continent et les remercier pour le soutien au cours de ses deux mandats \u00e0 la t\u00eate du CIO, ont indiqu\u00e9 des sources m\u00e9diatiques.<\/p>\n\n\n\n<p>L\u2019ancien m\u00e9daill\u00e9 olympique allemand au fleuret par \u00e9quipe, \u00e0 Montr\u00e9al, en 1976, ne briguera pas un troisi\u00e8me mandat, lors de la 142<sup>e<\/sup>&nbsp;session du CIA, pr\u00e9vue du 18 au 21 mars 2025, \u00e0 Ath\u00e8nes, en Gr\u00e8ce.<\/p>\n\n\n\n<p>Les JOJ-Dakar 2026, quatri\u00e8me du nom, sont pr\u00e9vues du 31 octobre au 13 novembre 2026, \u00e0 Dakar, Diamniadio et Saly (centre).<\/p>\n","protected":false},"excerpt":{"rendered":"<p>Dakar, (APS) \u2013 Le pr\u00e9sident du Comit\u00e9 international olympique (CIO) Thomas Bach est en visite \u00e0 Dakar pour voir les<\/p>\n","protected":false},"author":1,"featured_media":44534,"comment_status":"open","ping_status":"open","sticky":false,"template":"","format":"standard","meta":{"footnotes":""},"categories":[9],"tags":[],"class_list":["post-44533","post","type-post","status-publish","format-standard","has-post-thumbnail","hentry","category-sports"],"_links":{"self":[{"href":"https:\/\/dekkbi.com\/index.php?rest_route=\/wp\/v2\/posts\/44533","targetHints":{"allow":["GET"]}}],"collection":[{"href":"https:\/\/dekkbi.com\/index.php?rest_route=\/wp\/v2\/posts"}],"about":[{"href":"https:\/\/dekkbi.com\/index.php?rest_route=\/wp\/v2\/types\/post"}],"author":[{"embeddable":true,"href":"https:\/\/dekkbi.com\/index.php?rest_route=\/wp\/v2\/users\/1"}],"replies":[{"embeddable":true,"href":"https:\/\/dekkbi.com\/index.php?rest_route=%2Fwp%2Fv2%2Fcomments&post=44533"}],"version-history":[{"count":1,"href":"https:\/\/dekkbi.com\/index.php?rest_route=\/wp\/v2\/posts\/44533\/revisions"}],"predecessor-version":[{"id":44535,"href":"https:\/\/dekkbi.com\/index.php?rest_route=\/wp\/v2\/posts\/44533\/revisions\/44535"}],"wp:featuredmedia":[{"embeddable":true,"href":"https:\/\/dekkbi.com\/index.php?rest_route=\/wp\/v2\/media\/44534"}],"wp:attachment":[{"href":"https:\/\/dekkbi.com\/index.php?rest_route=%2Fwp%2Fv2%2Fmedia&parent=44533"}],"wp:term":[{"taxonomy":"category","embeddable":true,"href":"https:\/\/dekkbi.com\/index.php?rest_route=%2Fwp%2Fv2%2Fcategories&post=44533"},{"taxonomy":"post_tag","embeddable":true,"href":"https:\/\/dekkbi.com\/index.php?rest_route=%2Fwp%2Fv2%2Ftags&post=44533"}],"curies":[{"name":"wp","href":"https:\/\/api.w.org\/{rel}","templated":true}]}}