{"id":44525,"date":"2024-10-17T10:06:32","date_gmt":"2024-10-17T10:06:32","guid":{"rendered":"https:\/\/dekkbi.com\/?p=44525"},"modified":"2024-10-17T10:06:33","modified_gmt":"2024-10-17T10:06:33","slug":"tambacounda-la-deuxieme-phase-du-projet-tiers-sud-beydaare-va-impacter-huit-collectivites-territoriales-responsable","status":"publish","type":"post","link":"https:\/\/dekkbi.com\/?p=44525","title":{"rendered":"Tambacounda : la deuxi\u00e8me phase du projet \u201dTiers-Sud Beydaare\u201d va impacter huit collectivit\u00e9s territoriales (responsable)"},"content":{"rendered":"\n<p>Tambacounda, 16 oct (APS) \u2013 Huit collectivit\u00e9s territoriales du d\u00e9partement de Tambacounda (est) vont b\u00e9n\u00e9ficier de la deuxi\u00e8me phase du \u201dTiers-Sud Beydaare\u201d portant sur le pastoralisme en vue d\u2019une meilleure gestion des conflits entre agriculteurs et \u00e9leveurs, a annonc\u00e9 mercredi, le coordinateur dudit projet, Abdou Niang Thiam.<\/p>\n\n\n\n<p>\u2018\u2019Pour la deuxi\u00e8me phase du projet,&nbsp; huit collectivit\u00e9s territoriales b\u00e9n\u00e9ficieront du projet Tiers-Sud Beydaare. Nous allons donc faire de telle sorte que tout le d\u00e9partement de Tambacounda puisse \u00eatre impact\u00e9 par le projet\u201d, a d\u00e9clar\u00e9 M. Thiam.<\/p>\n\n\n\n<p>Il s\u2019exprimait lors d\u2019un atelier de partage des r\u00e9alisations du projet \u201dTiers-Sud Beydaare\u201d apr\u00e8s quatre ans de mise en \u0153uvre dans le d\u00e9partement de Tambacounda. L\u2019atelier a&nbsp; \u00e9t\u00e9 pr\u00e9sid\u00e9 par le pr\u00e9fet du d\u00e9partement de Tambacounda, Alioune Badara Mbengue, en pr\u00e9sence des repr\u00e9sentants des communes b\u00e9n\u00e9ficiaires.<\/p>\n\n\n\n<p>Abdou Niang Thiam a indiqu\u00e9 que la gestion des conflits entre \u00e9leveurs et agriculteurs sera au c\u0153ur de la mise en \u0153uvre de la deuxi\u00e8me phase.<\/p>\n\n\n\n<p>\u2018\u2019Pour la deuxi\u00e8me phase, nous allons travailler sur les unit\u00e9s pastorales pour que les conflits entre les agriculteurs et \u00e9leveurs puissent \u00eatre mieux g\u00e9r\u00e9s et mieux ma\u00eetris\u00e9s par l\u2019autorit\u00e9 administrative\u201d, a-t-il indiqu\u00e9.<\/p>\n\n\n\n<p>Selon M. Thiam, le co\u00fbt de l\u2019ex\u00e9cution de la premi\u00e8re phase du projet \u201dTiers-Sud Beydaare\u201d au niveau des trois collectivit\u00e9s territoriales du d\u00e9partement de Tambacounda \u201cest estim\u00e9 \u00e0 plus de 7 milliards de francs CFA&nbsp; avec plus de 2000 m\u00e9nages touch\u00e9s\u201d.<\/p>\n\n\n\n<p>Le pr\u00e9fet du d\u00e9partement de Tambacounda, Alioune Badara Mbengue, a salu\u00e9 les r\u00e9sultats r\u00e9alis\u00e9s dans les trois collectivit\u00e9s territoriales de Missirah, de Dialakoto et N\u00e9t\u00e9boulou durant la premi\u00e8re phase du projet Tiers-Sud Beydaare.<\/p>\n\n\n\n<p>L\u2019autorit\u00e9 administrative a plaid\u00e9 pour l\u2019extension du projet \u00e0 d\u2019autres collectivit\u00e9s territoriales notamment Koussanar et Sinthiou Mal\u00e8me o\u00f9 \u201cla gestion terres entre agriculteurs et \u00e9leveurs se posent avec acuit\u00e9\u201d.<\/p>\n\n\n\n<p>Le projet \u201dTiers-Sud Beydaare\u201d est un programme financ\u00e9 par l\u2019Union-Europ\u00e9enne et l\u2019Agence fran\u00e7aise de d\u00e9veloppement (AFD). Il est mis en \u0153uvre par le minist\u00e8re de l\u2019Agriculture, de la Souverainet\u00e9 alimentaire et de l\u2019Elevage \u00e0 travers la soci\u00e9t\u00e9 de d\u00e9veloppement agricole et industrielle (SODAGRI).<\/p>\n\n\n\n<p>\u00c0&nbsp; Tambacounda, sa mise en \u0153uvre est confi\u00e9e au groupe \u201dAgro-beydaare\u201d.<\/p>\n","protected":false},"excerpt":{"rendered":"<p>Tambacounda, 16 oct (APS) \u2013 Huit collectivit\u00e9s territoriales du d\u00e9partement de Tambacounda (est) vont b\u00e9n\u00e9ficier de la deuxi\u00e8me phase du<\/p>\n","protected":false},"author":1,"featured_media":44526,"comment_status":"open","ping_status":"open","sticky":false,"template":"","format":"standard","meta":{"footnotes":""},"categories":[3],"tags":[],"class_list":["post-44525","post","type-post","status-publish","format-standard","has-post-thumbnail","hentry","category-event-more-news"],"_links":{"self":[{"href":"https:\/\/dekkbi.com\/index.php?rest_route=\/wp\/v2\/posts\/44525","targetHints":{"allow":["GET"]}}],"collection":[{"href":"https:\/\/dekkbi.com\/index.php?rest_route=\/wp\/v2\/posts"}],"about":[{"href":"https:\/\/dekkbi.com\/index.php?rest_route=\/wp\/v2\/types\/post"}],"author":[{"embeddable":true,"href":"https:\/\/dekkbi.com\/index.php?rest_route=\/wp\/v2\/users\/1"}],"replies":[{"embeddable":true,"href":"https:\/\/dekkbi.com\/index.php?rest_route=%2Fwp%2Fv2%2Fcomments&post=44525"}],"version-history":[{"count":1,"href":"https:\/\/dekkbi.com\/index.php?rest_route=\/wp\/v2\/posts\/44525\/revisions"}],"predecessor-version":[{"id":44527,"href":"https:\/\/dekkbi.com\/index.php?rest_route=\/wp\/v2\/posts\/44525\/revisions\/44527"}],"wp:featuredmedia":[{"embeddable":true,"href":"https:\/\/dekkbi.com\/index.php?rest_route=\/wp\/v2\/media\/44526"}],"wp:attachment":[{"href":"https:\/\/dekkbi.com\/index.php?rest_route=%2Fwp%2Fv2%2Fmedia&parent=44525"}],"wp:term":[{"taxonomy":"category","embeddable":true,"href":"https:\/\/dekkbi.com\/index.php?rest_route=%2Fwp%2Fv2%2Fcategories&post=44525"},{"taxonomy":"post_tag","embeddable":true,"href":"https:\/\/dekkbi.com\/index.php?rest_route=%2Fwp%2Fv2%2Ftags&post=44525"}],"curies":[{"name":"wp","href":"https:\/\/api.w.org\/{rel}","templated":true}]}}