{"id":44522,"date":"2024-10-17T10:01:08","date_gmt":"2024-10-17T10:01:08","guid":{"rendered":"https:\/\/dekkbi.com\/?p=44522"},"modified":"2024-10-17T10:01:23","modified_gmt":"2024-10-17T10:01:23","slug":"cote-divoire-gbagbo-veut-ameliorer-la-relation-avec-les-juntes-saheliennes","status":"publish","type":"post","link":"https:\/\/dekkbi.com\/?p=44522","title":{"rendered":"C\u00f4te d&rsquo;Ivoire: Gbagbo veut am\u00e9liorer la relation avec les juntes sah\u00e9liennes"},"content":{"rendered":"\n<p>L&rsquo;ex-pr\u00e9sident ivoirien Laurent Gbagbo a d\u00e9clar\u00e9 mercredi que \u00ab\u00a0la relation va s&rsquo;am\u00e9liorer\u00a0\u00bb entre la C\u00f4te d&rsquo;Ivoire et les r\u00e9gimes militaires de l&rsquo;Alliance des Etats du Sahel (Mali, Burkina Faso et Niger) s&rsquo;il revient au pouvoir.<\/p>\n\n\n\n<p>M. Gbagbo a d\u00e9clar\u00e9 porter \u00ab\u00a0un bon regard\u00a0\u00bb sur ces juntes \u00ab\u00a0arriv\u00e9es au pouvoir par leurs (propres) moyens\u00a0\u00bb et qu&rsquo;il consid\u00e8re \u00ab\u00a0comme des Etats, tout simplement\u00a0\u00bb, dans une interview sur AFO Media, le site de l&rsquo;ancien journaliste de Radio France Internationale (RFI) Alain Foka.<\/p>\n\n\n\n<p>L&rsquo;Alliance des Etats du Sahel (AES) est l&rsquo;union des r\u00e9gimes putschistes du Mali, du Burkina et du Niger, respectivement arriv\u00e9s au pouvoir par la force en 2020, 2022 et 2023, dans ces pays confront\u00e9s \u00e0 des violences jihadistes r\u00e9currentes.<\/p>\n\n\n\n<p>Les trois pays qui ont tourn\u00e9 le dos \u00e0 l&rsquo;ancienne puissance coloniale fran\u00e7aise entretiennent des relations tumultueuses avec certains de leurs voisins, dont la C\u00f4te d&rsquo;Ivoire, qu&rsquo;ils accusent de chercher \u00e0 les d\u00e9stabiliser et d&rsquo;\u00eatre trop proche de Paris.<\/p>\n\n\n\n<p>Mercredi, Laurent Gbagbo a accus\u00e9 la Communaut\u00e9 \u00e9conomique des \u00c9tats d&rsquo;Afrique de l&rsquo;Ouest (Cedeao) de passivit\u00e9 face aux rebellions qui endeuillent les pays du Sahel et d&rsquo;inaction face aux crises ivoiriennes pass\u00e9es.<\/p>\n\n\n\n<p>Il consid\u00e8re, comme les juntes de l&rsquo;AES qui ont d\u00e9clar\u00e9 en janvier quitter l&rsquo;organisation r\u00e9gionale, que la Cedeao \u00ab\u00a0est devenue un instrument de propagande de la France\u00a0\u00bb et qu&rsquo;elle n&rsquo;a \u00ab\u00a0plus de raison d&rsquo;\u00eatre\u00a0\u00bb.<\/p>\n\n\n\n<p>L&rsquo;ex-pr\u00e9sident ivoirien (2000-2011) a \u00e9galement mis en garde l&rsquo;actuel titulaire du poste, Alassane Ouattara &#8211; en cours de troisi\u00e8me mandat &#8211; qu&rsquo;il \u00e9tait \u00ab\u00a0condamnable\u00a0\u00bb s&rsquo;il se pr\u00e9sentait pour un quatri\u00e8me mandat \u00e0 l&rsquo;\u00e9lection pr\u00e9sidentielle pr\u00e9vue fin 2025.<\/p>\n\n\n\n<p>\u00ab\u00a0La Constitution dit de fa\u00e7on claire et nette qu&rsquo;aucun individu ne peut \u00eatre pr\u00e9sident pour plus de deux mandats\u00a0\u00bb, a-t-il d\u00e9clar\u00e9.<\/p>\n\n\n\n<p>Au cours de l&rsquo;interview, il a r\u00e9p\u00e9t\u00e9 qu&rsquo;il serait lui-m\u00eame candidat \u00e0 la pr\u00e9sidentielle l&rsquo;an prochain. M. Gbagbo est toutefois pour l&rsquo;heure in\u00e9ligible.<\/p>\n\n\n\n<p>Acquitt\u00e9 par la justice internationale de crimes contre l&rsquo;humanit\u00e9 lors de la sanglante crise post-\u00e9lectorale de 2010-2011, il avait \u00e9t\u00e9 condamn\u00e9 en 2018 dans son pays \u00e0 20 ans de prison pour des faits li\u00e9s \u00e0 cette crise.<\/p>\n\n\n\n<p>Graci\u00e9 en 2022, un an apr\u00e8s son retour, par l&rsquo;actuel pr\u00e9sident Alassane Ouattara, il n&rsquo;a cependant pas \u00e9t\u00e9 amnisti\u00e9 ce qui l&#8217;emp\u00eache d&rsquo;\u00eatre r\u00e9inscrit sur les listes \u00e9lectorales.<\/p>\n\n\n\n<p>D\u00e9but octobre, le parti de M. Gbagbo, le Parti des peuples africains &#8211; C\u00f4te d&rsquo;Ivoire (PPA-CI), accusait le pouvoir en place de \u00ab\u00a0d\u00e9rive dictatoriale\u00a0\u00bb apr\u00e8s l&rsquo;arrestation de plusieurs cadres de partis d&rsquo;opposition.<\/p>\n\n\n\n<p>SOURCE DAKARACTU<\/p>\n","protected":false},"excerpt":{"rendered":"<p>L&rsquo;ex-pr\u00e9sident ivoirien Laurent Gbagbo a d\u00e9clar\u00e9 mercredi que \u00ab\u00a0la relation va s&rsquo;am\u00e9liorer\u00a0\u00bb entre la C\u00f4te d&rsquo;Ivoire et les r\u00e9gimes militaires<\/p>\n","protected":false},"author":1,"featured_media":13807,"comment_status":"open","ping_status":"open","sticky":false,"template":"","format":"standard","meta":{"footnotes":""},"categories":[51],"tags":[],"class_list":["post-44522","post","type-post","status-publish","format-standard","has-post-thumbnail","hentry","category-general"],"_links":{"self":[{"href":"https:\/\/dekkbi.com\/index.php?rest_route=\/wp\/v2\/posts\/44522","targetHints":{"allow":["GET"]}}],"collection":[{"href":"https:\/\/dekkbi.com\/index.php?rest_route=\/wp\/v2\/posts"}],"about":[{"href":"https:\/\/dekkbi.com\/index.php?rest_route=\/wp\/v2\/types\/post"}],"author":[{"embeddable":true,"href":"https:\/\/dekkbi.com\/index.php?rest_route=\/wp\/v2\/users\/1"}],"replies":[{"embeddable":true,"href":"https:\/\/dekkbi.com\/index.php?rest_route=%2Fwp%2Fv2%2Fcomments&post=44522"}],"version-history":[{"count":2,"href":"https:\/\/dekkbi.com\/index.php?rest_route=\/wp\/v2\/posts\/44522\/revisions"}],"predecessor-version":[{"id":44524,"href":"https:\/\/dekkbi.com\/index.php?rest_route=\/wp\/v2\/posts\/44522\/revisions\/44524"}],"wp:featuredmedia":[{"embeddable":true,"href":"https:\/\/dekkbi.com\/index.php?rest_route=\/wp\/v2\/media\/13807"}],"wp:attachment":[{"href":"https:\/\/dekkbi.com\/index.php?rest_route=%2Fwp%2Fv2%2Fmedia&parent=44522"}],"wp:term":[{"taxonomy":"category","embeddable":true,"href":"https:\/\/dekkbi.com\/index.php?rest_route=%2Fwp%2Fv2%2Fcategories&post=44522"},{"taxonomy":"post_tag","embeddable":true,"href":"https:\/\/dekkbi.com\/index.php?rest_route=%2Fwp%2Fv2%2Ftags&post=44522"}],"curies":[{"name":"wp","href":"https:\/\/api.w.org\/{rel}","templated":true}]}}