{"id":44513,"date":"2024-10-17T09:46:46","date_gmt":"2024-10-17T09:46:46","guid":{"rendered":"https:\/\/dekkbi.com\/?p=44513"},"modified":"2024-10-17T09:46:47","modified_gmt":"2024-10-17T09:46:47","slug":"le-systeme-denseignement-senegalais-quelles-reformes","status":"publish","type":"post","link":"https:\/\/dekkbi.com\/?p=44513","title":{"rendered":"Le syst\u00e8me d\u2019enseignement s\u00e9n\u00e9galais : quelles r\u00e9formes ?"},"content":{"rendered":"\n<p>Le spectacle d\u00e9solant des enfants sillonnant les rues, le ph\u00e9nom\u00e8ne des enfants-travailleurs expos\u00e9s \u00e0 tous les dangers, la souffrance des enfants intelligents mais en situation d\u2019\u00e9chec en raison de p\u00e9dagogies \u00e9litistes et exp\u00e9ditives, l\u2019exclusion quasi syst\u00e9matique des handicap\u00e9s de la soci\u00e9t\u00e9, la d\u00e9tresse de jeunes oblig\u00e9s de choisir entre une hypoth\u00e9tique carri\u00e8re sportive et les \u00e9tudes, le taux d\u2019analphab\u00e9tisme \u00e9lev\u00e9 (54.6% d\u2019apr\u00e8s certains), le nombre \u00e9tourdissant de dipl\u00f4m\u00e9s-ch\u00f4meurs, le co\u00fbt de plus en plus \u00e9lev\u00e9 des \u00e9tudes, le d\u00e9faut de culture scientifique chez beaucoup, les ravages de la superstition, le succ\u00e8s que conna\u00eet le charlatanisme, la cr\u00e9dulit\u00e9 d\u2019une partie de la population, l\u2019ignorance des probl\u00e8mes de l\u2019heure, la l\u00e9g\u00e8ret\u00e9 \u00e9thique et le manque de professionnalisme criard d\u2019acteurs d\u00e9tenant pourtant des dipl\u00f4mes \u00e9lev\u00e9s, l\u2019inconscience de certains protagonistes de l\u2019industrie culturelle, la faiblesse des \u00e9l\u00e8ves et des \u00e9tudiants, le d\u00e9sint\u00e9r\u00eat des apprenants pour la lecture, le laisser-aller d\u2019enseignants oubliant les r\u00e8gles les plus \u00e9l\u00e9mentaires d\u2019une bonne p\u00e9dagogie de la r\u00e9ussite, la vuln\u00e9rabilit\u00e9 des jeunes face aux pi\u00e8ges tendus par le syst\u00e8me postcolonial et le capitalisme, la position de nos \u00e9tablissements dans les classements mondiaux des universit\u00e9s, le r\u00f4le mineur de nos chercheurs, en raison de moyens d\u00e9risoires, dans la comp\u00e9tition scientifique internationale (comme si \u00eatre de simples consommateurs \u00e9tait pour nous une fatalit\u00e9) d\u00e9montrent que notre syst\u00e8me \u00e9ducatif est dans une crise profonde.<\/p>\n\n\n\n<p>Cette crise est aggrav\u00e9e par le fait qu\u2019avec la disparition des penseurs de l\u2019ind\u00e9pendance, repr\u00e9sent\u00e9s chez nous par le Pr\u00e9sident L\u00e9opold S\u00e9dar Senghor et le savant Cheikh Anta Diop, les grands d\u00e9bats intellectuels se sont fait rares s\u2019ils n\u2019ont pas purement et simplement disparu. C\u2019est comme si l\u2019Afrique a renonc\u00e9 aux grandes utopies se contentant de survivre et de reproduire aveugl\u00e9ment des r\u00e9f\u00e9rentiels insuffisamment interrog\u00e9s. Un vent d\u2019espoir se l\u00e8ve avec les nouvelles dynamiques politiques qui se font sentir, notamment au S\u00e9n\u00e9gal avec une ambition souverainiste r\u00e9pondant aux aspirations de la population. Pour ne pas rater ce virage nous proposons 20 axes de r\u00e9flexions qui permettront d\u2019agir sur le syst\u00e8me, sachant que l\u2019\u00e9cole et l\u2019universit\u00e9 (dans leurs formes aussi bien occidentales, arabes, chr\u00e9tiennes et traditionnelles) sont les creusets qui permettent de doter le citoyen de moyens de s\u2019orienter et de s\u2019imposer dans un monde complexe o\u00f9, malheureusement, le postcolonialisme est une r\u00e9alit\u00e9 massive. Une r\u00e9forme profonde de l\u2019enseignement devra&nbsp;:<\/p>\n\n\n\n<ol class=\"wp-block-list\">\n<li>D\u00e9finir l\u2019\u00e9cole et l\u2019universit\u00e9 (qui dispense des comp\u00e9tences fondamentales parmi lesquelles la capacit\u00e9 \u00e0 traduire ces savoirs, savoir-\u00eatre et savoir-faire dans le cadre professionnel par exemple),<\/li>\n\n\n\n<li>Questionner les r\u00e9f\u00e9rentiels propos\u00e9s par l\u2019Occident, notamment le syst\u00e8me LMD, dont les finalit\u00e9s sont floues (ne serait-ce pas une vaste fabrique de prol\u00e9taires voire de pron\u00e9taires\u00a0?),<\/li>\n\n\n\n<li>Questionner la pertinence des syst\u00e8mes d\u2019enseignement afin de proposer des m\u00e9thodes adapt\u00e9es \u00e0 nos r\u00e9alit\u00e9s et au profil de nos apprenants,<\/li>\n\n\n\n<li>Inculquer la double culture (humaniste et scientifique), et pour cela repenser les curricula,<\/li>\n\n\n\n<li>R\u00e9volutionner les m\u00e9thodes d\u2019enseignement des sciences,<\/li>\n\n\n\n<li>Repenser les programmes,<\/li>\n\n\n\n<li>Int\u00e9grer la spiritualit\u00e9 parmi les th\u00e8mes abord\u00e9s,<\/li>\n\n\n\n<li>Sauver notre patrimoine culturel (avec des humanit\u00e9s num\u00e9riques version s\u00e9n\u00e9galaise),<\/li>\n\n\n\n<li>Valoriser voire vendre notre culture,<\/li>\n\n\n\n<li>Contribuer \u00e0 l\u2019\u00e9laboration de l\u2019Union Africaine,<\/li>\n\n\n\n<li>Organiser la communaut\u00e9 scientifique africaine (base d\u2019indexation des revues, coop\u00e9ration inter-universitaire au plan r\u00e9gional, mobilit\u00e9 des apprenants, cr\u00e9ation de grandes \u00e9coles interafricaines, mutualisation des ressources humaines et des infrastructures\u2026),<\/li>\n\n\n\n<li>Mettre en place des maisons d\u2019\u00e9ditions universitaires et ce faisant un espace de r\u00e9flexions scientifiques,<\/li>\n\n\n\n<li>Rendre effectif\u00a0<em>l\u2019\u00e9cole pour tous<\/em>\u00a0afin que la population soit autonome et arm\u00e9e dans un monde comp\u00e9titif,<\/li>\n\n\n\n<li>Parachever les dispositifs inclusifs pour les handicap\u00e9s en d\u00e9veloppant leurs potentiels, en leur enseignant la dignit\u00e9 et en leur faisant b\u00e9n\u00e9ficiant d\u2019une discrimination positive dans l\u2019acc\u00e8s \u00e0 des postes de travail,<\/li>\n\n\n\n<li>Articuler\u00a0<strong>sport et \u00e9tudes<\/strong>\u00a0(la pratique sportive, en plus d\u2019\u00eatre, pour nous, une capabilit\u00e9<a href=\"https:\/\/www.sudquotidien.sn\/le-systeme-denseignement-senegalais-quelles-reformes\/#_ftn1\">[1]<\/a>, peut g\u00e9n\u00e9rer des retomb\u00e9es consid\u00e9rables en termes de sant\u00e9 publique et en termes \u00e9conomiques),<\/li>\n\n\n\n<li>S\u2019approprier les nouvelles technologies (internet, IA\u2026). D\u00e9velopper des strat\u00e9gies pour acc\u00e9der \u00e0 la souverainet\u00e9 dans ce domaine,<\/li>\n\n\n\n<li>Introduire nos langues nationales afin de les valoriser et surtout de combattre l\u2019\u00e9chec scolaire,<\/li>\n\n\n\n<li>Mettre en place un cadrage qui permette d\u2019avoir une recherche comp\u00e9titive et prenant en charge nos besoins. Sans souverainet\u00e9 scientifique et technologique il est illusoire d\u2019esp\u00e9rer \u00eatre r\u00e9ellement ind\u00e9pendants,<\/li>\n\n\n\n<li>Vulgariser l\u2019esprit scientifique,<\/li>\n\n\n\n<li>\u00c9duquer les masses\u00a0: d\u00e9velopper gr\u00e2ce \u00e0 des strat\u00e9gies \u00e9ducatives ma\u00eetris\u00e9es chez chaque citoyen les valeurs telles que\u00a0:\n<ol class=\"wp-block-list\">\n<li>l\u2019esprit critique, notamment vis-\u00e0-vis de la presse et de l\u2019internet,<\/li>\n\n\n\n<li>la confiance en soi,<\/li>\n\n\n\n<li>l\u2019int\u00e9grit\u00e9\u00a0;<\/li>\n\n\n\n<li>le patriotisme,<\/li>\n\n\n\n<li>le professionnalisme,<\/li>\n\n\n\n<li>l\u2019esprit scientifique,<\/li>\n\n\n\n<li>l\u2019enracinement dans sa culture et son histoire,<\/li>\n\n\n\n<li>l\u2019ouverture \u00e0 l\u2019autre,<\/li>\n\n\n\n<li>le respect de la femme,<\/li>\n\n\n\n<li>le respect de l\u2019enfant,<\/li>\n\n\n\n<li>le respect des adultes,<\/li>\n\n\n\n<li>le respect de l\u2019environnement,<\/li>\n\n\n\n<li>le respect des institutions,<\/li>\n\n\n\n<li>le respect des minorit\u00e9s<\/li>\n\n\n\n<li>le sens de la communaut\u00e9.<\/li>\n\n\n\n<li>l\u2019esprit d\u2019initiative.<\/li>\n<\/ol>\n<\/li>\n<\/ol>\n\n\n\n<p><em><a href=\"https:\/\/www.sudquotidien.sn\/le-systeme-denseignement-senegalais-quelles-reformes\/#_ftnref1\">[1]<\/a>&nbsp;La philosophe am\u00e9ricaine Martha Nussbaum a repris ce concept de capabilit\u00e9 de l\u2019\u00e9conomiste indien Amartya Sen (Nouveau mod\u00e8le \u00e9conomique. D\u00e9veloppement, justice, libert\u00e9, Odile Jacob, 2000)&nbsp; tout en le remaniant dans son ouvrage Capabilit\u00e9s&nbsp;: comment cr\u00e9er les conditions d\u2019un monde juste&nbsp;? (trad. De l\u2019anglais), Flammarion, 2012. Pour elle une capabilit\u00e9 est une des libert\u00e9s fondamentales qui participe au d\u00e9veloppement de l\u2019individu et \u00e0 sa r\u00e9alisation.<\/em><\/p>\n\n\n\n<p><strong>Conclusion<\/strong><\/p>\n\n\n\n<p>La Nouvelle \u00c9cole S\u00e9n\u00e9galaise, tout en s\u2019inscrivant dans les cadres organisationnels et politiques (UNESCO) internationaux doit permettre \u00e0 nos soci\u00e9t\u00e9s de concevoir des r\u00e9ponses appropri\u00e9es aux \u00e9quations que nous pose notre environnement mena\u00e7ant. En ciblant des produits r\u00e9solument modernes (ma\u00eetrisant les outils num\u00e9riques voire en comprenant les enjeux technologiques, anthropologiques et politiques), enracin\u00e9s dans leurs valeurs culturelles fondamentales, le S\u00e9n\u00e9gal pourra disposer, dans un horizon tr\u00e8s proche, de ressources humaines aptes \u00e0 r\u00e9pondre aux d\u00e9fis du monde contemporain. Les universitaires, d\u00e9complex\u00e9s, conscients des exigences du travail scientifique et accompagn\u00e9s par l\u2019\u00c9tat s\u00e9n\u00e9galais et les autres acteurs \u00e9conomiques, pourront donner forme \u00e0 cette contribution au monde. Surtout que la jeunesse s\u00e9n\u00e9galaise a montr\u00e9, par sa lucidit\u00e9 et son ing\u00e9niosit\u00e9 politique ayant abouti \u00e0 l\u2019alternance dans laquelle nous sommes, que la balle est dans le camp des institutions.<\/p>\n\n\n\n<p>L\u2019int\u00e9gration des activit\u00e9s sportives dans le syst\u00e8me \u00e9ducatif, la pratique d\u2019activit\u00e9s extra-muros permettraient, par exemple, de contrecarrer les effets des smartphones et autres appareils. Il est, par ailleurs, \u00e9vident qu\u2019un travail s\u00e9rieux doit \u00eatre men\u00e9 pour une appropriation de l\u2019Intelligence Artificielle. Le r\u00f4le de l\u2019enseignant, essentiel (m\u00eame si l\u2019IA l\u2019all\u00e8gera consid\u00e9rablement) doit \u00eatre clairement d\u00e9fini. L\u2019un des d\u00e9fis p\u00e9dagogique majeur est la lutte contre la paresse cognitive et les pratiques frauduleuses qui vont avec. En ce sens il faudra travailler \u00e0 casser la logique de l\u2019enseignement centr\u00e9 sur la performance du professeur et \u00e0 augmenter le TPA (Travail Personnel de l\u2019Apprenant). C\u2019est cette inversion qui d\u00e9veloppera l\u2019autonomie, la cr\u00e9ativit\u00e9 et les comp\u00e9tences m\u00e9tacognitives du sujet apprenant.<\/p>\n\n\n\n<p>C\u2019est ainsi qu\u2019on pourra \u00e9difier une soci\u00e9t\u00e9 intellectuelle compos\u00e9e d\u2019individus \u00e9mancip\u00e9s, impr\u00e9gn\u00e9s des probl\u00e9matiques de leur \u00e9poque et arm\u00e9s pour y vivre. Il s\u2019agit donc de parachever l\u2019\u0153uvre des pr\u00e9curseurs.<\/p>\n\n\n\n<p>Pr. Boubacar CAMARA, UGB<\/p>\n","protected":false},"excerpt":{"rendered":"<p>Le spectacle d\u00e9solant des enfants sillonnant les rues, le ph\u00e9nom\u00e8ne des enfants-travailleurs expos\u00e9s \u00e0 tous les dangers, la souffrance des<\/p>\n","protected":false},"author":1,"featured_media":9252,"comment_status":"open","ping_status":"open","sticky":false,"template":"","format":"standard","meta":{"footnotes":""},"categories":[21],"tags":[],"class_list":["post-44513","post","type-post","status-publish","format-standard","has-post-thumbnail","hentry","category-societe"],"_links":{"self":[{"href":"https:\/\/dekkbi.com\/index.php?rest_route=\/wp\/v2\/posts\/44513","targetHints":{"allow":["GET"]}}],"collection":[{"href":"https:\/\/dekkbi.com\/index.php?rest_route=\/wp\/v2\/posts"}],"about":[{"href":"https:\/\/dekkbi.com\/index.php?rest_route=\/wp\/v2\/types\/post"}],"author":[{"embeddable":true,"href":"https:\/\/dekkbi.com\/index.php?rest_route=\/wp\/v2\/users\/1"}],"replies":[{"embeddable":true,"href":"https:\/\/dekkbi.com\/index.php?rest_route=%2Fwp%2Fv2%2Fcomments&post=44513"}],"version-history":[{"count":1,"href":"https:\/\/dekkbi.com\/index.php?rest_route=\/wp\/v2\/posts\/44513\/revisions"}],"predecessor-version":[{"id":44514,"href":"https:\/\/dekkbi.com\/index.php?rest_route=\/wp\/v2\/posts\/44513\/revisions\/44514"}],"wp:featuredmedia":[{"embeddable":true,"href":"https:\/\/dekkbi.com\/index.php?rest_route=\/wp\/v2\/media\/9252"}],"wp:attachment":[{"href":"https:\/\/dekkbi.com\/index.php?rest_route=%2Fwp%2Fv2%2Fmedia&parent=44513"}],"wp:term":[{"taxonomy":"category","embeddable":true,"href":"https:\/\/dekkbi.com\/index.php?rest_route=%2Fwp%2Fv2%2Fcategories&post=44513"},{"taxonomy":"post_tag","embeddable":true,"href":"https:\/\/dekkbi.com\/index.php?rest_route=%2Fwp%2Fv2%2Ftags&post=44513"}],"curies":[{"name":"wp","href":"https:\/\/api.w.org\/{rel}","templated":true}]}}