{"id":44499,"date":"2024-10-17T09:25:23","date_gmt":"2024-10-17T09:25:23","guid":{"rendered":"https:\/\/dekkbi.com\/?p=44499"},"modified":"2024-10-17T09:25:24","modified_gmt":"2024-10-17T09:25:24","slug":"malick-ngom-nouveau-president-du-cng-de-la-lutte","status":"publish","type":"post","link":"https:\/\/dekkbi.com\/?p=44499","title":{"rendered":"\u00a0Malick Ngom, nouveau pr\u00e9sident du CNG de la lutte\u00a0"},"content":{"rendered":"\n<p>Dakar,  (APS) \u2013 L\u2019arbitre de lutte s\u00e9n\u00e9galaise Malick Ngom a \u00e9t\u00e9 nomm\u00e9 pr\u00e9sident du Comit\u00e9 national de gestion de la lutte (CNG), en remplacement de Bira S\u00e8ne dont le mandat est arriv\u00e9 \u00e0 terme, a-t-on appris mercredi du minist\u00e8re des Sports.<\/p>\n\n\n\n<p>La ministre de la Jeunesse, des Sports et de la Culture, Khady Di\u00e8ne Gaye, avait rencontr\u00e9 les acteurs de la lutte jeudi dernier, pour s\u2019entretenir avec eux des modalit\u00e9s de d\u00e9signation de la nouvelle \u00e9quipe du CNG.<\/p>\n\n\n\n<p>Mme Gaye avait demand\u00e9, au cours de cette rencontre, aux acteurs de la lutte de lui proposer une liste de trois candidats sur la base de laquelle le nouveau pr\u00e9sident du CNG sera choisi.<\/p>\n\n\n\n<p>Plusieurs personnalit\u00e9s du monde de la lutte avaient fait acte de candidature, dont le communicateur traditionnel B\u00e9caye Mbaye et l\u2019ancien lutteur Mohamed Ndao \u201cTyson\u201d.<\/p>\n\n\n\n<p>L\u2019association des lutteurs en activit\u00e9 dirig\u00e9e par&nbsp; Ibrahima Dione dit \u201cGris Bordeaux\u201d avait port\u00e9 son choix sur Malick Ngom, finalement nomm\u00e9 \u00e0 la t\u00eate du CNG en remplacement de Bira S\u00e8ne.<\/p>\n\n\n\n<p>Le ministre des Sports avait annonc\u00e9 que le nouveau pr\u00e9sident du CNG aura \u201cun mandat d\u2019une ann\u00e9e assorti d\u2019une convention d\u2019objectifs\u201d.<\/p>\n\n\n\n<p>Elle avait aussi pr\u00e9cis\u00e9 qu\u2019\u00e0 l\u2019issue de son mandat, le pr\u00e9sident pourra \u00eatre \u00e9valu\u00e9 pour savoir s\u2019il sera reconduit ou non.<\/p>\n\n\n\n<p>SK\/BK<\/p>\n","protected":false},"excerpt":{"rendered":"<p>Dakar, (APS) \u2013 L\u2019arbitre de lutte s\u00e9n\u00e9galaise Malick Ngom a \u00e9t\u00e9 nomm\u00e9 pr\u00e9sident du Comit\u00e9 national de gestion de la<\/p>\n","protected":false},"author":1,"featured_media":44500,"comment_status":"open","ping_status":"open","sticky":false,"template":"","format":"standard","meta":{"footnotes":""},"categories":[9],"tags":[],"class_list":["post-44499","post","type-post","status-publish","format-standard","has-post-thumbnail","hentry","category-sports"],"_links":{"self":[{"href":"https:\/\/dekkbi.com\/index.php?rest_route=\/wp\/v2\/posts\/44499","targetHints":{"allow":["GET"]}}],"collection":[{"href":"https:\/\/dekkbi.com\/index.php?rest_route=\/wp\/v2\/posts"}],"about":[{"href":"https:\/\/dekkbi.com\/index.php?rest_route=\/wp\/v2\/types\/post"}],"author":[{"embeddable":true,"href":"https:\/\/dekkbi.com\/index.php?rest_route=\/wp\/v2\/users\/1"}],"replies":[{"embeddable":true,"href":"https:\/\/dekkbi.com\/index.php?rest_route=%2Fwp%2Fv2%2Fcomments&post=44499"}],"version-history":[{"count":1,"href":"https:\/\/dekkbi.com\/index.php?rest_route=\/wp\/v2\/posts\/44499\/revisions"}],"predecessor-version":[{"id":44501,"href":"https:\/\/dekkbi.com\/index.php?rest_route=\/wp\/v2\/posts\/44499\/revisions\/44501"}],"wp:featuredmedia":[{"embeddable":true,"href":"https:\/\/dekkbi.com\/index.php?rest_route=\/wp\/v2\/media\/44500"}],"wp:attachment":[{"href":"https:\/\/dekkbi.com\/index.php?rest_route=%2Fwp%2Fv2%2Fmedia&parent=44499"}],"wp:term":[{"taxonomy":"category","embeddable":true,"href":"https:\/\/dekkbi.com\/index.php?rest_route=%2Fwp%2Fv2%2Fcategories&post=44499"},{"taxonomy":"post_tag","embeddable":true,"href":"https:\/\/dekkbi.com\/index.php?rest_route=%2Fwp%2Fv2%2Ftags&post=44499"}],"curies":[{"name":"wp","href":"https:\/\/api.w.org\/{rel}","templated":true}]}}