{"id":44496,"date":"2024-10-17T09:23:04","date_gmt":"2024-10-17T09:23:04","guid":{"rendered":"https:\/\/dekkbi.com\/?p=44496"},"modified":"2024-10-17T09:48:41","modified_gmt":"2024-10-17T09:48:41","slug":"macky-ses-ministres-et-la-haute-cour-de-justice-sonko-annonce-la-couleur","status":"publish","type":"post","link":"https:\/\/dekkbi.com\/?p=44496","title":{"rendered":"Macky, ses ministres et la haute Cour de Justice : Sonko annonce la Couleur"},"content":{"rendered":"\n<p>iGFM &#8211; (Dakar) A quelques semaines du d\u00e9but de la Campagne des L\u00e9gislatives, le Pr\u00e9sident de Pastef est mont\u00e9 au cr\u00e9neau ce mercredi. Ousmane Sonko s\u2019est adress\u00e9 \u00e0 ses militants et aux s\u00e9n\u00e9galais, leur demandant de donner au pouvoir actuel, la majorit\u00e9 \u00e0 l\u2019Assembl\u00e9e nationale. <\/p>\n\n\n\n<p>Ce, notamment pour mettre en place la Haute Cour de Justice afin de Juger des ministres de l\u2019ancien r\u00e9gime ou m\u00eame l&rsquo;ex pr\u00e9sident de la R\u00e9publique.<\/p>\n\n\n\n<figure class=\"wp-block-embed is-type-rich is-provider-prise-en-charge-des-contenus-embarqu-s wp-block-embed-prise-en-charge-des-contenus-embarqu-s wp-embed-aspect-16-9 wp-has-aspect-ratio\"><div class=\"wp-block-embed__wrapper\">\n<iframe loading=\"lazy\" title=\"Macky et ses ministres \u00e0 la haute Cour de Justice : Sonko annonce....\" width=\"800\" height=\"450\" src=\"https:\/\/www.youtube.com\/embed\/nlUqecWDEs0?feature=oembed\" frameborder=\"0\" allow=\"accelerometer; autoplay; clipboard-write; encrypted-media; gyroscope; picture-in-picture; web-share\" referrerpolicy=\"strict-origin-when-cross-origin\" allowfullscreen><\/iframe>\n<\/div><\/figure>\n","protected":false},"excerpt":{"rendered":"<p>iGFM &#8211; (Dakar) A quelques semaines du d\u00e9but de la Campagne des L\u00e9gislatives, le Pr\u00e9sident de Pastef est mont\u00e9 au<\/p>\n","protected":false},"author":1,"featured_media":44515,"comment_status":"open","ping_status":"open","sticky":false,"template":"","format":"standard","meta":{"footnotes":""},"categories":[6],"tags":[],"class_list":["post-44496","post","type-post","status-publish","format-standard","has-post-thumbnail","hentry","category-politics"],"_links":{"self":[{"href":"https:\/\/dekkbi.com\/index.php?rest_route=\/wp\/v2\/posts\/44496","targetHints":{"allow":["GET"]}}],"collection":[{"href":"https:\/\/dekkbi.com\/index.php?rest_route=\/wp\/v2\/posts"}],"about":[{"href":"https:\/\/dekkbi.com\/index.php?rest_route=\/wp\/v2\/types\/post"}],"author":[{"embeddable":true,"href":"https:\/\/dekkbi.com\/index.php?rest_route=\/wp\/v2\/users\/1"}],"replies":[{"embeddable":true,"href":"https:\/\/dekkbi.com\/index.php?rest_route=%2Fwp%2Fv2%2Fcomments&post=44496"}],"version-history":[{"count":1,"href":"https:\/\/dekkbi.com\/index.php?rest_route=\/wp\/v2\/posts\/44496\/revisions"}],"predecessor-version":[{"id":44498,"href":"https:\/\/dekkbi.com\/index.php?rest_route=\/wp\/v2\/posts\/44496\/revisions\/44498"}],"wp:featuredmedia":[{"embeddable":true,"href":"https:\/\/dekkbi.com\/index.php?rest_route=\/wp\/v2\/media\/44515"}],"wp:attachment":[{"href":"https:\/\/dekkbi.com\/index.php?rest_route=%2Fwp%2Fv2%2Fmedia&parent=44496"}],"wp:term":[{"taxonomy":"category","embeddable":true,"href":"https:\/\/dekkbi.com\/index.php?rest_route=%2Fwp%2Fv2%2Fcategories&post=44496"},{"taxonomy":"post_tag","embeddable":true,"href":"https:\/\/dekkbi.com\/index.php?rest_route=%2Fwp%2Fv2%2Ftags&post=44496"}],"curies":[{"name":"wp","href":"https:\/\/api.w.org\/{rel}","templated":true}]}}