{"id":44483,"date":"2024-10-16T10:50:07","date_gmt":"2024-10-16T10:50:07","guid":{"rendered":"https:\/\/dekkbi.com\/?p=44483"},"modified":"2024-10-16T10:57:33","modified_gmt":"2024-10-16T10:57:33","slug":"accord-controverse-entre-litalie-et-lalbanie-arrivee-des-premiers-migrants","status":"publish","type":"post","link":"https:\/\/dekkbi.com\/?p=44483","title":{"rendered":"Accord entre l&rsquo;Italie et l&rsquo;Albanie: arriv\u00e9e des premiers migrants"},"content":{"rendered":"\n<p>Un peu moins d&rsquo;un an apr\u00e8s la signature d&rsquo;un accord controvers\u00e9 entre Rome et Tirana, les premiers migrants arr\u00eat\u00e9s dans les eaux italiennes sont arriv\u00e9s en Albanie mercredi, une externalisation de la demande d&rsquo;asile jamais vue en Europe.<\/p>\n\n\n\n<p>Peu avant dix heures, les 16 hommes originaires d\u2019\u00c9gypte et du Bangladesh ont d\u00e9barqu\u00e9 du Libra, navire de la marine italienne au port de Shengjin, dans le nord de l&rsquo;Albanie. Leur voyage aura dur\u00e9 plus de 36 heures.<\/p>\n\n\n\n<h2 class=\"wp-block-heading\">\u00ab\u00a0Le r\u00eave europ\u00e9en\u00a0\u00bb<\/h2>\n\n\n\n<p>Une quinzaine de personnes les attendaient \u00e0 l&rsquo;arriv\u00e9e, ont pu constater des journalistes de l&rsquo;AFP, malgr\u00e9 l&rsquo;interdiction totale d&rsquo;entrer le port. Ils ont \u00e9t\u00e9 escort\u00e9s par la police italienne, par petits groupes, vers les portes du centre construit sur place pour les accueillir, surmont\u00e9es des drapeaux italien et europ\u00e9en.<\/p>\n\n\n\n<p>A quelques m\u00e8tres de l\u00e0, \u00e0 l&rsquo;entr\u00e9e du port, une poign\u00e9e de militants ont manifest\u00e9 en d\u00e9roulant une banderole sur laquelle on pouvait lire \u00ab\u00a0Le r\u00eave europ\u00e9en s&rsquo;arr\u00eate ici\u00a0\u00bb, ainsi que des photos de la cheffe du gouvernement italien, Giorgia Meloni, et de son homologue, Edi Rama, grim\u00e9s en policiers.<\/p>\n\n\n\n<p>Les 16 hommes, tous plut\u00f4t jeunes selon les journalistes de l&rsquo;AFP, doivent d\u00e9sormais \u00eatre enregistr\u00e9s, photographi\u00e9s. Leur identit\u00e9 doit \u00eatre v\u00e9rifi\u00e9e, dans ces pr\u00e9fabriqu\u00e9s install\u00e9s par l&rsquo;Italie \u00e0 quelques m\u00e8tres des bateaux de p\u00eaches et des cargos, entour\u00e9s de hautes grilles et gard\u00e9s par les forces de l&rsquo;ordre italiennes.<\/p>\n\n\n\n<p>Ils seront ensuite emmen\u00e9s 20 km plus loin dans le camp de Gjader, qui pourra accueillir jusqu&rsquo;\u00e0 880 personnes en m\u00eame temps.<\/p>\n\n\n\n<p>L\u00e0, install\u00e9s dans des pr\u00e9fabriqu\u00e9s de 12 m2, \u00e9galement entour\u00e9s de hauts murs, et surveill\u00e9s par des cam\u00e9ras et des membres des forces de l&rsquo;ordre italiennes, ils pourront d\u00e9poser leurs demandes d&rsquo;asile : dix \u00e9crans g\u00e9ants ont \u00e9t\u00e9 install\u00e9s dans un tribunal \u00e0 Rome pour permettre aux juges de superviser les audiences. Les demandeurs communiqueront avec leurs avocats par visioconf\u00e9rence.<\/p>\n\n\n\n<p>Les demandes d&rsquo;asile doivent \u00eatre approuv\u00e9es ou rejet\u00e9es dans un d\u00e9lai de 28 jours &#8211; les personnes qui attendent encore une d\u00e9cision apr\u00e8s ce d\u00e9lai seront envoy\u00e9es en Italie. Mais ce laps de temps para\u00eet difficile \u00e0 tenir au regard de la lenteur des proc\u00e9dures administratives italiennes.<\/p>\n\n\n\n<p>Un b\u00e2timent de 144 places sera destin\u00e9 \u00e0 ceux dont la demande aura \u00e9t\u00e9 refus\u00e9e et qui risquent un rapatriement. Une prison construite sur place pourra accueillir jusqu&rsquo;\u00e0 20 personnes.<\/p>\n\n\n\n<p>La construction des deux centres a co\u00fbt\u00e9 65 millions d&rsquo;euros \u00e0 l&rsquo;Italie, le double du budget pr\u00e9vu. A partir de 2025, le co\u00fbt de l&rsquo;accord pour l&rsquo;Italie est estim\u00e9 \u00e0 160 millions d&rsquo;euros par an.<\/p>\n\n\n\n<p>Ces millions \u00ab\u00a0auraient pu \u00eatre utilis\u00e9s pour la sant\u00e9 publique pour diminuer les listes d\u2019attente, alors qu\u2019on les jette par la fen\u00eatre pour d\u00e9porter des migrants en pi\u00e9tinant leurs droits\u00a0\u00bb, a fustig\u00e9 mercredi matin dans un entretien au Corriere della Sera Elly Schlein, cheffe du principal parti d&rsquo;opposition, le Parti d\u00e9mocrate.<\/p>\n\n\n\n<h2 class=\"wp-block-heading\">\u00ab\u00a0Le\u00e7ons\u00a0\u00bb<\/h2>\n\n\n\n<p>Cette externalisation de la demande d&rsquo;asile, une premi\u00e8re en Europe, a \u00e9t\u00e9 rendue possible par un accord controvers\u00e9 sign\u00e9 en novembre 2023 entre la cheffe du gouvernement italien d&rsquo;extr\u00eame droite, Giorgia Meloni et le Premier ministre socialiste albanais, Edi Rama.<\/p>\n\n\n\n<p>Il concerne uniquement les hommes adultes intercept\u00e9s par la marine ou les garde-c\u00f4tes italiens dans leur zone de recherche et de sauvetage dans les eaux internationales.<\/p>\n\n\n\n<p>Saluant mardi un \u00ab\u00a0accord courageux\u00a0\u00bb, Giorgia Meloni s&rsquo;est aussi dite \u00ab\u00a0fi\u00e8re que l&rsquo;Italie soit devenue de ce point de vue un exemple \u00e0 suivre\u00a0\u00bb, en \u00e9voquant l&rsquo;int\u00e9r\u00eat des gouvernements fran\u00e7ais, allemand, su\u00e9dois ou britannique sur la politique italienne de gestion des flux migratoires.<\/p>\n\n\n\n<p>L&rsquo;accord a \u00e9t\u00e9 conspu\u00e9 par de nombreuses ONG de d\u00e9fense des droits humains qui y voient une violation des r\u00e8gles internationales.<\/p>\n\n\n\n<p>Il \u00ab\u00a0viole le droit maritime international et risque d\u2019\u00e9roder encore davantage les droits fondamentaux des r\u00e9fugi\u00e9s\u00a0\u00bb, a \u00e9crit mardi l&rsquo;ONG SOS Humanity, estimant que \u00ab\u00a0cet accord est une nouvelle strat\u00e9gie d\u2019un \u00c9tat membre de l\u2019UE visant \u00e0 externaliser la gestion des migrations et \u00e0 se d\u00e9charger ainsi de sa responsabilit\u00e9 en mati\u00e8re de droits humains des r\u00e9fugi\u00e9s\u00a0\u00bb.<\/p>\n\n\n\n<p>En d\u00e9but de semaine, la pr\u00e9sidente de la Commission europ\u00e9enne Ursula von der Leyen a mentionn\u00e9 dans une lettre aux Etats membres de l&rsquo;UE une proposition inflammable de transferts de migrants dans des centres d&rsquo;accueil de pays tiers, des \u00ab\u00a0hubs de retour\u00a0\u00bb, appelant \u00e0 tirer les \u00ab\u00a0le\u00e7ons\u00a0\u00bb de l&rsquo;accord Italie-Albanie.<\/p>\n\n\n\n<p>A Shengjin, le Libra est reparti \u00e0 la mi-journ\u00e9e.<\/p>\n\n\n\n<p>Par Briseida MEMA  &#8211; \u00a9 2024 AFP &#8211; SOURCE TV5.ORG<\/p>\n","protected":false},"excerpt":{"rendered":"<p>Un peu moins d&rsquo;un an apr\u00e8s la signature d&rsquo;un accord controvers\u00e9 entre Rome et Tirana, les premiers migrants arr\u00eat\u00e9s dans<\/p>\n","protected":false},"author":1,"featured_media":44484,"comment_status":"open","ping_status":"open","sticky":false,"template":"","format":"standard","meta":{"footnotes":""},"categories":[51],"tags":[],"class_list":["post-44483","post","type-post","status-publish","format-standard","has-post-thumbnail","hentry","category-general"],"_links":{"self":[{"href":"https:\/\/dekkbi.com\/index.php?rest_route=\/wp\/v2\/posts\/44483","targetHints":{"allow":["GET"]}}],"collection":[{"href":"https:\/\/dekkbi.com\/index.php?rest_route=\/wp\/v2\/posts"}],"about":[{"href":"https:\/\/dekkbi.com\/index.php?rest_route=\/wp\/v2\/types\/post"}],"author":[{"embeddable":true,"href":"https:\/\/dekkbi.com\/index.php?rest_route=\/wp\/v2\/users\/1"}],"replies":[{"embeddable":true,"href":"https:\/\/dekkbi.com\/index.php?rest_route=%2Fwp%2Fv2%2Fcomments&post=44483"}],"version-history":[{"count":2,"href":"https:\/\/dekkbi.com\/index.php?rest_route=\/wp\/v2\/posts\/44483\/revisions"}],"predecessor-version":[{"id":44486,"href":"https:\/\/dekkbi.com\/index.php?rest_route=\/wp\/v2\/posts\/44483\/revisions\/44486"}],"wp:featuredmedia":[{"embeddable":true,"href":"https:\/\/dekkbi.com\/index.php?rest_route=\/wp\/v2\/media\/44484"}],"wp:attachment":[{"href":"https:\/\/dekkbi.com\/index.php?rest_route=%2Fwp%2Fv2%2Fmedia&parent=44483"}],"wp:term":[{"taxonomy":"category","embeddable":true,"href":"https:\/\/dekkbi.com\/index.php?rest_route=%2Fwp%2Fv2%2Fcategories&post=44483"},{"taxonomy":"post_tag","embeddable":true,"href":"https:\/\/dekkbi.com\/index.php?rest_route=%2Fwp%2Fv2%2Ftags&post=44483"}],"curies":[{"name":"wp","href":"https:\/\/api.w.org\/{rel}","templated":true}]}}