{"id":44470,"date":"2024-10-16T10:37:46","date_gmt":"2024-10-16T10:37:46","guid":{"rendered":"https:\/\/dekkbi.com\/?p=44470"},"modified":"2024-10-16T10:39:02","modified_gmt":"2024-10-16T10:39:02","slug":"guerre-au-proche-orient-nouvelle-passe-darmes-entre-emmanuel-macron-et-benyamin-netanyahu","status":"publish","type":"post","link":"https:\/\/dekkbi.com\/?p=44470","title":{"rendered":"Guerre au Proche-Orient: nouvelle passe d&rsquo;armes entre Emmanuel Macron et Benyamin Netanyahu"},"content":{"rendered":"\n<p>Les \u00e9changes ont \u00e0 nouveau \u00e9t\u00e9 houleux ce mardi 14 octobre entre le pr\u00e9sident fran\u00e7ais Emmanuel Macron et le Premier ministre isra\u00e9lien Benyamin Netanyahu lors d\u2019une conversation t\u00e9l\u00e9phonique entre les deux dirigeants. Le pr\u00e9sident Macron a une nouvelle fois r\u00e9clam\u00e9 la mise en place d\u2019une tr\u00eave, alors que sur le terrain, la situation est de plus en plus critique. Une demande qui a \u00e9t\u00e9 une nouvelle rejet\u00e9e avant que le ton monte entre les deux responsables.<\/p>\n\n\n\n<p><strong>Le thermom\u00e8tre des relations bilat\u00e9rales avait enregistr\u00e9 une chute subite<\/strong>\u00a0il y a dix jours quand\u00a0<strong>Emmanuel Macron<\/strong>\u00a0appel\u00e9 \u00e0 \u00ab\u00a0<em>cesser de fournir les armes<\/em>\u00a0\u00bb pour mener les combats \u00e0 Gaza.<\/p>\n\n\n\n<p>Hier mardi, la temp\u00e9rature s\u2019est encore refroidie avec la phrase que le pr\u00e9sident fran\u00e7ais aurait prononc\u00e9e lors du Conseil des ministres en France\u00a0: \u00ab\u00a0<em>M. Netanyahu ne doit pas oublier que son pays a \u00e9t\u00e9 cr\u00e9\u00e9 par une d\u00e9cision de l&rsquo;<strong>ONU<\/strong>. Et par cons\u00e9quent, ce n&rsquo;est pas le moment de s&rsquo;affranchir des d\u00e9cisions de l&rsquo;ONU.<\/em>\u00a0\u00bb La \u00ab\u00a0<em>d\u00e9cision<\/em>\u00a0\u00bb invoqu\u00e9e par Emmanuel Macron est la r\u00e9solution 181 adopt\u00e9e par l&rsquo;Assembl\u00e9e g\u00e9n\u00e9rale des Nations unies en novembre 1947 qui pr\u00e9voit la cr\u00e9ation d\u2019un \u00c9tat juif et d\u2019un \u00c9tat arabe.<\/p>\n\n\n\n<h2 class=\"wp-block-heading\">Vives r\u00e9actions de Netanyahu et du Crif<\/h2>\n\n\n\n<p>R\u00e9ponse imm\u00e9diate du Premier ministre isra\u00e9lien dans un communiqu\u00e9\u00a0: \u00ab\u00a0<em>Ce n&rsquo;est pas la r\u00e9solution de l&rsquo;ONU qui a \u00e9tabli l&rsquo;\u00c9tat d&rsquo;<strong>Isra\u00ebl<\/strong>, mais plut\u00f4t la victoire obtenue dans la guerre d&rsquo;ind\u00e9pendance avec le sang de combattants h\u00e9ro\u00efques, dont beaucoup \u00e9taient des survivants de l&rsquo;Holocauste &#8211; notamment du r\u00e9gime de Vichy en France.<\/em>\u00a0\u00bb<\/p>\n\n\n\n<p>Le pr\u00e9sident du Conseil repr\u00e9sentatif des institutions juives de\u00a0<strong>France<\/strong>\u00a0(Crif), Yonathan Arfi a \u00e9galement r\u00e9agi sur son compte X, adoptant la m\u00eame ligne\u00a0: \u00ab\u00a0<em>Les propos attribu\u00e9s au pr\u00e9sident de la R\u00e9publique, s&rsquo;ils sont confirm\u00e9s, sont une faute \u00e0 la fois historique et politique.\u00a0Laisser penser que la cr\u00e9ation de l&rsquo;\u00c9tat d&rsquo;Isra\u00ebl est le fruit d&rsquo;une d\u00e9cision politique de l&rsquo;ONU, c&rsquo;est m\u00e9conna\u00eetre \u00e0 la fois l&rsquo;histoire centenaire du sionisme, l&rsquo;aspiration mill\u00e9naire des Juifs au retour \u00e0 Sion et le sacrifice de milliers d&rsquo;entre eux pour \u00e9tablir l&rsquo;\u00c9tat d&rsquo;Isra\u00ebl<\/em>. [&#8230;]\u00a0\u00bb<\/p>\n\n\n\n<p>Pour afficher ce contenu X (Twitter), il est n\u00e9cessaire d&rsquo;autoriser les cookies de mesure d&rsquo;audience et de publicit\u00e9.AccepterG\u00e9rer mes choix<\/p>\n\n\n\n<p>Les deux hommes ont ensuite eu l\u2019occasion de s\u2019expliquer par t\u00e9l\u00e9phone dans un entretien tr\u00e8s frais. Emmanuel Macron a condamn\u00e9 \u00ab\u00a0<em>les frappes indiscrimin\u00e9es isra\u00e9liennes\u00a0qui ne font qu&rsquo;alourdir un bilan humain d\u00e9j\u00e0 insupportable, \u00e0 Gaza comme au Liban<\/em>\u00a0\u00bb. Le chef de l\u2019\u00c9tat a une nouvelle fois r\u00e9clam\u00e9\u00a0<strong>un cessez-le-feu \u00e0 Gaza<\/strong>\u00a0et au Liban. Impossible, selon Benyamin Netanyahu qui assure qu\u2019un cessez-le-feu unilat\u00e9ral ne changerait pas la situation s\u00e9curitaire au\u00a0<strong>Liban<\/strong>.<\/p>\n\n\n\n<p>SOURCE RFI.FR<\/p>\n","protected":false},"excerpt":{"rendered":"<p>Les \u00e9changes ont \u00e0 nouveau \u00e9t\u00e9 houleux ce mardi 14 octobre entre le pr\u00e9sident fran\u00e7ais Emmanuel Macron et le Premier<\/p>\n","protected":false},"author":1,"featured_media":44474,"comment_status":"open","ping_status":"open","sticky":false,"template":"","format":"standard","meta":{"footnotes":""},"categories":[51],"tags":[],"class_list":["post-44470","post","type-post","status-publish","format-standard","has-post-thumbnail","hentry","category-general"],"_links":{"self":[{"href":"https:\/\/dekkbi.com\/index.php?rest_route=\/wp\/v2\/posts\/44470","targetHints":{"allow":["GET"]}}],"collection":[{"href":"https:\/\/dekkbi.com\/index.php?rest_route=\/wp\/v2\/posts"}],"about":[{"href":"https:\/\/dekkbi.com\/index.php?rest_route=\/wp\/v2\/types\/post"}],"author":[{"embeddable":true,"href":"https:\/\/dekkbi.com\/index.php?rest_route=\/wp\/v2\/users\/1"}],"replies":[{"embeddable":true,"href":"https:\/\/dekkbi.com\/index.php?rest_route=%2Fwp%2Fv2%2Fcomments&post=44470"}],"version-history":[{"count":1,"href":"https:\/\/dekkbi.com\/index.php?rest_route=\/wp\/v2\/posts\/44470\/revisions"}],"predecessor-version":[{"id":44472,"href":"https:\/\/dekkbi.com\/index.php?rest_route=\/wp\/v2\/posts\/44470\/revisions\/44472"}],"wp:featuredmedia":[{"embeddable":true,"href":"https:\/\/dekkbi.com\/index.php?rest_route=\/wp\/v2\/media\/44474"}],"wp:attachment":[{"href":"https:\/\/dekkbi.com\/index.php?rest_route=%2Fwp%2Fv2%2Fmedia&parent=44470"}],"wp:term":[{"taxonomy":"category","embeddable":true,"href":"https:\/\/dekkbi.com\/index.php?rest_route=%2Fwp%2Fv2%2Fcategories&post=44470"},{"taxonomy":"post_tag","embeddable":true,"href":"https:\/\/dekkbi.com\/index.php?rest_route=%2Fwp%2Fv2%2Ftags&post=44470"}],"curies":[{"name":"wp","href":"https:\/\/api.w.org\/{rel}","templated":true}]}}