{"id":44380,"date":"2024-10-16T09:29:04","date_gmt":"2024-10-16T09:29:04","guid":{"rendered":"https:\/\/dekkbi.com\/?p=44380"},"modified":"2024-10-16T09:29:05","modified_gmt":"2024-10-16T09:29:05","slug":"falsification-des-chiffres-des-finances-macky-dement-sonko","status":"publish","type":"post","link":"https:\/\/dekkbi.com\/?p=44380","title":{"rendered":"\u00abFalsification\u00bb des chiffres des finances : MACKY D\u00c9MENT SONKO"},"content":{"rendered":"\n<p><strong>L\u2019ancien chef de l\u2019Etat a choisi un journaliste de Bloomberg pour se porter en faux par rapport aux d\u00e9clarations du Premier ministre. Il s\u2019\u00e9tonne m\u00eame d\u2019avoir \u00e9t\u00e9 jug\u00e9 \u00e0 partir d\u2019un audit dont il n\u2019avait jamais entendu parler. Ni aucun de ses ministres d\u2019ailleurs, selon lui.<\/strong><\/p>\n\n\n\n<p>Le Pr\u00e9sident Macky Sall r\u00e9plique \u00e0 Ousmane Sonko sur la question des agr\u00e9gats macro-\u00e9conomiques du S\u00e9n\u00e9gal. Il a affirm\u00e9, hier avec force, \u00e0 l\u2019agence de presse Bloomberg, que \u00ables d\u00e9clarations du Premier ministre sont fausses, totalement fausses\u00bb. Le chef de l\u2019Etat sortant se d\u00e9sole de la d\u00e9gradation de la note souveraine du S\u00e9n\u00e9gal par l\u2019Agence Moody\u2019s, \u00e0 la suite de la sortie du Premier ministre Ousmane Sonko qui a parl\u00e9 de \u00abscandale\u00bb concernant ce qu\u2019il a qualifi\u00e9 de falsification des chiffres de l\u2019\u00e9conomie par le r\u00e9gime de l\u2019ancien chef de l\u2019Etat.<\/p>\n\n\n\n<p>Le Pr\u00e9sident Macky Sall s\u2019est \u00e9tonn\u00e9 des conclusions d\u2019un audit dont ni lui ni aucun de ses ministres n\u2019ont jamais entendu, ni jamais interrog\u00e9s sur la question. \u00abM\u00eame les ministres mis en cause n\u2019ont jamais eu acc\u00e8s \u00e0 ces informations\u00bb, s\u2019est-il \u00e9tonn\u00e9. Il est encore plus triste pour le S\u00e9n\u00e9gal qui voit sa note d\u00e9grad\u00e9e \u00e0 la suite de d\u00e9clarations de son chef de gouvernement. Pour sa part, le pr\u00e9d\u00e9cesseur de Diomaye Faye rappelle qu\u2019\u00e0 son d\u00e9part du gouvernement en mars dernier, les indicateurs \u00e9conomiques \u00e9taient au vert, ainsi que l\u2019a soulign\u00e9 le Fonds mon\u00e9taire international (Fmi).<\/p>\n\n\n\n<p>Il a indiqu\u00e9 par ailleurs que les r\u00e9sultats des investissements initi\u00e9s par son gouvernement sont si visibles qu\u2019il ne devrait m\u00eame pas y avoir de d\u00e9bat sur la question. Macky Sall \u00e9tait invit\u00e9 hier au Forum international pour l\u2019investissement en Grande Bretagne, d\u2019o\u00f9 il a \u00e9chang\u00e9 avec le journaliste de Bloomberg. La situation \u00e9conomique du Royaume est tellement dramatique que le pays esp\u00e8re lever plus de 800 000 milliards de Cfa environ, de la part des investisseurs. Et personne n\u2019en fait un drame, ni ne crie au scandale.<\/p>\n\n\n\n<p>Il faut dire que le souverainisme des pays occidentaux ne se loge pas dans le fait d\u2019emprunter de l\u2019argent de l\u2019\u00e9tranger pour investir dans le d\u00e9veloppement. Il n\u2019y a sans doute que des pays pauvres, dans lesquels tout est urgence, qui se permettent de faire la fine bouche en affirmant pouvoir se passer de la dette pour leurs projets de d\u00e9veloppement.<\/p>\n\n\n\n<p>Macky Sall a d\u2019ailleurs r\u00e9torqu\u00e9 hier \u00e0 ses d\u00e9tracteurs au pouvoir qu\u2019il \u00e9tait insens\u00e9 de penser que l\u2019on pourrait se d\u00e9velopper sans recourir \u00e0 la dette.<br>Ce d\u00e9bat pourrait sans doute se calmer si le gouvernement de Ousmane Sonko rendait publics les r\u00e9sultats de l\u2019audit qui lui ont permis de porter les graves accusations sur la gestion du r\u00e9gime qu\u2019il a remplac\u00e9. On pourrait ainsi, une fois pour toutes, savoir o\u00f9 penche la v\u00e9rit\u00e9.<\/p>\n\n\n\n<p><strong>mgueye@lequotidien.sn<\/strong><\/p>\n\n\n\n<p><\/p>\n","protected":false},"excerpt":{"rendered":"<p>L\u2019ancien chef de l\u2019Etat a choisi un journaliste de Bloomberg pour se porter en faux par rapport aux d\u00e9clarations du<\/p>\n","protected":false},"author":1,"featured_media":31830,"comment_status":"open","ping_status":"open","sticky":false,"template":"","format":"standard","meta":{"footnotes":""},"categories":[6],"tags":[],"class_list":["post-44380","post","type-post","status-publish","format-standard","has-post-thumbnail","hentry","category-politics"],"_links":{"self":[{"href":"https:\/\/dekkbi.com\/index.php?rest_route=\/wp\/v2\/posts\/44380","targetHints":{"allow":["GET"]}}],"collection":[{"href":"https:\/\/dekkbi.com\/index.php?rest_route=\/wp\/v2\/posts"}],"about":[{"href":"https:\/\/dekkbi.com\/index.php?rest_route=\/wp\/v2\/types\/post"}],"author":[{"embeddable":true,"href":"https:\/\/dekkbi.com\/index.php?rest_route=\/wp\/v2\/users\/1"}],"replies":[{"embeddable":true,"href":"https:\/\/dekkbi.com\/index.php?rest_route=%2Fwp%2Fv2%2Fcomments&post=44380"}],"version-history":[{"count":1,"href":"https:\/\/dekkbi.com\/index.php?rest_route=\/wp\/v2\/posts\/44380\/revisions"}],"predecessor-version":[{"id":44381,"href":"https:\/\/dekkbi.com\/index.php?rest_route=\/wp\/v2\/posts\/44380\/revisions\/44381"}],"wp:featuredmedia":[{"embeddable":true,"href":"https:\/\/dekkbi.com\/index.php?rest_route=\/wp\/v2\/media\/31830"}],"wp:attachment":[{"href":"https:\/\/dekkbi.com\/index.php?rest_route=%2Fwp%2Fv2%2Fmedia&parent=44380"}],"wp:term":[{"taxonomy":"category","embeddable":true,"href":"https:\/\/dekkbi.com\/index.php?rest_route=%2Fwp%2Fv2%2Fcategories&post=44380"},{"taxonomy":"post_tag","embeddable":true,"href":"https:\/\/dekkbi.com\/index.php?rest_route=%2Fwp%2Fv2%2Ftags&post=44380"}],"curies":[{"name":"wp","href":"https:\/\/api.w.org\/{rel}","templated":true}]}}