{"id":44350,"date":"2024-10-15T11:44:43","date_gmt":"2024-10-15T11:44:43","guid":{"rendered":"https:\/\/dekkbi.com\/?p=44350"},"modified":"2024-10-15T11:46:06","modified_gmt":"2024-10-15T11:46:06","slug":"migrations-15-pays-dont-la-grece-plaident-pour-prevenir-limmigration-irreguliere","status":"publish","type":"post","link":"https:\/\/dekkbi.com\/?p=44350","title":{"rendered":"15 pays plaident pour \u00abpr\u00e9venir l&rsquo;immigration irr\u00e9guli\u00e8re\u00bb"},"content":{"rendered":"\n<p>Un peu moins d\u2019un an apr\u00e8s un accord sign\u00e9 entre Rome et Tirana, l\u2019Italie a transf\u00e9r\u00e9 lundi 14 octobre un premier groupe de migrants vers l\u2019Albanie. Pour externaliser la demande d\u2019asile de certains hommes intercept\u00e9s ou secourus en mer M\u00e9diterran\u00e9e dans ce pays tiers, l\u2019Italie s\u2019appuie toutefois sur des centres de r\u00e9tention surveill\u00e9s par Rome et o\u00f9 s\u2019applique le droit italien. La Gr\u00e8ce fait partie des 15 pays europ\u00e9ens qui souhaiteraient que Bruxelles s\u2019inspire de ce \u00ab&nbsp;<em>mod\u00e8le<\/em>&nbsp;\u00bb italien.<\/p>\n\n\n\n<p><strong><em>De notre correspondant \u00e0 Ath\u00e8nes<\/em> &#8211; SOURCE RFI<\/strong><\/p>\n\n\n\n<p>Au printemps,\u00a0<strong>une lettre a \u00e9t\u00e9 adress\u00e9e \u00e0 la Commission europ\u00e9enne<\/strong>. Pour ses signataires, de responsables politiques des \u00c9tats membres, il s\u2019agissait d\u2019appeler Bruxelles \u00e0 aller \u00ab\u00a0<em>plus loin\u00a0<\/em>\u00bb de mani\u00e8re g\u00e9n\u00e9rale en termes de politique migratoire, \u00ab\u00a0<em>plus loin<\/em>\u00a0\u00bb que le\u00a0<strong>Pacte europ\u00e9en sur la migration et l\u2019asile<\/strong>, qui venait tout juste d\u2019\u00eatre conclu.<\/p>\n\n\n\n<p>Ces quinze pays \u2013 dont la\u00a0<strong>Gr\u00e8ce<\/strong>\u00a0\u2013 plaident notamment pour \u00ab\u00a0<em>de nouvelles solutions pour pr\u00e9venir l&rsquo;immigration irr\u00e9guli\u00e8re<\/em>\u00a0\u00bb. Leur attente, en particulier, serait de pouvoir transf\u00e9rer plus facilement certains migrants vers des pays ext\u00e9rieurs \u00e0 l\u2019Union europ\u00e9enne, et que ce soit ensuite dans ces pays tiers que leur demande d\u2019asile soit \u00e9tudi\u00e9e. C\u2019est donc comme \u00e7a que\u00a0<strong>l\u2019accord entre l\u2019Italie et l\u2019Albanie<\/strong>\u00a0se retrouve cit\u00e9 comme un possible exemple \u00e0 suivre, dans la lettre en question.<\/p>\n\n\n\n<h2 class=\"wp-block-heading\">Un \u00ab&nbsp;<em>pays tiers s\u00fbr<\/em>&nbsp;\u00bb<\/h2>\n\n\n\n<p>Cette notion de \u00ab<em>&nbsp;pays tiers s\u00fbr<\/em>&nbsp;\u00bb se retrouve r\u00e9guli\u00e8rement exploit\u00e9e, d\u2019une mani\u00e8re ou d\u2019une autre, dans le cadre de la rh\u00e9torique juridique des politiques migratoires. Dans leur lettre, les 15 pays europ\u00e9ens appellent donc \u00e0 \u00ab&nbsp;<em>r\u00e9\u00e9valuer l&rsquo;application de ce concept de<\/em>&nbsp;<em>\u00ab\u00a0pays tiers s\u00fbr\u00a0\u00bb dans la loi europ\u00e9enne<\/em>&nbsp;\u00bb. La question sous-jacente est celle de savoir si les pays en question commettent de graves entorses ou non aux droits humains. Il faut d\u00e9terminer si l\u2019Europe est en conformit\u00e9 avec ses lois d\u2019une part et, d\u2019autre part, avec les valeurs qu\u2019elle entend pr\u00f4ner.<\/p>\n\n\n\n<p>Dans le contexte grec, Ath\u00e8nes a aussi souvent qualifi\u00e9 la\u00a0<strong>Turquie<\/strong>, son voisin par o\u00f9 transitent les migrants, de \u00ab\u00a0<em>pays tiers s\u00fbr<\/em>\u00a0\u00bb. Une mani\u00e8re de faire passer le message que si les migrants sont en s\u00fbret\u00e9 en Turquie, ils peuvent aussi bien demander l\u2019asile sur place et non pas en Europe.<\/p>\n\n\n\n<h2 class=\"wp-block-heading\">La Gr\u00e8ce souvent point\u00e9e du doigt<\/h2>\n\n\n\n<p>Dans son accord avec l\u2019Albanie, Rome semble jouer avec les limites de la l\u00e9gislation europ\u00e9enne. Ath\u00e8nes, elle, est r\u00e9guli\u00e8rement point\u00e9e du doigt pour carr\u00e9ment les enfreindre, avec la pratique des refoulements.&nbsp;En l\u2019occurrence, cette politique n\u2019est pas officiellement assum\u00e9e par Ath\u00e8nes \u2013 qui pr\u00e9f\u00e8re nier son existence \u2013 mais la pratique des refoulements est devenue tellement r\u00e9guli\u00e8re et syst\u00e9mique qu\u2019elle est concr\u00e8tement connue de tous.<\/p>\n\n\n\n<p>Il s\u2019agit de renvoyer certains migrants arriv\u00e9s en Gr\u00e8ce, par la mer ou par le continent via le territoire turc, vers la Turquie, sans \u00e9tudier d\u2019\u00e9ventuelle demande d\u2019asile, comme l\u2019impose th\u00e9oriquement la loi europ\u00e9enne. Cette pratique est aussi tr\u00e8s r\u00e9guli\u00e8rement associ\u00e9e \u00e0 des violences. La Cour europ\u00e9enne des droits de l\u2019homme (CEDH) \u00e0 Strasbourg, doit d\u2019ailleurs se prononcer \u2013 et tr\u00e8s vraisemblablement condamner \u2013 la Gr\u00e8ce dans les mois qui viennent, dans le cadre du tout premier jugement sur cette pratique du refoulement par Ath\u00e8nes.<\/p>\n","protected":false},"excerpt":{"rendered":"<p>Un peu moins d\u2019un an apr\u00e8s un accord sign\u00e9 entre Rome et Tirana, l\u2019Italie a transf\u00e9r\u00e9 lundi 14 octobre un<\/p>\n","protected":false},"author":1,"featured_media":16048,"comment_status":"open","ping_status":"open","sticky":false,"template":"","format":"standard","meta":{"footnotes":""},"categories":[51],"tags":[],"class_list":["post-44350","post","type-post","status-publish","format-standard","has-post-thumbnail","hentry","category-general"],"_links":{"self":[{"href":"https:\/\/dekkbi.com\/index.php?rest_route=\/wp\/v2\/posts\/44350","targetHints":{"allow":["GET"]}}],"collection":[{"href":"https:\/\/dekkbi.com\/index.php?rest_route=\/wp\/v2\/posts"}],"about":[{"href":"https:\/\/dekkbi.com\/index.php?rest_route=\/wp\/v2\/types\/post"}],"author":[{"embeddable":true,"href":"https:\/\/dekkbi.com\/index.php?rest_route=\/wp\/v2\/users\/1"}],"replies":[{"embeddable":true,"href":"https:\/\/dekkbi.com\/index.php?rest_route=%2Fwp%2Fv2%2Fcomments&post=44350"}],"version-history":[{"count":3,"href":"https:\/\/dekkbi.com\/index.php?rest_route=\/wp\/v2\/posts\/44350\/revisions"}],"predecessor-version":[{"id":44353,"href":"https:\/\/dekkbi.com\/index.php?rest_route=\/wp\/v2\/posts\/44350\/revisions\/44353"}],"wp:featuredmedia":[{"embeddable":true,"href":"https:\/\/dekkbi.com\/index.php?rest_route=\/wp\/v2\/media\/16048"}],"wp:attachment":[{"href":"https:\/\/dekkbi.com\/index.php?rest_route=%2Fwp%2Fv2%2Fmedia&parent=44350"}],"wp:term":[{"taxonomy":"category","embeddable":true,"href":"https:\/\/dekkbi.com\/index.php?rest_route=%2Fwp%2Fv2%2Fcategories&post=44350"},{"taxonomy":"post_tag","embeddable":true,"href":"https:\/\/dekkbi.com\/index.php?rest_route=%2Fwp%2Fv2%2Ftags&post=44350"}],"curies":[{"name":"wp","href":"https:\/\/api.w.org\/{rel}","templated":true}]}}