{"id":44340,"date":"2024-10-15T11:30:45","date_gmt":"2024-10-15T11:30:45","guid":{"rendered":"https:\/\/dekkbi.com\/?p=44340"},"modified":"2024-10-15T11:37:22","modified_gmt":"2024-10-15T11:37:22","slug":"colere-a-lhopital-de-la-paix-de-ziguinchor-le-personnel-en-greve-pour-de-meilleures-conditions","status":"publish","type":"post","link":"https:\/\/dekkbi.com\/?p=44340","title":{"rendered":"Col\u00e8re \u00e0 l\u2019H\u00f4pital de la Paix"},"content":{"rendered":"\n<p>Le climat social s\u2019est tendu \u00e0 l\u2019H\u00f4pital de la Paix de Ziguinchor, o\u00f9 les blouses blanches ont entam\u00e9 un mouvement de gr\u00e8ve depuis plus de deux mois pour revendiquer de meilleures conditions de travail et de s\u00e9jour pour les usagers. Selon L\u2019Observateur, les membres de l\u2019intersyndical de l\u2019h\u00f4pital se disent d\u00e9termin\u00e9s \u00e0 d\u00e9fendre leurs droits mat\u00e9riels et moraux.Malgr\u00e9 les tentatives de m\u00e9diation du pr\u00e9sident du Conseil d\u2019administration et du directeur r\u00e9gional de la Sant\u00e9, les travailleurs restent mobilis\u00e9s.<\/p>\n\n\n\n<p>Le Dr Marc Manga, porte-parole du mouvement, a salu\u00e9 l\u2019audience obtenue avec le ministre de la Sant\u00e9 et de l\u2019Action sociale, lors de laquelle des engagements forts ont \u00e9t\u00e9 pris pour am\u00e9liorer la situation. Ces promesses incluent la mise en place de mesures conservatoires et des actions durables pour garantir un environnement s\u00fbr et de qualit\u00e9 pour les patients ainsi que le personnel soignant.<\/p>\n\n\n\n<p>Toutefois, apr\u00e8s consultation avec la base syndicale, le personnel a d\u00e9cid\u00e9 de poursuivre la gr\u00e8ve, d\u00e9cr\u00e9tant 48 heures suppl\u00e9mentaires d\u2019arr\u00eat de travail, les 16 et 17 octobre 2024. Durant cette p\u00e9riode, un service minimum sera maintenu, notamment pour les urgences, afin de ne pas compromettre la prise en charge des cas critiques.<\/p>\n\n\n\n<p>La crise \u00e0 l\u2019H\u00f4pital de la Paix met en lumi\u00e8re les d\u00e9fis r\u00e9currents dans le secteur de la sant\u00e9 au S\u00e9n\u00e9gal, o\u00f9 les professionnels r\u00e9clament des conditions de travail dignes et des ressources ad\u00e9quates pour offrir des soins de qualit\u00e9 \u00e0 la population.<\/p>\n","protected":false},"excerpt":{"rendered":"<p>Le climat social s\u2019est tendu \u00e0 l\u2019H\u00f4pital de la Paix de Ziguinchor, o\u00f9 les blouses blanches ont entam\u00e9 un mouvement<\/p>\n","protected":false},"author":1,"featured_media":44341,"comment_status":"open","ping_status":"open","sticky":false,"template":"","format":"standard","meta":{"footnotes":""},"categories":[21],"tags":[],"class_list":["post-44340","post","type-post","status-publish","format-standard","has-post-thumbnail","hentry","category-societe"],"_links":{"self":[{"href":"https:\/\/dekkbi.com\/index.php?rest_route=\/wp\/v2\/posts\/44340","targetHints":{"allow":["GET"]}}],"collection":[{"href":"https:\/\/dekkbi.com\/index.php?rest_route=\/wp\/v2\/posts"}],"about":[{"href":"https:\/\/dekkbi.com\/index.php?rest_route=\/wp\/v2\/types\/post"}],"author":[{"embeddable":true,"href":"https:\/\/dekkbi.com\/index.php?rest_route=\/wp\/v2\/users\/1"}],"replies":[{"embeddable":true,"href":"https:\/\/dekkbi.com\/index.php?rest_route=%2Fwp%2Fv2%2Fcomments&post=44340"}],"version-history":[{"count":3,"href":"https:\/\/dekkbi.com\/index.php?rest_route=\/wp\/v2\/posts\/44340\/revisions"}],"predecessor-version":[{"id":44346,"href":"https:\/\/dekkbi.com\/index.php?rest_route=\/wp\/v2\/posts\/44340\/revisions\/44346"}],"wp:featuredmedia":[{"embeddable":true,"href":"https:\/\/dekkbi.com\/index.php?rest_route=\/wp\/v2\/media\/44341"}],"wp:attachment":[{"href":"https:\/\/dekkbi.com\/index.php?rest_route=%2Fwp%2Fv2%2Fmedia&parent=44340"}],"wp:term":[{"taxonomy":"category","embeddable":true,"href":"https:\/\/dekkbi.com\/index.php?rest_route=%2Fwp%2Fv2%2Fcategories&post=44340"},{"taxonomy":"post_tag","embeddable":true,"href":"https:\/\/dekkbi.com\/index.php?rest_route=%2Fwp%2Fv2%2Ftags&post=44340"}],"curies":[{"name":"wp","href":"https:\/\/api.w.org\/{rel}","templated":true}]}}