{"id":44316,"date":"2024-10-15T10:40:48","date_gmt":"2024-10-15T10:40:48","guid":{"rendered":"https:\/\/dekkbi.com\/?p=44316"},"modified":"2024-10-15T10:40:49","modified_gmt":"2024-10-15T10:40:49","slug":"la-banque-mondiale-preconise-une-reforme-de-leducation-pour-une-croissance-inclusive-rapport","status":"publish","type":"post","link":"https:\/\/dekkbi.com\/?p=44316","title":{"rendered":"La Banque mondiale pr\u00e9conise une r\u00e9forme de l\u2019\u00e9ducation pour une croissance inclusive (rapport)"},"content":{"rendered":"\n<p>Dakar, (APS) \u2013 La Banque mondiale a pr\u00e9conis\u00e9, dans son dernier rapport semestriel, Africa\u2019s Pulse, publi\u00e9 lundi, une r\u00e9forme de l\u2019\u00e9ducation en Afrique subsaharienne afin de favoriser une \u2018\u2019croissance inclusive\u2019\u2019, a-t-on appris de source officielle.<\/p>\n\n\n\n<p>L\u2019\u00e9tude est intitul\u00e9e \u201dTransformer l\u2019\u00e9ducation pour une croissance inclusive\u2019\u2019, pr\u00e9cise un communiqu\u00e9 de l\u2019institution bancaire internationale parvenu \u00e0 l\u2019APS.<\/p>\n\n\n\n<p>La Banque mondiale estime qu\u2019en plus de la n\u00e9cessit\u00e9 de \u201dstabiliser les \u00e9conomies\u2019\u2019, la r\u00e9gion subsaharienne doit r\u00e9former son syst\u00e8me \u00e9ducatif pour doter les apprenants de comp\u00e9tences en lien avec les attentes du march\u00e9 d\u2019un travail.<\/p>\n\n\n\n<p>\u201dDeux facteurs sont essentiels pour parvenir \u00e0 relancer la croissance : il faut, d\u2019une part, stabiliser les \u00e9conomies et, d\u2019autre part, transformer l\u2019\u00e9ducation de mani\u00e8re \u00e0 doter une main-d\u2019\u0153uvre en plein essor de bases de connaissances plus solides et de comp\u00e9tences en ad\u00e9quation avec les attentes du march\u00e9 du travail\u2019\u2019, peut-on ainsi lire dans le rapport Africa\u2019s Pulse.<\/p>\n\n\n\n<p>Si l\u2019\u00e9tude souligne que la population en \u00e2ge de travailler augmente \u00e0 un rythme plus rapide en Afrique que dans les autres r\u00e9gions, elle note, toutefois, que la zone subsaharienne est \u2018\u2019la r\u00e9gion du monde qui consacre le moins de d\u00e9penses par habitant \u00e0 l\u2019\u00e9ducation\u2019\u2019.<\/p>\n\n\n\n<p>Or, soutiennent les auteurs d\u2019Africa\u2019s Pulse, pour parvenir \u00e0 une \u00e9ducation universelle d\u2019ici 2030, les syst\u00e8mes \u00e9ducatifs devraient absorber environ 170 millions d\u2019enfants et d\u2019adolescents suppl\u00e9mentaires, ce qui n\u00e9cessiterait la construction d\u2019environ 9 millions de nouvelles salles de classe et le recrutement de 11 millions d\u2019enseignants.<\/p>\n\n\n\n<p>\u2018\u2019Actuellement, en Afrique subsaharienne, sept enfants sur dix n\u2019ont pas acc\u00e8s \u00e0 un enseignement pr\u00e9primaire, et moins de 1,5 % des jeunes \u00e2g\u00e9s de 15 \u00e0 24 ans suivent une formation professionnelle, contre 10 % dans les pays \u00e0 revenu \u00e9lev\u00e9\u2019\u2019, estiment les auteurs du rapport.<\/p>\n\n\n\n<p>Selon eux, il est indispensable de combler ces lacunes pour permettre \u00e0 l\u2019Afrique subsaharienne de r\u00e9aliser tout son potentiel \u00e9conomique et d\u2019assurer une croissance durable et inclusive.<\/p>\n\n\n\n<p>Ils pr\u00e9conisent \u00e9galement un soutien \u00e0 l\u2019entrepreneuriat et aux nouvelles startups et invitent les pouvoirs publics \u00e0 permettre aux petites entreprises de se d\u00e9velopper, afin que les titulaires de dipl\u00f4mes qualifi\u00e9s trouvent des opportunit\u00e9s d\u2019emploi attractives lorsqu\u2019ils entrent et progressent sur le march\u00e9 du travail.<\/p>\n\n\n\n<p>Malgr\u00e9 les d\u00e9fis, \u2018\u2019une planification fond\u00e9e sur des donn\u00e9es probantes et des d\u00e9penses intelligentes seront essentielles pour \u00e9largir l\u2019acc\u00e8s \u00e0 l\u2019\u00e9ducation tout en am\u00e9liorant les r\u00e9sultats en mati\u00e8re d\u2019apprentissage et d\u2019emploi\u2019\u2019, a ainsi plaid\u00e9 Andrew Dabalen, \u00e9conomiste en chef de la Banque mondiale pour l\u2019Afrique, cit\u00e9 dans ce 30<sup>e<\/sup>&nbsp;rapport Africa\u2019s Pulse.<\/p>\n\n\n\n<p>ABB\/ASB\/OID<\/p>\n","protected":false},"excerpt":{"rendered":"<p>Dakar, (APS) \u2013 La Banque mondiale a pr\u00e9conis\u00e9, dans son dernier rapport semestriel, Africa\u2019s Pulse, publi\u00e9 lundi, une r\u00e9forme de<\/p>\n","protected":false},"author":1,"featured_media":15221,"comment_status":"open","ping_status":"open","sticky":false,"template":"","format":"standard","meta":{"footnotes":""},"categories":[3],"tags":[],"class_list":["post-44316","post","type-post","status-publish","format-standard","has-post-thumbnail","hentry","category-event-more-news"],"_links":{"self":[{"href":"https:\/\/dekkbi.com\/index.php?rest_route=\/wp\/v2\/posts\/44316","targetHints":{"allow":["GET"]}}],"collection":[{"href":"https:\/\/dekkbi.com\/index.php?rest_route=\/wp\/v2\/posts"}],"about":[{"href":"https:\/\/dekkbi.com\/index.php?rest_route=\/wp\/v2\/types\/post"}],"author":[{"embeddable":true,"href":"https:\/\/dekkbi.com\/index.php?rest_route=\/wp\/v2\/users\/1"}],"replies":[{"embeddable":true,"href":"https:\/\/dekkbi.com\/index.php?rest_route=%2Fwp%2Fv2%2Fcomments&post=44316"}],"version-history":[{"count":1,"href":"https:\/\/dekkbi.com\/index.php?rest_route=\/wp\/v2\/posts\/44316\/revisions"}],"predecessor-version":[{"id":44317,"href":"https:\/\/dekkbi.com\/index.php?rest_route=\/wp\/v2\/posts\/44316\/revisions\/44317"}],"wp:featuredmedia":[{"embeddable":true,"href":"https:\/\/dekkbi.com\/index.php?rest_route=\/wp\/v2\/media\/15221"}],"wp:attachment":[{"href":"https:\/\/dekkbi.com\/index.php?rest_route=%2Fwp%2Fv2%2Fmedia&parent=44316"}],"wp:term":[{"taxonomy":"category","embeddable":true,"href":"https:\/\/dekkbi.com\/index.php?rest_route=%2Fwp%2Fv2%2Fcategories&post=44316"},{"taxonomy":"post_tag","embeddable":true,"href":"https:\/\/dekkbi.com\/index.php?rest_route=%2Fwp%2Fv2%2Ftags&post=44316"}],"curies":[{"name":"wp","href":"https:\/\/api.w.org\/{rel}","templated":true}]}}