{"id":44260,"date":"2024-10-15T09:28:07","date_gmt":"2024-10-15T09:28:07","guid":{"rendered":"https:\/\/dekkbi.com\/?p=44260"},"modified":"2024-10-15T09:28:08","modified_gmt":"2024-10-15T09:28:08","slug":"cameroun-des-prieres-organisees-pour-le-chef-de-letat-paul-biya","status":"publish","type":"post","link":"https:\/\/dekkbi.com\/?p=44260","title":{"rendered":"Cameroun : des pri\u00e8res organis\u00e9es pour le chef de l\u2019Etat Paul Biya"},"content":{"rendered":"\n<h2 class=\"wp-block-heading\">Des organisations chr\u00e9tiennes et musulmanes pr\u00e9voient une c\u00e9r\u00e9monie \u0153cum\u00e9nique au palais des sports de Yaound\u00e9 le 17 octobre prochain.<\/h2>\n\n\n\n<p>Des chr\u00e9tiens et musulmans s\u2019unissent pour prier en faveur du chef de l\u2019Etat Paul Biya et pour la paix au Cameroun. Ils organisent une c\u00e9r\u00e9monie de pri\u00e8re \u0153cum\u00e9nique au Palais polyvalent des sports de Yaound\u00e9 et convient le public \u00e0 y participer. La c\u00e9r\u00e9monie est organis\u00e9e \u00e0 l\u2019initiative du Collectif des anciens des s\u00e9minaires catholiques du Cameroun. Le collectif s\u2019associe \u00e0 Catholic Men\u2019s Association, \u00e0 l\u2019Union des hommes fils de saint Joseph \u00e0 d\u2019autres communaut\u00e9s chr\u00e9tiennes et musulmanes, ainsi qu\u2019\u00e0 leurs associations religieuses apparent\u00e9es. Le communiqu\u00e9 qui annonce l\u2019\u00e9v\u00e9nement est sign\u00e9 de Henri Eyebe Ayissi, vice-pr\u00e9sident du collectif. <\/p>\n\n\n\n<p>Ce document pr\u00e9voie aussi la participation des dignitaires religieux et des hautes personnalit\u00e9s publiques et priv\u00e9es. L\u2019initiative suscite beaucoup de r\u00e9actions. Pourtant, ce n\u2019est pas la premi\u00e8re fois que des associations ou autres organisations initient des c\u00e9r\u00e9monies de pri\u00e8re en faveur du pr\u00e9sident de la R\u00e9publique ou encore pour la paix au Cameroun. <\/p>\n\n\n\n<p>L\u2019on a souvent assist\u00e9 \u00e0 des pri\u00e8res en pr\u00e9sence des membres du gouvernement et du repr\u00e9sentant du chef de l\u2019Etat, sans que cela n\u2019int\u00e9resse le public de mani\u00e8re particuli\u00e8re. Cette fois-ci, l\u2019actualit\u00e9 au sujet de l\u2019\u00e9tat du pr\u00e9sident Paul Biya est sans doute \u00e0 l\u2019origine des r\u00e9actions. Les uns et les autres se demandent pourquoi une telle c\u00e9r\u00e9monie au moment o\u00f9 le gouvernement vient de rassurer l\u2019opinion sur l\u2019\u00e9tat du chef de l\u2019Etat et annoncer son retour imminent au Cameroun. <\/p>\n\n\n\n<p>Alors que la communication gouvernementale et celle du Cabinet civil faisaient taire les pol\u00e9miques, une partie de l\u2019opinion se saisit de l\u2019annonce de cette c\u00e9r\u00e9monie pour tenter de relancer la pol\u00e9mique. \u00a0<\/p>\n\n\n\n<p>Cet article\u00a0Cameroun : des pri\u00e8res organis\u00e9es pour le chef de l\u2019Etat Paul Biya\u00a0est apparu en premier sur\u00a0Journalducameroun.com.<\/p>\n","protected":false},"excerpt":{"rendered":"<p>Des organisations chr\u00e9tiennes et musulmanes pr\u00e9voient une c\u00e9r\u00e9monie \u0153cum\u00e9nique au palais des sports de Yaound\u00e9 le 17 octobre prochain. Des<\/p>\n","protected":false},"author":1,"featured_media":2778,"comment_status":"open","ping_status":"open","sticky":false,"template":"","format":"standard","meta":{"footnotes":""},"categories":[26],"tags":[],"class_list":["post-44260","post","type-post","status-publish","format-standard","has-post-thumbnail","hentry","category-fait-divers"],"_links":{"self":[{"href":"https:\/\/dekkbi.com\/index.php?rest_route=\/wp\/v2\/posts\/44260","targetHints":{"allow":["GET"]}}],"collection":[{"href":"https:\/\/dekkbi.com\/index.php?rest_route=\/wp\/v2\/posts"}],"about":[{"href":"https:\/\/dekkbi.com\/index.php?rest_route=\/wp\/v2\/types\/post"}],"author":[{"embeddable":true,"href":"https:\/\/dekkbi.com\/index.php?rest_route=\/wp\/v2\/users\/1"}],"replies":[{"embeddable":true,"href":"https:\/\/dekkbi.com\/index.php?rest_route=%2Fwp%2Fv2%2Fcomments&post=44260"}],"version-history":[{"count":1,"href":"https:\/\/dekkbi.com\/index.php?rest_route=\/wp\/v2\/posts\/44260\/revisions"}],"predecessor-version":[{"id":44261,"href":"https:\/\/dekkbi.com\/index.php?rest_route=\/wp\/v2\/posts\/44260\/revisions\/44261"}],"wp:featuredmedia":[{"embeddable":true,"href":"https:\/\/dekkbi.com\/index.php?rest_route=\/wp\/v2\/media\/2778"}],"wp:attachment":[{"href":"https:\/\/dekkbi.com\/index.php?rest_route=%2Fwp%2Fv2%2Fmedia&parent=44260"}],"wp:term":[{"taxonomy":"category","embeddable":true,"href":"https:\/\/dekkbi.com\/index.php?rest_route=%2Fwp%2Fv2%2Fcategories&post=44260"},{"taxonomy":"post_tag","embeddable":true,"href":"https:\/\/dekkbi.com\/index.php?rest_route=%2Fwp%2Fv2%2Ftags&post=44260"}],"curies":[{"name":"wp","href":"https:\/\/api.w.org\/{rel}","templated":true}]}}