{"id":44208,"date":"2024-10-14T11:23:59","date_gmt":"2024-10-14T11:23:59","guid":{"rendered":"https:\/\/dekkbi.com\/?p=44208"},"modified":"2024-10-14T11:24:00","modified_gmt":"2024-10-14T11:24:00","slug":"lue-appelle-a-la-retenue-alors-que-taiwan-a-detecte-125-avions-chinois-un-record","status":"publish","type":"post","link":"https:\/\/dekkbi.com\/?p=44208","title":{"rendered":"L\u2019UE appelle \u00e0 la \u201cretenue\u201d alors que Ta\u00efwan a d\u00e9tect\u00e9 125 avions chinois, \u201cun record\u201d"},"content":{"rendered":"\n<p>L\u2019Union europ\u00e9enne a appel\u00e9 toutes les parties \u00e0 \u201cfaire preuve de retenue\u201d \u00e0 Ta\u00efwan au moment o\u00f9 P\u00e9kin a d\u00e9ploy\u00e9 avions et navires de guerre pour encercler l\u2019\u00eele, dans le cadre de man\u0153uvres militaires, a annonc\u00e9 une porte-parole du service diplomatique de l\u2019UE.<\/p>\n\n\n\n<p><strong>Source:<\/strong>\u00a0Belga, AFP<\/p>\n\n\n\n<p>\u201cNous appelons toutes les parties \u00e0 faire preuve de retenue et \u00e0 \u00e9viter toute action qui pourrait encore renforcer les tensions dans le d\u00e9troit (entre Ta\u00efwan et la Chine continentale), qui doivent \u00eatre r\u00e9solues par le dialogue\u201d, a d\u00e9clar\u00e9 dans un communiqu\u00e9 cette porte-parole, Nabila Massrali.<\/p>\n\n\n\n<h2 class=\"wp-block-heading\">Man\u0153uvres a\u00e9ronavales<\/h2>\n\n\n\n<p>P\u00e9kin a d\u00e9ploy\u00e9 lundi avions et navires de guerre pour encercler l\u2019\u00eele, dans le cadre d\u2019exercices pr\u00e9sent\u00e9s comme un \u201cs\u00e9rieux avertissement\u201d aux autorit\u00e9s \u201cs\u00e9paratistes\u201d de Ta\u00efwan. P\u00e9kin consid\u00e8re Ta\u00efwan comme une partie de son territoire \u00e0 r\u00e9unifier un jour, et n\u2019a pas renonc\u00e9 \u00e0 la force pour en reprendre le contr\u00f4le.<\/p>\n\n\n\n<p>\u00c0 Ta\u00efwan, 125 avions chinois ont \u00e9t\u00e9 d\u00e9tect\u00e9s autour de l\u2019\u00eele, de facto ind\u00e9pendante. \u201c125 avions est effectivement un record pour une seule journ\u00e9e\u201d, a d\u00e9clar\u00e9 lors d\u2019une conf\u00e9rence de presse le lieutenant-g\u00e9n\u00e9ral Hsieh Jih-sheng, haut-responsable du renseignement au minist\u00e8re de la D\u00e9fense.<\/p>\n\n\n\n<p>Du c\u00f4t\u00e9 chinois, P\u00e9kin a annonc\u00e9 lundi avoir interdit de s\u00e9jour sur son territoire deux personnalit\u00e9s ta\u00efwanaises soup\u00e7onn\u00e9es de \u201cs\u00e9paratisme\u201d, et proscrit les activit\u00e9s de toute entreprise qui leur sont affili\u00e9es.<\/p>\n\n\n\n<p>L\u2019homme d\u2019affaires Robert Tsao et l\u2019avocat Puma Shen ont d\u00e9sormais l\u2019interdiction d\u2019entrer en Chine continentale ainsi que dans les r\u00e9gions administratives sp\u00e9ciales de Hong Kong et Macao, a indiqu\u00e9 Chen Binhua, porte-parole du Bureau des affaires ta\u00efwanaises, un organe du gouvernement chinois.<\/p>\n\n\n\n<p>M. Chen a accus\u00e9 les deux ressortissants ta\u00efwanais de \u201cdiviser ouvertement le pays\u201d, d\u2019\u201dinciter au s\u00e9paratisme\u201d, ainsi que de \u201cnuire gravement \u00e0 la stabilit\u00e9 du d\u00e9troit de Ta\u00efwan\u201d et aux \u201cint\u00e9r\u00eats communs des compatriotes des deux c\u00f4t\u00e9s du d\u00e9troit et aux int\u00e9r\u00eats fondamentaux de la nation chinoise\u201d.<\/p>\n\n\n\n<p>Les membres de leur famille vont \u00eatre vis\u00e9s par des interdictions similaires, et toute entreprise affili\u00e9e aux deux Ta\u00efwanais sera dans l\u2019impossibilit\u00e9 de faire profit en Chine, a-t-il ajout\u00e9.<\/p>\n\n\n\n<h2 class=\"wp-block-heading\">L\u2019\u00eele se pr\u00e9pare \u00e0 la guerre<\/h2>\n\n\n\n<p>D\u2019apr\u00e8s M. Chen, les autorit\u00e9s chinoises vont \u00e9galement emp\u00eacher toute activit\u00e9 en Chine continentale de Kuma Academy, une organisation de d\u00e9fense civile cr\u00e9\u00e9e par Puma Shen ayant re\u00e7u un don de Robert Tsao, fondateur du fabricant ta\u00efwanais de puces United Microelectronics Corporation.<\/p>\n\n\n\n<p>Cette association a pour but de pr\u00e9parer les citoyens ta\u00efwanais \u00e0 la guerre et \u00e0 \u201caccro\u00eetre la d\u00e9termination \u00e0 se d\u00e9fendre et \u00e0 r\u00e9sister aux envahisseurs\u201d, selon son site internet.<\/p>\n\n\n\n<p>Plus t\u00f4t ce lundi, les garde-c\u00f4tes ta\u00efwanais ont annonc\u00e9 avoir proc\u00e9d\u00e9 \u00e0 l\u2019arrestation d\u2019un ressortissant chinois apr\u00e8s une possible \u201cintrusion\u201d sur l\u2019une des \u00eeles en p\u00e9riph\u00e9rie de Ta\u00efwan.<\/p>\n","protected":false},"excerpt":{"rendered":"<p>L\u2019Union europ\u00e9enne a appel\u00e9 toutes les parties \u00e0 \u201cfaire preuve de retenue\u201d \u00e0 Ta\u00efwan au moment o\u00f9 P\u00e9kin a d\u00e9ploy\u00e9<\/p>\n","protected":false},"author":1,"featured_media":44209,"comment_status":"open","ping_status":"open","sticky":false,"template":"","format":"standard","meta":{"footnotes":""},"categories":[51],"tags":[],"class_list":["post-44208","post","type-post","status-publish","format-standard","has-post-thumbnail","hentry","category-general"],"_links":{"self":[{"href":"https:\/\/dekkbi.com\/index.php?rest_route=\/wp\/v2\/posts\/44208","targetHints":{"allow":["GET"]}}],"collection":[{"href":"https:\/\/dekkbi.com\/index.php?rest_route=\/wp\/v2\/posts"}],"about":[{"href":"https:\/\/dekkbi.com\/index.php?rest_route=\/wp\/v2\/types\/post"}],"author":[{"embeddable":true,"href":"https:\/\/dekkbi.com\/index.php?rest_route=\/wp\/v2\/users\/1"}],"replies":[{"embeddable":true,"href":"https:\/\/dekkbi.com\/index.php?rest_route=%2Fwp%2Fv2%2Fcomments&post=44208"}],"version-history":[{"count":1,"href":"https:\/\/dekkbi.com\/index.php?rest_route=\/wp\/v2\/posts\/44208\/revisions"}],"predecessor-version":[{"id":44210,"href":"https:\/\/dekkbi.com\/index.php?rest_route=\/wp\/v2\/posts\/44208\/revisions\/44210"}],"wp:featuredmedia":[{"embeddable":true,"href":"https:\/\/dekkbi.com\/index.php?rest_route=\/wp\/v2\/media\/44209"}],"wp:attachment":[{"href":"https:\/\/dekkbi.com\/index.php?rest_route=%2Fwp%2Fv2%2Fmedia&parent=44208"}],"wp:term":[{"taxonomy":"category","embeddable":true,"href":"https:\/\/dekkbi.com\/index.php?rest_route=%2Fwp%2Fv2%2Fcategories&post=44208"},{"taxonomy":"post_tag","embeddable":true,"href":"https:\/\/dekkbi.com\/index.php?rest_route=%2Fwp%2Fv2%2Ftags&post=44208"}],"curies":[{"name":"wp","href":"https:\/\/api.w.org\/{rel}","templated":true}]}}