{"id":44145,"date":"2024-10-14T09:59:27","date_gmt":"2024-10-14T09:59:27","guid":{"rendered":"https:\/\/dekkbi.com\/?p=44145"},"modified":"2024-10-14T15:21:44","modified_gmt":"2024-10-14T15:21:44","slug":"agitation-autour-du-retour-de-macky-lapr-sen-prend-a-pastef-et-a-mimi","status":"publish","type":"post","link":"https:\/\/dekkbi.com\/?p=44145","title":{"rendered":"S\u00e9n\u00e9gal 2050\/ Ousmane Sonko: \u00a0\u00bb Les choix d&rsquo;\u00e9laboration de ce document refl\u00e8tent les options fortes du Pr\u00e9sident de faire confiance \u00e0 l&rsquo;expertise locale&#8230;\u00a0\u00bb"},"content":{"rendered":"\n<p>La c\u00e9r\u00e9monie de lancement du document de politique nationale de d\u00e9veloppement \u201cS\u00e9n\u00e9gal 2050\u201d s\u2019est ouverte ce matin, au centre international de conf\u00e9rences Abdou-Diouf de Diamniadio.<\/p>\n\n\n\n<p>Le Premier ministre Ousmane Sonko, qui prenait part \u00e0 cet \u00e9v\u00e8nement, est d&rsquo;avis que les choix d&rsquo;\u00e9laboration de ce document refl\u00e8tent les options fortes du Pr\u00e9sident de faire confiance \u00e0 l&rsquo;expertise locale d&rsquo;une part et d&rsquo;impliquer davantage, le secteur priv\u00e9 national dans toute d\u00e9finition et ex\u00e9cution des politiques et programmes publics.<\/p>\n\n\n\n<p>\u00ab\u00a0Ce qui nous r\u00e9unit aujourd&rsquo;hui, la vision 2050, pour le S\u00e9n\u00e9gal pour est l&rsquo;aboutissement d&rsquo;un long combat qui a pris sa source, il y a un peu plus de 10 ans. Il s&rsquo;est transform\u00e9 ensuite en un projet politique solide, ambitieux, et progressivement porteur d&rsquo;espoir. Les S\u00e9n\u00e9galais l&rsquo;ont pl\u00e9biscit\u00e9 le 24 mars 2024 par le choix net port\u00e9 sur le Pr\u00e9sident Bassirou Diomaye Faye\u00a0\u00bb, a d\u00e9clar\u00e9 le leader du Pastef.<\/p>\n\n\n\n<p>SOURCE LERAL<\/p>\n","protected":false},"excerpt":{"rendered":"<p>La c\u00e9r\u00e9monie de lancement du document de politique nationale de d\u00e9veloppement \u201cS\u00e9n\u00e9gal 2050\u201d s\u2019est ouverte ce matin, au centre international<\/p>\n","protected":false},"author":1,"featured_media":44250,"comment_status":"open","ping_status":"open","sticky":false,"template":"","format":"standard","meta":{"footnotes":""},"categories":[6],"tags":[],"class_list":["post-44145","post","type-post","status-publish","format-standard","has-post-thumbnail","hentry","category-politics"],"_links":{"self":[{"href":"https:\/\/dekkbi.com\/index.php?rest_route=\/wp\/v2\/posts\/44145","targetHints":{"allow":["GET"]}}],"collection":[{"href":"https:\/\/dekkbi.com\/index.php?rest_route=\/wp\/v2\/posts"}],"about":[{"href":"https:\/\/dekkbi.com\/index.php?rest_route=\/wp\/v2\/types\/post"}],"author":[{"embeddable":true,"href":"https:\/\/dekkbi.com\/index.php?rest_route=\/wp\/v2\/users\/1"}],"replies":[{"embeddable":true,"href":"https:\/\/dekkbi.com\/index.php?rest_route=%2Fwp%2Fv2%2Fcomments&post=44145"}],"version-history":[{"count":2,"href":"https:\/\/dekkbi.com\/index.php?rest_route=\/wp\/v2\/posts\/44145\/revisions"}],"predecessor-version":[{"id":44251,"href":"https:\/\/dekkbi.com\/index.php?rest_route=\/wp\/v2\/posts\/44145\/revisions\/44251"}],"wp:featuredmedia":[{"embeddable":true,"href":"https:\/\/dekkbi.com\/index.php?rest_route=\/wp\/v2\/media\/44250"}],"wp:attachment":[{"href":"https:\/\/dekkbi.com\/index.php?rest_route=%2Fwp%2Fv2%2Fmedia&parent=44145"}],"wp:term":[{"taxonomy":"category","embeddable":true,"href":"https:\/\/dekkbi.com\/index.php?rest_route=%2Fwp%2Fv2%2Fcategories&post=44145"},{"taxonomy":"post_tag","embeddable":true,"href":"https:\/\/dekkbi.com\/index.php?rest_route=%2Fwp%2Fv2%2Ftags&post=44145"}],"curies":[{"name":"wp","href":"https:\/\/api.w.org\/{rel}","templated":true}]}}