{"id":44079,"date":"2024-10-11T11:55:46","date_gmt":"2024-10-11T11:55:46","guid":{"rendered":"https:\/\/dekkbi.com\/?p=44079"},"modified":"2024-10-11T11:55:47","modified_gmt":"2024-10-11T11:55:47","slug":"protection-des-donnees-a-caractere-personnel-vers-la-finalisation-du-projet-de-decret-dapplication","status":"publish","type":"post","link":"https:\/\/dekkbi.com\/?p=44079","title":{"rendered":"Protection des donn\u00e9es \u00e0 caract\u00e8re personnel: vers la finalisation du projet de d\u00e9cret d\u2019application"},"content":{"rendered":"\n<p>Un atelier de mise \u00e0 niveau du projet de loi portant sur la protection des donn\u00e9es \u00e0 caract\u00e8re personnel et du d\u00e9cret d\u2019application se tient depuis hier, \u00e0 Saly-Portudal. Il entre dans la marche vers la finalisation du projet de d\u00e9cret d\u2019application. Ousmane Thiongane, le pr\u00e9sident de la commission de la Cdp, a lou\u00e9 l\u2019engagement et la d\u00e9termination des participants mus par une volont\u00e9 de contribuer de mani\u00e8re importante \u00e0 la protection des donn\u00e9es personnelles par la mise en place d\u2019un arsenal juridique. <\/p>\n\n\n\n<p>En ce sens, il a retrac\u00e9 le parcours ou le trajet parcouru entre 2018 et 2019 avec le partage de la r\u00e9forme portant feuille de route de la r\u00e9forme. Aux affaires depuis mars 2024 comme pr\u00e9sident de la Cdp, Ousmane Thiongane s\u2019est r\u00e9solu \u00e0 maintenir la collaboration avec les institutions travaillant dans la protection des donn\u00e9es personnelles selon une d\u00e9marche inclusive. Il a rendu hommage \u00e0 Madame Awa Ndiaye, son pr\u00e9d\u00e9cesseur pour le travail abattu. <\/p>\n\n\n\n<p>Selon ses propos, le projet de loi a connu des avanc\u00e9es significatives depuis 2019. A l\u2019en croire, la Cour Supr\u00eame a donn\u00e9 un avis favorable au projet de loi en novembre 2022. Pour Ousmane Thiongane \u201cle New deal technologique \u201cimpose une mise \u00e0 jour du dispositif juridique par rapport aux avanc\u00e9es scientifiques de certains \u00e9l\u00e9ments. Il a rappel\u00e9 l\u2019article 16 de la loi 2008- 12 du 25 janvier 2012 portant sur la protection des donn\u00e9es \u00e0 caract\u00e8re personnel conf\u00e9rant \u00e0 la Cdp le pouvoir de faire des propositions au gouvernement pour l\u2019am\u00e9lioration de la l\u00e9gislation relative \u00e0 la protection des donn\u00e9es personnelles.<\/p>\n\n\n\n<p><strong>SAMBA NIEBE BA<\/strong><\/p>\n","protected":false},"excerpt":{"rendered":"<p>Un atelier de mise \u00e0 niveau du projet de loi portant sur la protection des donn\u00e9es \u00e0 caract\u00e8re personnel et<\/p>\n","protected":false},"author":1,"featured_media":44080,"comment_status":"open","ping_status":"open","sticky":false,"template":"","format":"standard","meta":{"footnotes":""},"categories":[21],"tags":[],"class_list":["post-44079","post","type-post","status-publish","format-standard","has-post-thumbnail","hentry","category-societe"],"_links":{"self":[{"href":"https:\/\/dekkbi.com\/index.php?rest_route=\/wp\/v2\/posts\/44079","targetHints":{"allow":["GET"]}}],"collection":[{"href":"https:\/\/dekkbi.com\/index.php?rest_route=\/wp\/v2\/posts"}],"about":[{"href":"https:\/\/dekkbi.com\/index.php?rest_route=\/wp\/v2\/types\/post"}],"author":[{"embeddable":true,"href":"https:\/\/dekkbi.com\/index.php?rest_route=\/wp\/v2\/users\/1"}],"replies":[{"embeddable":true,"href":"https:\/\/dekkbi.com\/index.php?rest_route=%2Fwp%2Fv2%2Fcomments&post=44079"}],"version-history":[{"count":1,"href":"https:\/\/dekkbi.com\/index.php?rest_route=\/wp\/v2\/posts\/44079\/revisions"}],"predecessor-version":[{"id":44081,"href":"https:\/\/dekkbi.com\/index.php?rest_route=\/wp\/v2\/posts\/44079\/revisions\/44081"}],"wp:featuredmedia":[{"embeddable":true,"href":"https:\/\/dekkbi.com\/index.php?rest_route=\/wp\/v2\/media\/44080"}],"wp:attachment":[{"href":"https:\/\/dekkbi.com\/index.php?rest_route=%2Fwp%2Fv2%2Fmedia&parent=44079"}],"wp:term":[{"taxonomy":"category","embeddable":true,"href":"https:\/\/dekkbi.com\/index.php?rest_route=%2Fwp%2Fv2%2Fcategories&post=44079"},{"taxonomy":"post_tag","embeddable":true,"href":"https:\/\/dekkbi.com\/index.php?rest_route=%2Fwp%2Fv2%2Ftags&post=44079"}],"curies":[{"name":"wp","href":"https:\/\/api.w.org\/{rel}","templated":true}]}}