{"id":44076,"date":"2024-10-11T11:50:10","date_gmt":"2024-10-11T11:50:10","guid":{"rendered":"https:\/\/dekkbi.com\/?p=44076"},"modified":"2024-10-11T11:50:11","modified_gmt":"2024-10-11T11:50:11","slug":"mabouba-diagne-ministre-de-lagriculture-de-la-souverainete-alimentaire-et-de-lelevage-sur-la-dependance-alimentaire-il-est-temps-de-stopper-lhemorragie","status":"publish","type":"post","link":"https:\/\/dekkbi.com\/?p=44076","title":{"rendered":"Mabouba Diagne, ministre de l\u2019agriculture, de la souverainet\u00e9 alimentaire et de l\u2019\u00e9levage, sur la d\u00e9pendance alimentaire : \u00ab Il est temps de stopper l\u2019h\u00e9morragie \u00bb"},"content":{"rendered":"\n<p>Pr\u00e9sidant  \u00e0 Dakar, les travaux de la deuxi\u00e8me \u00e9dition du Forum du Patrimoine et de l\u2019Investissement (FPI Africa 2024), le ministre de l\u2019Agriculture et de la Souverainet\u00e9 alimentaire, Mabouba Diagne, a d\u00e9nonc\u00e9 la d\u00e9pendance de l\u2019Afrique aux produits alimentaires. Pour s\u2019en convaincre, l\u2019Afrique importe chaque ann\u00e9e pour 35 milliards de dollars de produits alimentaires. Et si rien n\u2019est fait, d\u2019ici 2030, ce chiffre atteindra 120 milliards de FCFA. \u00ab Or, importer autant de nourriture, c\u2019est exporter nos emplois, nos richesses, dont notre jeunesse a besoin \u00bb, a alert\u00e9 l\u2019ancien vice-pr\u00e9sident en charge des finances \u00e0 la Banque d\u2019Investissement et de D\u00e9veloppement de la CEDEAO.<\/p>\n\n\n\n<p>Convaincu que l\u2019Afrique est \u00e0 un tournant d\u00e9cisif, tant pour la construction de son tissu \u00e9conomique que pour son repositionnement g\u00e9opolitique, le ministre de l\u2019Agriculture a d\u00e9clar\u00e9 : \u00ab L\u2019Afrique est le seul continent o\u00f9 l\u2019on enregistre des taux de croissance de plus de 7 %, contre moins de 5 % aux \u00c9tats-Unis, en Europe et en Asie. Cela signifie que nous devons saisir l\u2019opportunit\u00e9 de d\u00e9velopper l\u2019Afrique, en particulier le S\u00e9n\u00e9gal. \u00bb<\/p>\n\n\n\n<p>Dans son argumentaire, il a affirm\u00e9 que \u00ab nous avons d\u00e9montr\u00e9 au monde entier que nous \u00e9tions un peuple capable du meilleur, et la transition d\u00e9mocratique l\u2019illustre parfaitement \u00bb.<\/p>\n\n\n\n<p>Lors de l\u2019\u00e9lection pr\u00e9sidentielle de mars dernier, \u00ab le peuple a prouv\u00e9 que le S\u00e9n\u00e9gal \u00e9tait une d\u00e9mocratie av\u00e9r\u00e9e, avec une expertise s\u00e9n\u00e9galaise, une \u00e9ducation de qualit\u00e9 et une diaspora d\u2019exception, entre autres. \u00bb<\/p>\n\n\n\n<p>Pour ce faire, il est imp\u00e9ratif d\u2019engager des r\u00e9formes structurelles qui contribueront \u00e0 r\u00e9duire drastiquement les importations. Selon lui, \u00ab nous importons chaque ann\u00e9e pour 1 070 milliards de francs CFA de biens, 11,4 millions de tonnes de riz, 860 000 tonnes de ma\u00efs, 450 000 tonnes de bl\u00e9, 347 000 tonnes de fruits et l\u00e9gumes, plus de 200 000 tonnes d\u2019huile, et plus de 200 000 tonnes de lait en poudre. \u00bb<\/p>\n\n\n\n<p>\u00c0 cet \u00e9gard, \u00ab il est temps de stopper l\u2019h\u00e9morragie \u00bb, a-t-il insist\u00e9. Pour convaincre, il a mentionn\u00e9 que des entrepreneurs s\u00e9n\u00e9galais ont investi dans le secteur agricole, et les r\u00e9sultats obtenus sont tr\u00e8s satisfaisants. Cela laisse esp\u00e9rer que, dans les ann\u00e9es \u00e0 venir, cet objectif d\u2019autosuffisance alimentaire sera atteint.<br>\u00c0 cette occasion, il a invit\u00e9 le secteur bancaire s\u00e9n\u00e9galais, qui compte 30 banques, \u00e0 investir 10 milliards de francs CFA chacune pour soutenir le gouvernement, plus que jamais d\u00e9termin\u00e9 \u00e0 r\u00e9volutionner le secteur agricole, cl\u00e9 de tout d\u00e9veloppement viable et durable. Aux investisseurs priv\u00e9s et aux op\u00e9rateurs \u00e9conomiques, le ministre a lanc\u00e9 un appel \u00e0 croire en la politique agricole du S\u00e9n\u00e9gal.<\/p>\n\n\n\n<p><strong>JEAN PIERRE MALOU<\/strong><br>SUDQUOTIDIEN<\/p>\n","protected":false},"excerpt":{"rendered":"<p>Pr\u00e9sidant \u00e0 Dakar, les travaux de la deuxi\u00e8me \u00e9dition du Forum du Patrimoine et de l\u2019Investissement (FPI Africa 2024), le<\/p>\n","protected":false},"author":1,"featured_media":36423,"comment_status":"open","ping_status":"open","sticky":false,"template":"","format":"standard","meta":{"footnotes":""},"categories":[3],"tags":[],"class_list":["post-44076","post","type-post","status-publish","format-standard","has-post-thumbnail","hentry","category-event-more-news"],"_links":{"self":[{"href":"https:\/\/dekkbi.com\/index.php?rest_route=\/wp\/v2\/posts\/44076","targetHints":{"allow":["GET"]}}],"collection":[{"href":"https:\/\/dekkbi.com\/index.php?rest_route=\/wp\/v2\/posts"}],"about":[{"href":"https:\/\/dekkbi.com\/index.php?rest_route=\/wp\/v2\/types\/post"}],"author":[{"embeddable":true,"href":"https:\/\/dekkbi.com\/index.php?rest_route=\/wp\/v2\/users\/1"}],"replies":[{"embeddable":true,"href":"https:\/\/dekkbi.com\/index.php?rest_route=%2Fwp%2Fv2%2Fcomments&post=44076"}],"version-history":[{"count":1,"href":"https:\/\/dekkbi.com\/index.php?rest_route=\/wp\/v2\/posts\/44076\/revisions"}],"predecessor-version":[{"id":44077,"href":"https:\/\/dekkbi.com\/index.php?rest_route=\/wp\/v2\/posts\/44076\/revisions\/44077"}],"wp:featuredmedia":[{"embeddable":true,"href":"https:\/\/dekkbi.com\/index.php?rest_route=\/wp\/v2\/media\/36423"}],"wp:attachment":[{"href":"https:\/\/dekkbi.com\/index.php?rest_route=%2Fwp%2Fv2%2Fmedia&parent=44076"}],"wp:term":[{"taxonomy":"category","embeddable":true,"href":"https:\/\/dekkbi.com\/index.php?rest_route=%2Fwp%2Fv2%2Fcategories&post=44076"},{"taxonomy":"post_tag","embeddable":true,"href":"https:\/\/dekkbi.com\/index.php?rest_route=%2Fwp%2Fv2%2Ftags&post=44076"}],"curies":[{"name":"wp","href":"https:\/\/api.w.org\/{rel}","templated":true}]}}