{"id":44073,"date":"2024-10-11T11:48:14","date_gmt":"2024-10-11T11:48:14","guid":{"rendered":"https:\/\/dekkbi.com\/?p=44073"},"modified":"2024-10-11T11:48:15","modified_gmt":"2024-10-11T11:48:15","slug":"ouverture-du-campus-social-de-lucad-et-baisse-de-la-subvention-de-letat-lintersyndicale-du-coud-alerte-et-interpelle-les-autorites","status":"publish","type":"post","link":"https:\/\/dekkbi.com\/?p=44073","title":{"rendered":"Ouverture du campus social de l\u2019ucad et baisse de la subvention de l\u2019Etat : l\u2019Intersyndicale du Coud alerte et interpelle les autorit\u00e9s"},"content":{"rendered":"\n<p><strong>Alors que l\u2019ouverture du campus social de l\u2019Universit\u00e9 Cheikh Anta Diop de Dakar (Ucad) est pr\u00e9vue le 19 octobre prochain, l\u2019Intersyndicale du Centre des \u0153uvres universitaires de Dakar (Coud) annonce des difficult\u00e9s au sein dudit campus. Lors d\u2019une conf\u00e9rence de presse hier, jeudi 10 octobre, elle a d\u00e9nonc\u00e9 la baisse de 10 milliards de FCFA de la subvention de l\u2019Etat au Coud.<\/strong><\/p>\n\n\n\n<p>Des menaces p\u00e8sent sur l\u2019ouverture du campus social de l\u2019Universit\u00e9 Cheikh Anta Diop de Dakar (Ucad) pr\u00e9vue le 19 octobre prochain. Pour cause, face \u00e0 la presse hier, jeudi 10 octobre, l\u2019Intersyndicale du Centre des \u0152uvres universitaires de Dakar (Coud) a d\u00e9nonc\u00e9 un d\u00e9ficit budg\u00e9taire qui risque de compromettre le bon d\u00e9roulement des services. \u00ab Nous devons sous la pression de l\u2019urgence et du temps informer l\u2019opinion, les autorit\u00e9s, les travailleurs qu\u2019en 2023, la subvention de l\u2019Etat \u00e9tait de 30 milliards 173 millions FCFA alors qu\u2019en 2024, la subvention est de 20 milliards 573 millions de FCFA, soit une diminution de 10 milliards de FCFA. Ceci, en d\u00e9pit de l\u2019augmentation de l\u2019effectif des \u00e9tudiants passant de 82 000 en 2023 \u00e0 90 000 en 2024 sans compter les 24 000 nouveaux bacheliers qui vont s\u2019y ajouter \u00bb, a d\u00e9clar\u00e9 le coordonnateur de l\u2019Intersyndicale du Coud, Pape Samba Diouf. Selon lui, \u00ab ce surpeuplement du campus entra\u00eene une surexploitation des services offerts aux \u00e9tudiants, pose des d\u00e9fis importants de gestion des infrastructures et des installations, des gestions m\u00e9dico-sociales des \u00e9tudiants, entrainant aussi des tensions budg\u00e9taires avec la diminution de 10 milliards de la subvention de l\u2019Etat en 2024\u00bb.<\/p>\n\n\n\n<p> Entre \u00abv\u00e9tust\u00e9 des \u00e9quipements\u00bb, \u00abespaces inadapt\u00e9s\u00bb, \u00abconditions sanitaires d\u00e9grad\u00e9es\u00bb, l\u2019Intersyndicale du Coud liste ainsi les difficult\u00e9s des campus. Allant plus loin, elle annonce que le campus social va au-devant de grandes difficult\u00e9s. \u00ab Nous devons donc \u00e0 la v\u00e9rit\u00e9 de dire que nous allons vers des difficult\u00e9s car les repreneurs menacent d\u2019arr\u00eater les prestations \u00e0 cause de la dette qui leur est due. <\/p>\n\n\n\n<p>La plupart des h\u00f4pitaux ont bloqu\u00e9 les travailleurs du Coud \u00e0 cause de la dette qui leur est due et pour rappel, les \u00e9v\u00e8nements du 1er juin 2023 ont caus\u00e9 l\u2019incendie de tous les bus de transport du personnel du Coud, des v\u00e9hicules des agents, le saccage de nos locaux et de notre outil de travail. L\u2019Etat du S\u00e9n\u00e9gal avait pris l\u2019engagement de prendre en charge les d\u00e9g\u00e2ts au niveau de toutes les universit\u00e9s du S\u00e9n\u00e9gal, nous attendons toujours \u00bb, a fait savoir Pape Samba Diouf.<\/p>\n\n\n\n<p>Craignant que \u00ab l\u2019ouverture prochaine du campus se fasse \u00e0 marche forc\u00e9e sans pour autant apporter une r\u00e9ponse rapide au d\u00e9ficit budg\u00e9taire du Coud qui est la principale cause de souffrance \u00bb, l\u2019Intersyndicale du Coud interpelle les autorit\u00e9s. \u00ab Nous interpellons le directeur du Coud, Dr Nd\u00e9n\u00e9 Mbodj, et le ministre de l\u2019Enseignement sup\u00e9rieur, de la Recherche et de l\u2019Innovation, Dr Abdourahmane Diouf, pour que des solutions urgentes soient trouv\u00e9es. Ainsi, nous lan\u00e7ons un appel et demandons l\u2019intervention du Premier ministre Ousmane Sonko et du Pr\u00e9sident de la R\u00e9publique Bassirou Diomaye Faye qui sont nos seuls remparts aujourd\u2019hui face aux difficult\u00e9s que traverse actuellement le Coud \u00bb, a dit le coordonnateur de l\u2019Intersyndicale du Coud.<\/p>\n\n\n\n<p><strong>MARIAME DJIGO<\/strong><br>SUDQUOTIDIEN<\/p>\n","protected":false},"excerpt":{"rendered":"<p>Alors que l\u2019ouverture du campus social de l\u2019Universit\u00e9 Cheikh Anta Diop de Dakar (Ucad) est pr\u00e9vue le 19 octobre prochain,<\/p>\n","protected":false},"author":1,"featured_media":24136,"comment_status":"open","ping_status":"open","sticky":false,"template":"","format":"standard","meta":{"footnotes":""},"categories":[21],"tags":[],"class_list":["post-44073","post","type-post","status-publish","format-standard","has-post-thumbnail","hentry","category-societe"],"_links":{"self":[{"href":"https:\/\/dekkbi.com\/index.php?rest_route=\/wp\/v2\/posts\/44073","targetHints":{"allow":["GET"]}}],"collection":[{"href":"https:\/\/dekkbi.com\/index.php?rest_route=\/wp\/v2\/posts"}],"about":[{"href":"https:\/\/dekkbi.com\/index.php?rest_route=\/wp\/v2\/types\/post"}],"author":[{"embeddable":true,"href":"https:\/\/dekkbi.com\/index.php?rest_route=\/wp\/v2\/users\/1"}],"replies":[{"embeddable":true,"href":"https:\/\/dekkbi.com\/index.php?rest_route=%2Fwp%2Fv2%2Fcomments&post=44073"}],"version-history":[{"count":1,"href":"https:\/\/dekkbi.com\/index.php?rest_route=\/wp\/v2\/posts\/44073\/revisions"}],"predecessor-version":[{"id":44074,"href":"https:\/\/dekkbi.com\/index.php?rest_route=\/wp\/v2\/posts\/44073\/revisions\/44074"}],"wp:featuredmedia":[{"embeddable":true,"href":"https:\/\/dekkbi.com\/index.php?rest_route=\/wp\/v2\/media\/24136"}],"wp:attachment":[{"href":"https:\/\/dekkbi.com\/index.php?rest_route=%2Fwp%2Fv2%2Fmedia&parent=44073"}],"wp:term":[{"taxonomy":"category","embeddable":true,"href":"https:\/\/dekkbi.com\/index.php?rest_route=%2Fwp%2Fv2%2Fcategories&post=44073"},{"taxonomy":"post_tag","embeddable":true,"href":"https:\/\/dekkbi.com\/index.php?rest_route=%2Fwp%2Fv2%2Ftags&post=44073"}],"curies":[{"name":"wp","href":"https:\/\/api.w.org\/{rel}","templated":true}]}}