{"id":4407,"date":"2022-12-06T13:46:22","date_gmt":"2022-12-06T13:46:22","guid":{"rendered":"https:\/\/dekkbi.com\/?p=4407"},"modified":"2022-12-06T13:47:38","modified_gmt":"2022-12-06T13:47:38","slug":"football-coupes-du-monde-et-politique-une-longue-histoire","status":"publish","type":"post","link":"https:\/\/dekkbi.com\/?p=4407","title":{"rendered":"Football, Coupes du Monde et politique: une longue histoire"},"content":{"rendered":"\n<p>\u00ab&nbsp;Je pense qu\u2019il ne faut pas politiser le sport&nbsp;\u00bb, a d\u00e9clar\u00e9&nbsp;Emmanuel Macron en d\u00e9placement en Tha\u00eflande le 14 novembre 2022, face aux questions autour des Droits de l\u2019homme et du respect de l\u2019environnement dans la pr\u00e9paration et l\u2019organisation du Mondial de football par le Qatar. Il ajoute&nbsp;: \u00ab&nbsp;Ces questions-l\u00e0, il faut se les poser quand on attribue l\u2019\u00e9v\u00e9nement, que ce soient les Jeux Olympiques ou la Coupe du monde.&nbsp;\u00bb<\/p>\n\n\n\n<p>SOURCE RFI<\/p>\n\n\n\n<p>La phrase fait r\u00e9agir, ravivant pour nombre de commentateurs un d\u00e9bat remontant, au-del\u00e0 du football,\u00a0\u00e0 l\u2019origine des Jeux olympiques modernes. Il suffit de rappeler que les derniers Olympiades organis\u00e9es du vivant de Pierre de Coubertin ont \u00e9t\u00e9 celles de\u00a01936 \u00e0 Berlin, ville choisie en 1931, soit deux ans avant l\u2019accession du nazisme au pouvoir. On se souvient de l\u2019usage qu\u2019en fit le Troisi\u00e8me Reich \u2013 dont t\u00e9moigne le film de Leni Riefenstahl,\u00a0<em>Les Dieux du stade<\/em>\u00a0-comme du triomphe de l\u2019athl\u00e8te africain-am\u00e9ricain\u00a0Jesse Owens, qui aimait \u00e0 rappeler que le Pr\u00e9sident Roosevelt ne lui avait pas m\u00eame envoy\u00e9 un t\u00e9l\u00e9gramme de f\u00e9licitation.<\/p>\n\n\n\n<p>Lors de la pr\u00e9c\u00e9dente Coupe du Monde de football en 2018 en Russie, plus de la moiti\u00e9 de la population mondiale \u00e2g\u00e9e de plus de quatre ans a vu au moins une minute de l\u2019\u00e9v\u00e9nement \u00e0 la t\u00e9l\u00e9vision ou l\u2019a suivi sur des supports num\u00e9riques ou dans des lieux publics. Ce sport est de loin aujourd\u2019hui&nbsp;le plus populaire sur la plan\u00e8te, que ce soit en terme de spectateurs, de pratiquants ou de licenci\u00e9s. C\u2019est aussi le plus lucratif. Comment imaginer qu\u2019il ne soit pas constamment travers\u00e9 par des enjeux politiques&nbsp;?<a href=\"https:\/\/www.rfi.fr\/fr\/connaissances\/\"><\/a><\/p>\n\n\n\n<figure class=\"wp-block-image size-full\"><img decoding=\"async\" src=\"https:\/\/dekkbi.com\/wp-content\/uploads\/2022\/12\/image-6.gif\" alt=\"\" class=\"wp-image-4408\"\/><\/figure>\n\n\n\n<h2 class=\"wp-block-heading\"><strong>Un sport populaire<\/strong><\/h2>\n\n\n\n<p>Le football moderne se d\u00e9veloppe\u00a0dans l\u2019Angleterre du 19<sup>e\u00a0<\/sup>si\u00e8cle. Codifi\u00e9 comme discipline scolaire, il se professionnalise d\u2019abord dans le Nord industriel \u2013 o\u00f9 les patrons d\u2019usine n\u2019h\u00e9sitent pas \u00e0 investir pour avoir de meilleurs joueurs \u2013 et reste plus aristocratique au Sud o\u00f9 il conserve l\u2019esprit des clubs priv\u00e9s. Et c\u2019est en h\u00e9ritant de cet imaginaire, par exemple, qu\u2019il se r\u00e9pand parmi la jeunesse anglophile de Rio au Br\u00e9sil \u00e0 la fin du si\u00e8cle, bourgeoise et blanche.<\/p>\n\n\n\n<p>Dans un pays o\u00f9\u00a0l\u2019abolition de l\u2019esclavage\u00a0est particuli\u00e8rement tardive \u2013 1888 \u2013 la s\u00e9gr\u00e9gation des \u00e9quipes est totale. Seuls quelques joueurs m\u00e9tis parviennent \u00e0 int\u00e9grer les \u00e9quipes blanches, poudrant leur visage et lissant leurs cheveux. Alors que le football anglais est pass\u00e9 du dribbling au passing \u2013 renfor\u00e7ant l\u2019esprit d\u2019\u00e9quipe, quand jusque-l\u00e0 tous se voyaient comme des attaquants devant courir seuls jusqu\u2019au but \u2013 les joueurs de couleur r\u00e9inventent outre-Atlantique l\u2019art de l\u2019esquive, qui leur permet d\u2019\u00e9viter la confrontation physique avec leurs adversaires blancs.<\/p>\n\n\n\n<p>L\u2019\u00e9crivain\u00a0Olivier Guez\u00a0a montr\u00e9 comment cette strat\u00e9gie de l\u2019\u00e9vitement \u2013 n\u00e9cessaire quand l\u2019arbitrage n\u2019est pas objectif et que la force physique tourne \u00e0 l\u2019avantage des hommes issus des classes ais\u00e9es, mieux nourris et donc plus grands \u2013 incarne la subversion. \u00c0 la diff\u00e9rence des sports nobles \u2013 cricket, tennis, hockey sur gazon ou rugby \u2013, le football ne se diffuse pas dans l\u2019Empire par le biais des \u00e9lites coloniales, mais notamment par les \u00e9tudiants britanniques ou les enseignants d\u2019anglais un peu partout en Europe et en Am\u00e9rique latine.<\/p>\n\n\n\n<figure class=\"wp-block-image size-full\"><img decoding=\"async\" src=\"https:\/\/dekkbi.com\/wp-content\/uploads\/2022\/12\/image-8.gif\" alt=\"\" class=\"wp-image-4410\"\/><figcaption class=\"wp-element-caption\">Livre paru en 2020.&nbsp;\u00a9 La D\u00e9couverte<\/figcaption><\/figure>\n\n\n\n<h2 class=\"wp-block-heading\"><strong>Un enjeu pour les r\u00e9gimes totalitaires<\/strong><\/h2>\n\n\n\n<p>\u00c0 Rome, son origine le rend suspect au\u00a0r\u00e9gime fasciste\u00a0qui cherche en vain \u00e0 lui substituer une variante nationale, la\u00a0<em>volata<\/em>, pratique abandonn\u00e9e un an avant la Coupe du Monde de 1934, organis\u00e9e en Italie. Le Duce fait construire pas moins de sept stades pour l\u2019occasion. La victoire italienne \u2013 non sans pressions du r\u00e9gime sur l\u2019arbitrage &#8211; inspire Adolf Hitler pour les Jeux olympiques. La\u00a0<em>Squadra azzura<\/em>\u00a0\u2013 la couleur choisie depuis 1911 en hommage \u00e0 la maison de Savoie, la dynastie r\u00e9gnante<a rel=\"noreferrer noopener\" href=\"https:\/\/www.rfi.fr\/fr\/connaissances\/20221205-football-coupe-du-monde-et-politique-une-longue-histoire#sdendnote1sym\" target=\"_blank\"><sup>i<\/sup><\/a>\u00a0\u2013 r\u00e9cidive quatre ans plus tard en France. Afin de se distinguer des Bleus qu&rsquo;elle bat au stade de Colombes, en banlieue parisienne, elle rev\u00eat pour le match des maillots noirs \u2013 hommage appuy\u00e9 aux milices fascistes.<\/p>\n\n\n\n<p>Dans ce cadre propagandiste, le\u00a0<em>calcio<\/em>\u00a0devient \u00ab\u00a0sport national\u00a0\u00bb et l\u2019\u00e9quipe se change aux yeux de son entra\u00eeneur en un \u00ab\u00a0peloton d\u2019<em>arditi<\/em>\u00a0\u00bb &#8211; en r\u00e9f\u00e9rence aux troupes d\u2019\u00e9lite de la Grande Guerre, dont beaucoup rejoignirent le noyau dur du fascisme. L\u2019\u00e9quipe italienne n\u2019aura pas eu \u00e0 affronter celle qui quelques mois plus t\u00f4t \u00e9tait encore l\u2019une des grandes favorites du tournoi\u00a0: l\u2019\u00e9quipe autrichienne n\u2019existe en effet plus depuis\u00a0l\u2019Anschluss\u00a0\u2013 l\u2019annexion de l\u2019Autriche par l\u2019Allemagne nazie \u2013 et son capitaine Mattias Sindelar, qui avait refus\u00e9 d\u2019endosser le maillot nazi, dispara\u00eetra l\u2019ann\u00e9e suivante dans des circonstances suspectes.<\/p>\n\n\n\n<p>C\u2019est dans une toute autre atmosph\u00e8re politique \u2013 et pour cause \u2013 qu\u2019un enfant d\u2019Argenteuil, Rino della Negra, fils de r\u00e9fugi\u00e9 politique italien, \u00e9volue dans le football fran\u00e7ais de l\u2019entre-deux-guerres et de l\u2019Occupation. \u00c9ph\u00e9m\u00e8re mais inoubliable attaquant du\u00a0Red Star de Saint-Ouen\u00a0\u2013 club r\u00e9put\u00e9 pour son int\u00e9gration pr\u00e9coce de joueurs venus de tous les horizons g\u00e9ographiques -, il parvient \u00e0 poursuivre au grand jour sa carri\u00e8re de footballeur malgr\u00e9 son refus de rejoindre le STO et son engagement au sein du groupe Manouchian des\u00a0FTP-MOI [Francs-tireurs partisans &#8211; Main d&rsquo;\u0153uvre immigr\u00e9e]. Au mois de juin 1943, il prend part activement \u00e0 trois attentats de la R\u00e9sistance avant d\u2019\u00eatre arr\u00eat\u00e9 et fusill\u00e9 au fort du Mont-Val\u00e9rien, en f\u00e9vrier 1944. Comme l\u2019a montr\u00e9\u00a0le r\u00e9cent ouvrage\u00a0de Dimitri Mansessis et Jean Vigreux, la m\u00e9moire du jeune h\u00e9ros est toujours vive parmi les actuels supporters du club odonien, plus encore pour son engagement politique que pour ses indiscutables performances sportives.<\/p>\n\n\n\n<figure class=\"wp-block-image size-full\"><img decoding=\"async\" src=\"https:\/\/dekkbi.com\/wp-content\/uploads\/2022\/12\/image-7.gif\" alt=\"\" class=\"wp-image-4409\"\/><figcaption class=\"wp-element-caption\">Vie, mort et m\u00e9moire d\u2019un jeune footballeur du \u00ab groupe Manouchian \u00bb, livre paru en f\u00e9vrier 2022.&nbsp;\u00a9 Libertalia<\/figcaption><\/figure>\n\n\n\n<h2 class=\"wp-block-heading\"><strong>Pour le continent africain, une question de visibilit\u00e9<\/strong><\/h2>\n\n\n\n<p>On ne peut quitter la question du rapport entre football et politique durant la seconde guerre mondiale sans \u00e9voquer\u00a0la l\u00e9gende du \u00ab\u00a0match de la mort\u00a0\u00bb\u00a0\u2013 qui est aussi une mystification \u2013 \u00e0 Kiev, en 1942. Une \u00e9quipe ukrainienne \u2013 largement compos\u00e9e d\u2019anciens joueurs du l\u00e9gendaire Dynamo de Kiev, vainqueur d&rsquo;ailleurs du Red Star en 1935, pour le premier grand match d\u2019une formation sovi\u00e9tique en France \u2013 d\u00e9fait triomphalement une \u00e9quipe militaire allemande devant un public chauff\u00e9 \u00e0 blanc. Puis les joueurs victorieux sont\u00a0pass\u00e9s par les armes afin de laver cet affront. Pas moins de quatre films se sont inspir\u00e9s de cet histoire \u2013 dont un de John Huston au casting \u00e9poustouflant. Puis on a\u00a0d\u00e9couvert\u00a0qu\u2019elle avait \u00e9t\u00e9 invent\u00e9e de toutes pi\u00e8ces pour donner \u00e0 cette rencontre sportive la dimension h\u00e9ro\u00efque qu\u2019elle n\u2019avait jamais eue.<\/p>\n\n\n\n<p>Comme tous les clubs portant le nom Dynamo,\u00a0l\u2019\u00e9quipe de Kiev\u00a0\u00e9tait une cr\u00e9ation du GPU \u2013 l\u2019anc\u00eatre du KGB. Apr\u00e8s-guerre, le football sovi\u00e9tique conna\u00eet son heure de gloire entre la fin des ann\u00e9es 1950 et les ann\u00e9es 1960. Les stars ne sont pas alors les attaquants, mais les gardiens de but, vus m\u00e9taphoriquement comme les ultimes d\u00e9fenseurs de la patrie. Le plus c\u00e9l\u00e8bre d\u2019entre eux, Lev Yachine, sera le seul gardien \u00e0 obtenir le ballon d\u2019or. Il finira sa carri\u00e8re comme colonel du KGB. En 1954, la victoire de la RFA au mondial est per\u00e7ue comme le v\u00e9ritable acte de naissance d\u2019un pays n\u00e9 de la d\u00e9faite de l\u2019Allemagne nazie. C\u2019est la premi\u00e8re fois depuis pr\u00e8s de dix ans que le peuple allemand est autoris\u00e9 \u00e0 s\u2019enorgueillir d\u2019un succ\u00e8s. Quatre ans plus t\u00f4t, RFA, RDA et Japon n\u2019avaient pas \u00e9t\u00e9 autoris\u00e9s \u00e0 participer aux qualifications \u2013 le souvenir de la guerre \u00e9tait encore trop vif.<\/p>\n\n\n\n<p>En 1966, les nations africaines refusent de prendre part \u00e0 la s\u00e9lection du Mondial. Une seule place en effet est accessible \u00e0 une s\u00e9lection venue du continent, qu\u2019elle devra disputer avec les \u00e9quipes venues d\u2019Asie ou d\u2019Oc\u00e9anie. L\u2019Afrique aura au Mondial suivant une place r\u00e9serv\u00e9e, puis deux en 1982. L\u2019accession aux quarts de finale du Cameroun en 1990 vaut au continent une place suppl\u00e9mentaire. Il y en aura 9 en tout \u00e0 partir de 2026, alors que le tournoi rassemblera 48 nations. L\u2019Europe qui compte un nombre \u00e9quivalent de membres de la FIFA disposera alors de 16 places. Sur le continent il faut encore \u00e9voquer en 1961 la suspension de l\u2019Afrique du Sud\u00a0en raison de l\u2019Apartheid, malgr\u00e9 l\u2019opposition du directeur de la FIFA qui pense qu\u2019il ne faut pas m\u00ealer le sport et la politique. S\u2019ensuit une exclusion d\u00e9finitive en 1976, apr\u00e8s la r\u00e9pression des \u00e9meutes de Soweto, qui se poursuit jusqu\u2019\u00e0 la fin du R\u00e9gime en 1992. Mais c\u2019est au rugby que\u00a0le pays de Nelson Mandela\u00a0f\u00eate la joie d\u2019une unit\u00e9 retrouv\u00e9e avec un premier titre mondial en 1995.<\/p>\n\n\n\n<figure class=\"wp-block-image size-full\"><img decoding=\"async\" src=\"https:\/\/dekkbi.com\/wp-content\/uploads\/2022\/12\/image-10.gif\" alt=\"\" class=\"wp-image-4412\"\/><figcaption class=\"wp-element-caption\">Le r\u00e9alisateur am\u00e9ricain John Huston, au centre \u00e0 droite, avec l&rsquo;acteur britannique Michael Caine, \u00e0 gauche, et l&rsquo;acteur am\u00e9ricain Sylvester Stallone, pendant le tournage de \u00ab\u00a0\u00c0 nous la victoire\u00a0\u00bb [Escape To Victory], \u00e0 Budapest, le 10 juin 1980.&nbsp;ASSOCIATED PRESS &#8211; Anonymous<\/figcaption><\/figure>\n\n\n\n<h2 class=\"wp-block-heading\"><strong>Boycott, r\u00e9conciliation et liesse nationale<\/strong><\/h2>\n\n\n\n<p>En 1978, le Mondial se d\u00e9roule dans l\u2019Argentine dictatoriale du g\u00e9n\u00e9ral Videla. Le match Argentine P\u00e9rou pose particuli\u00e8rement question. Il permet au pays h\u00f4te de se qualifier sur le fil apr\u00e8s une victoire aussi \u00e9crasante qu\u2019inattendue de 6 \u00e0 0. Certains ont \u00e9voqu\u00e9 des liens de corruption des joueurs p\u00e9ruviens dans le cadre du\u00a0plan Condor\u00a0(alliance des dictatures d\u2019extr\u00eame-droite d\u2019Am\u00e9rique latine avec les \u00c9tats-Unis contre les opposants politique de gauche, marxistes en particulier). Lors de cette coupe du monde, l\u2019entra\u00eeneur fran\u00e7ais Michel Hidalgo fait l\u2019objet d\u2019une \u00e9ph\u00e9m\u00e8re tentative d\u2019enl\u00e8vement \u2013 il parvient \u00e0 d\u00e9sarmer l\u2019un de ses agresseurs \u2013 dont l\u2019objectif est de protester contre les ventes d\u2019armes de la France \u00e0 l\u2019Argentine.<\/p>\n\n\n\n<p>En 1970, la Cor\u00e9e du Nord refuse d\u2019affronter les \u00c9tats-Unis, Quatre ans plus tard, l\u2019Urss en fait de m\u00eame avec le Chili tomb\u00e9 sous le joug de la dictature de Pinochet en\u00a0septembre 1973. En 2002, la Coupe du monde est organis\u00e9e pour la premi\u00e8re fois dans deux pays en m\u00eame temps, le Japon et la Cor\u00e9e du Sud. Il est impossible en effet pour la FIFA de d\u00e9partager deux pays li\u00e9s par un\u00a0douloureux pass\u00e9 colonial. Cette collaboration in\u00e9dite est \u00e0 l\u2019origine d\u2019un v\u00e9ritable engouement, culturel et touristique, pour leurs voisins du continent.<\/p>\n\n\n\n<p>Les Fran\u00e7ais gardent un grand souvenir de la Coupe du monde de 1998, organis\u00e9e \u00e0 domicile. Le triomphe de la finale \u2013 3 \u00e0 0 face au Br\u00e9sil quadruple champions du monde et tenant du titre \u2013 \u00e0 deux jours de la f\u00eate nationale cr\u00e9e pendant plusieurs mois l\u2019illusion d\u2019une nation r\u00e9concili\u00e9e et d\u2019une int\u00e9gration r\u00e9ussie de la population immigr\u00e9e malgr\u00e9 le poids du pass\u00e9 colonial. De nombreux b\u00e9b\u00e9s cette ann\u00e9e-l\u00e0 seront pr\u00e9nomm\u00e9s Lilian ou Zinedine, en hommage aux joueurs Lilian Thuram et Zinedine Zidane. Quatre ans plus tard malgr\u00e9 tout,\u00a0le mythe d\u2019une France black-blanc-beur\u00a0est \u00e9corn\u00e9 par l\u2019accession de l\u2019extr\u00eame-droite au second tour des \u00e9lections pr\u00e9sidentielles.<\/p>\n\n\n\n<figure class=\"wp-block-image size-full\"><img decoding=\"async\" src=\"https:\/\/dekkbi.com\/wp-content\/uploads\/2022\/12\/image-12.gif\" alt=\"\" class=\"wp-image-4414\"\/><figcaption class=\"wp-element-caption\">Le pr\u00e9sident argentin Jorge Rafael Videla (au centre) apr\u00e8s avoir remis le troph\u00e9e de la Coupe du monde au capitaine argentin Daniel Passarella (n\u00b0 19), lors de la c\u00e9r\u00e9monie de pr\u00e9sentation au stade River Plate, \u00e0 Buenos Aires, le 25 juin 1978. Les autres joueurs de gauche \u00e0 droite : Americo Gallego (6), Passarella, Osvaldo Ardilles et inconnu. L&rsquo;Argentine a battu les Pays-Bas 3-1 en finale.&nbsp;AP &#8211; HEINZ DUCKLAU<\/figcaption><\/figure>\n\n\n\n<h2 class=\"wp-block-heading\"><strong>2019&nbsp;: l\u2019\u00e9quipe de Megan Rapinoe veut \u00ab&nbsp;rendre ce monde meilleur&nbsp;\u00bb<\/strong><\/h2>\n\n\n\n<p>Les deux derni\u00e8res coupes du monde ont \u00e9t\u00e9 marqu\u00e9es par des pol\u00e9miques autour du pays organisateur. En 2018, Angleterre et Islande boycottent diplomatiquement la comp\u00e9tition, en r\u00e9action \u00e0 l\u2019annexion de la Crim\u00e9e en 2014 et \u00e0 la tentative d\u2019assassinat de\u00a0Sergue\u00ef Skripal, un ancien agent russe pass\u00e9 au MI6 dans les ann\u00e9es 1990. Une soixantaine d\u2019eurod\u00e9put\u00e9s, dont les membres d\u2019EELV en France, adressent une lettre ouverte aux dirigeants de l\u2019Union europ\u00e9enne pour qu\u2019ils se joignent \u00e0 cette action, en vain. Durant cette coupe du monde, lors du match Suisse-Serbie, les deux buteurs d\u2019origine kosovare de l\u2019\u00e9quipe helv\u00e8te c\u00e9l\u00e8bre leur exploit en mimant l\u2019aigle bic\u00e9phale du drapeau albanais. Les joueurs incrimin\u00e9s re\u00e7oivent une amende, ainsi que le capitaine de l\u2019\u00e9quipe qui les a imit\u00e9s.<\/p>\n\n\n\n<p>En mars 2021,\u00a0une enqu\u00eate du journal britannique\u00a0<em>The Guardian<\/em>\u00a0avance que 6500 ouvriers originaires d\u2019Asie du Sud sont morts sur les chantiers du Mondial qatari entre 2010 et 2020, un chiffre qui serait m\u00eame sous-\u00e9valu\u00e9 car\u00a0les donn\u00e9es des travailleurs d\u2019autres communaut\u00e9s\u00a0n\u2019ont pas \u00e9t\u00e9 recens\u00e9es. Les atteintes aux droits des personnes LGBTQUIA+ dans le pays h\u00f4te sont un autre probl\u00e8me. Pour autant, si\u00a0\u00e0 quelques jours de la Coupe du monde, un quart des amateurs de ballon rond en France d\u00e9clarent boycotter ce que le journaliste Nicolas Kssis-Martov a appel\u00e9\u00a0le \u00ab\u00a0Mondial de la honte\u00a0\u00bb, les chiffres rapport\u00e9s depuis par les m\u00e9dias restent stables \u2013 contrairement \u00e0 l\u2019Allemagne, o\u00f9 ils se sont litt\u00e9ralement effondr\u00e9s, avant m\u00eame l\u2019\u00e9limination de l\u2019\u00e9quipe nationale. Ni l\u2019\u00e9quipe de France ni le pouvoir politique n\u2019ont \u00e9mis la moindre critique \u00e0 l\u2019\u00e9gard d\u2019un pays dont les liens \u00e9conomiques avec Paris sont multiples et tentaculaires. Et le public n\u2019aura pas vraiment \u00e9cout\u00e9\u00a0les appels des anciennes gloires du football \u00c9ric Cantona ou Vikash Dhorasoo.<\/p>\n\n\n\n<p>Dans une tribune publi\u00e9e sur Lib\u00e9ration, le 26 septembre, ce dernier \u00e9crivait\u00a0: \u00ab\u00a0D\u00e9sormais, nous aussi on se l\u00e8ve et on se casse ! D\u00e9sob\u00e9ir, c&rsquo;est la base. D\u00e9sob\u00e9ir, c&rsquo;est le d\u00e9but de l&rsquo;action. C&rsquo;est le moment pour les joueurs de foot de bousculer le vieux monde des instances.\u00a0\u00bb Cette r\u00e9f\u00e9rence \u00e0 la formule\u00a0f\u00e9ministe d\u2019Ad\u00e8le Haenel\u00a0reprise par\u00a0Virginie Despentes n\u2019est sans doute pas un hasard. \u00c0\u00a0la Coupe du monde f\u00e9minine de 2019\u00a0en effet, les prises de position politiques des joueuses sur le stade ont \u00e9t\u00e9 multiples et relay\u00e9es. Apr\u00e8s avoir refus\u00e9 de chanter l\u2019hymne national pour protester contre la politique de Donald Trump contre les minorit\u00e9s, apr\u00e8s avoir d\u00e9nonc\u00e9 les \u00e9carts de revenus entre hommes et femmes dans le sport, apr\u00e8s avoir refus\u00e9 de se rendre \u00e0 la Maison blanche, la capitaine Megan Rapinoe a eu ses mots pour c\u00e9l\u00e9brer la victoire de l\u2019\u00e9quipe \u00e9tasunienne\u00a0: \u00ab C\u2019est de notre responsabilit\u00e9 de rendre ce monde meilleur. Je pense que cette \u00e9quipe fait un travail incroyable pour porter tout cela sur ses \u00e9paules. Oui, on fait du sport, oui on joue au football, oui, on est des femmes athl\u00e8tes, mais on est beaucoup plus que \u00e7a\u00a0\u00bb. En 2023, la Coupe du monde f\u00e9minine aura lieu dans des pays d\u00e9mocratiques, l&rsquo;Australie et la\u00a0Nouvelle-Z\u00e9lande. Quel rapport posera-t-elle entre football et politique?<\/p>\n\n\n\n<figure class=\"wp-block-image size-full\"><img decoding=\"async\" src=\"https:\/\/dekkbi.com\/wp-content\/uploads\/2022\/12\/image-11.gif\" alt=\"\" class=\"wp-image-4413\"\/><figcaption class=\"wp-element-caption\">L&rsquo;\u00e9quipe d&rsquo;Allemagne se couvre la bouche pendant la photo d&rsquo;\u00e9quipe avant le match du groupe E de la Coupe du monde de football entre l&rsquo;Allemagne et le Japon, au Khalifa International Stadium de Doha, au Qatar, mercredi 23 novembre 2022.&nbsp;AP &#8211; Matthias Schrader<\/figcaption><\/figure>\n\n\n\n<p><a href=\"https:\/\/www.rfi.fr\/fr\/connaissances\/20221205-football-coupe-du-monde-et-politique-une-longue-histoire#sdendnote1anc\" target=\"_blank\" rel=\"noreferrer noopener\">i<\/a>&nbsp;D\u2019autres \u00e9quipes ont choisi la couleur de leur maillot en lien avec une dynastie r\u00e9gnante \u2013 l\u2019orange au Pays-Bas \u2013 ou ayant r\u00e9gn\u00e9 \u2013 le blanc des joueurs allemands, couleur de la dynastie des Hohenzollern.<\/p>\n\n\n\n<p><a href=\"https:\/\/www.facebook.com\/dialog\/share?app_id=113191652055439&amp;href=https%3A%2F%2Frfi.my%2F8xou.F&amp;redirect_uri=https%3A%2F%2Fwww.rfi.fr%2Ffr%2Fconnaissances%2F20221205-football-coupe-du-monde-et-politique-une-longue-histoire&amp;locale=fr_FR\" target=\"_blank\" rel=\"noreferrer noopener\"><\/a><a href=\"https:\/\/twitter.com\/intent\/tweet?url=https%3A%2F%2Frfi.my%2F8xou.T&amp;via=RFI&amp;related=dormirajamais&amp;text=Football%2C%20Coupes%20du%20Monde%20et%20politique%C2%A0%3A%20une%20longue%20histoire&amp;lang=fr\" target=\"_blank\" rel=\"noreferrer noopener\"><\/a><a href=\"https:\/\/web.whatsapp.com\/send?text=Football%2C%20Coupes%20du%20Monde%20et%20politique%C2%A0%3A%20une%20longue%20histoire%20-%20https%3A%2F%2Frfi.my%2F8xou.W\" target=\"_blank\" rel=\"noreferrer noopener\"><\/a><\/p>\n","protected":false},"excerpt":{"rendered":"<p>\u00ab&nbsp;Je pense qu\u2019il ne faut pas politiser le sport&nbsp;\u00bb, a d\u00e9clar\u00e9&nbsp;Emmanuel Macron en d\u00e9placement en Tha\u00eflande le 14 novembre 2022,<\/p>\n","protected":false},"author":1,"featured_media":4415,"comment_status":"open","ping_status":"open","sticky":false,"template":"","format":"standard","meta":{"footnotes":""},"categories":[9],"tags":[],"class_list":["post-4407","post","type-post","status-publish","format-standard","has-post-thumbnail","hentry","category-sports"],"_links":{"self":[{"href":"https:\/\/dekkbi.com\/index.php?rest_route=\/wp\/v2\/posts\/4407","targetHints":{"allow":["GET"]}}],"collection":[{"href":"https:\/\/dekkbi.com\/index.php?rest_route=\/wp\/v2\/posts"}],"about":[{"href":"https:\/\/dekkbi.com\/index.php?rest_route=\/wp\/v2\/types\/post"}],"author":[{"embeddable":true,"href":"https:\/\/dekkbi.com\/index.php?rest_route=\/wp\/v2\/users\/1"}],"replies":[{"embeddable":true,"href":"https:\/\/dekkbi.com\/index.php?rest_route=%2Fwp%2Fv2%2Fcomments&post=4407"}],"version-history":[{"count":2,"href":"https:\/\/dekkbi.com\/index.php?rest_route=\/wp\/v2\/posts\/4407\/revisions"}],"predecessor-version":[{"id":4417,"href":"https:\/\/dekkbi.com\/index.php?rest_route=\/wp\/v2\/posts\/4407\/revisions\/4417"}],"wp:featuredmedia":[{"embeddable":true,"href":"https:\/\/dekkbi.com\/index.php?rest_route=\/wp\/v2\/media\/4415"}],"wp:attachment":[{"href":"https:\/\/dekkbi.com\/index.php?rest_route=%2Fwp%2Fv2%2Fmedia&parent=4407"}],"wp:term":[{"taxonomy":"category","embeddable":true,"href":"https:\/\/dekkbi.com\/index.php?rest_route=%2Fwp%2Fv2%2Fcategories&post=4407"},{"taxonomy":"post_tag","embeddable":true,"href":"https:\/\/dekkbi.com\/index.php?rest_route=%2Fwp%2Fv2%2Ftags&post=4407"}],"curies":[{"name":"wp","href":"https:\/\/api.w.org\/{rel}","templated":true}]}}