{"id":44061,"date":"2024-10-11T11:40:45","date_gmt":"2024-10-11T11:40:45","guid":{"rendered":"https:\/\/dekkbi.com\/?p=44061"},"modified":"2024-10-11T11:40:45","modified_gmt":"2024-10-11T11:40:45","slug":"constitution-des-listes-electorales-lapr-et-lafp-reglent-des-comptes-avec-amadou-ba","status":"publish","type":"post","link":"https:\/\/dekkbi.com\/?p=44061","title":{"rendered":"Constitution des listes \u00e9lectorales : L\u2019Apr et l\u2019Afp r\u00e8glent des comptes avec Amadou Ba"},"content":{"rendered":"\n<p>Le Comit\u00e9 \u00e9lectoral national de l\u2019Alliance des forces de progr\u00e8s (Afp) s\u2019aligne malgr\u00e9 des manquements sur les investitures. En effet, il \u00aba exprim\u00e9 son d\u00e9saccord profond par rapport \u00e0 la composition cavali\u00e8re et non inclusive de la Commission d\u2019investiture dont les membres, \u00e0 une exception pr\u00e8s, appartenaient \u00e0 la Nouvelle Responsabilit\u00e9\u00bb. <\/p>\n\n\n\n<p>N\u2019emp\u00eache, il a adress\u00e9, \u00abau nom du Secr\u00e9taire g\u00e9n\u00e9ral, Monsieur Moustapha Niasse, ses vives f\u00e9licitations aux camarades investis, en les exhortant \u00e0 s\u2019engager dans la bataille \u00e9lectorale, notamment en int\u00e9grant les comit\u00e9s \u00e9lectoraux \u00e0 la base\u00bb, tel que dit par une note.\u00a0Cette derni\u00e8re revenant sur les \u00e9cueils not\u00e9s dans les investitures : \u00abLe cas le plus spectaculaire est celui du d\u00e9partement de Nioro o\u00f9 le maire de la plus grande commune, Porokhane, l\u2019honorable Alassane Mbaye, ne figure m\u00eame pas sur les listes, alors qu\u2019un accord avait \u00e9t\u00e9 scell\u00e9 entre le pr\u00e9sident Niasse et le Premier ministre Amadou Ba pour que ce camarade soit t\u00eate de liste dans ledit d\u00e9partement.\u00bb<\/p>\n\n\n\n<p>Et, \u00abtous ces manquements graves, pr\u00e9judiciables \u00e0 l\u2019esprit d\u2019une coalition\u00bb, seront mis de c\u00f4t\u00e9 dans le communiqu\u00e9 qui rajoute que \u00able Comit\u00e9 \u00e9lectoral national de l\u2019Afp a encourag\u00e9 le Comit\u00e9 pr\u00e9paratoire du Congr\u00e8s \u00e0 parachever ses travaux, d\u00e8s la fin de cette p\u00e9riode \u00e9lectorale, pour poursuivre les objectifs de rajeunissement, de massification et d\u2019animation du parti, dans l\u2019esprit du m\u00e9morable appel lanc\u00e9 le 16 juin 1999 par le pr\u00e9sident Moustapha Niasse\u00bb.<\/p>\n\n\n\n<p><strong>Par Moussa SECK<\/strong> &#8211; LEQUOTIDIEN<\/p>\n","protected":false},"excerpt":{"rendered":"<p>Le Comit\u00e9 \u00e9lectoral national de l\u2019Alliance des forces de progr\u00e8s (Afp) s\u2019aligne malgr\u00e9 des manquements sur les investitures. En effet,<\/p>\n","protected":false},"author":1,"featured_media":44062,"comment_status":"open","ping_status":"open","sticky":false,"template":"","format":"standard","meta":{"footnotes":""},"categories":[6],"tags":[],"class_list":["post-44061","post","type-post","status-publish","format-standard","has-post-thumbnail","hentry","category-politics"],"_links":{"self":[{"href":"https:\/\/dekkbi.com\/index.php?rest_route=\/wp\/v2\/posts\/44061","targetHints":{"allow":["GET"]}}],"collection":[{"href":"https:\/\/dekkbi.com\/index.php?rest_route=\/wp\/v2\/posts"}],"about":[{"href":"https:\/\/dekkbi.com\/index.php?rest_route=\/wp\/v2\/types\/post"}],"author":[{"embeddable":true,"href":"https:\/\/dekkbi.com\/index.php?rest_route=\/wp\/v2\/users\/1"}],"replies":[{"embeddable":true,"href":"https:\/\/dekkbi.com\/index.php?rest_route=%2Fwp%2Fv2%2Fcomments&post=44061"}],"version-history":[{"count":1,"href":"https:\/\/dekkbi.com\/index.php?rest_route=\/wp\/v2\/posts\/44061\/revisions"}],"predecessor-version":[{"id":44063,"href":"https:\/\/dekkbi.com\/index.php?rest_route=\/wp\/v2\/posts\/44061\/revisions\/44063"}],"wp:featuredmedia":[{"embeddable":true,"href":"https:\/\/dekkbi.com\/index.php?rest_route=\/wp\/v2\/media\/44062"}],"wp:attachment":[{"href":"https:\/\/dekkbi.com\/index.php?rest_route=%2Fwp%2Fv2%2Fmedia&parent=44061"}],"wp:term":[{"taxonomy":"category","embeddable":true,"href":"https:\/\/dekkbi.com\/index.php?rest_route=%2Fwp%2Fv2%2Fcategories&post=44061"},{"taxonomy":"post_tag","embeddable":true,"href":"https:\/\/dekkbi.com\/index.php?rest_route=%2Fwp%2Fv2%2Ftags&post=44061"}],"curies":[{"name":"wp","href":"https:\/\/api.w.org\/{rel}","templated":true}]}}