{"id":44054,"date":"2024-10-11T11:30:52","date_gmt":"2024-10-11T11:30:52","guid":{"rendered":"https:\/\/dekkbi.com\/?p=44054"},"modified":"2024-10-11T11:30:53","modified_gmt":"2024-10-11T11:30:53","slug":"obama-sonne-la-charge-contre-donald-trump-au-service-de-kamala-harris","status":"publish","type":"post","link":"https:\/\/dekkbi.com\/?p=44054","title":{"rendered":"Obama sonne la charge contre Donald Trump, au service de Kamala Harris"},"content":{"rendered":"\n<p><strong>Barack Obama a utilis\u00e9 tous ses talents d\u2019orateur pour sonner la charge contre Donald Trump, et livrer un plaidoyer pour la d\u00e9mocrate Kamala Harris, \u00e0 moins d\u2019un mois de la pr\u00e9sidentielle am\u00e9ricaine.<\/strong><\/p>\n\n\n\n<p>A Pittsburgh, en Pennsylvanie (nord-est), l\u2019ic\u00f4ne de la gauche am\u00e9ricaine a averti les \u00e9lecteurs face \u00e0 la perspective d\u2019une\u00a0<em>\u00ab\u00a0\u00e9lection serr\u00e9e\u00a0\u00bb.<\/em><a href=\"https:\/\/account.microsoft.com\/privacy\/ad-settings\" target=\"_blank\" rel=\"noreferrer noopener\"><\/a><\/p>\n\n\n\n<p>Dans une Am\u00e9rique encore marqu\u00e9e par l\u2019inflation post-Covid,&nbsp;<em>\u00ab&nbsp;il y a beaucoup d\u2019Am\u00e9ricains qui gal\u00e8rent. (\u2026) Donc je comprends pourquoi les gens veulent du changement&nbsp;\u00bb,<\/em>&nbsp;a-t-il convenu.<\/p>\n\n\n\n<p><em>\u00ab&nbsp;Ce que je n\u2019arrive pas \u00e0 comprendre, c\u2019est que quiconque peut croire que Donald Trump va bouleverser les choses d\u2019une mani\u00e8re qui soit bonne pour vous&nbsp;\u00bb,<\/em>&nbsp;a lanc\u00e9 l\u2019ex-pr\u00e9sident, dans ce berceau de l\u2019am\u00e9ricain qui fait partie de la poign\u00e9e d\u2019Etats cl\u00e9s pour l\u2019examen en acier du 5 novembre.<\/p>\n\n\n\n<p>Mensonges \u00e9lectoraux, diatribes anti-migrants, menaces sur la couverture sant\u00e9, augmentation des droits de douane qui risquent d\u2019augmenter les prix pour les consommateurs : Obama a livr\u00e9 un r\u00e9quisitoire d\u00e9taill\u00e9 contre le milliardaire r\u00e9publicain, face \u00e0 une foule qui a parfois hu\u00e9&nbsp; Trump.<\/p>\n\n\n\n<p><em>\u00ab&nbsp;Ne huez pas ! Votez!&nbsp;\u00bb,<\/em>&nbsp;a r\u00e9pliqu\u00e9 Obama, en vantant le&nbsp;<em>\u00ab&nbsp;plan&nbsp;\u00bb<\/em>&nbsp;propos\u00e9 par Kamala Harris pour accorder des r\u00e9ductions d\u2019imp\u00f4ts \u00e0 la classe moyenne, aider les primo-acc\u00e9dants \u00e0 la propri\u00e9t\u00e9 et subventionner les cr\u00e9ations de petites entreprises.<\/p>\n\n\n\n<h3 class=\"wp-block-heading\">Message pour ses \u00ab&nbsp;fr\u00e8res&nbsp;\u00bb noirs<\/h3>\n\n\n\n<p>Obama avait d\u00e9j\u00e0 pr\u00e9sent\u00e9 Kamala Harris en h\u00e9riti\u00e8re avec le slogan&nbsp;<em>\u00ab&nbsp;Yes She Can&nbsp;\u00bb<\/em>&nbsp;lors de la convention d\u00e9mocrate cet \u00e9t\u00e9. Mais apr\u00e8s l\u2019effervescence provoqu\u00e9e par le remplacement impromptu de Joe Biden, la vice-pr\u00e9sidente doit maintenant garder la distance.<\/p>\n\n\n\n<p>Mercredi, une enqu\u00eate d\u2019opinion r\u00e9alis\u00e9e par l\u2019universit\u00e9 Quinnipiac notait les gains de Donald Trump dans trois Etats pivots strat\u00e9giques : le Wisconsin, le Michigan et la Pennsylvanie.<\/p>\n\n\n\n<p>Les sondages montrent aussi depuis des semaines que certains Afro-Am\u00e9ricains sont plus tent\u00e9s par le clan r\u00e9publicain qu\u2019en 2020.<\/p>\n\n\n\n<p>Dans ce contexte, Obama s\u2019est arr\u00eat\u00e9 dans un quartier de Pittsburgh avant son meeting, pour inviter ses \u00ab\u00a0fr\u00e8res\u00a0\u00bb h\u00e9sitants \u00e0 rallier Mme Harris.<a href=\"https:\/\/popup.taboola.com\/en\/\" target=\"_blank\" rel=\"noreferrer noopener\"><\/a><\/p>\n\n\n\n<p><em>\u00ab&nbsp;Vous avancez toutes sortes de raisons et d\u2019excuses&nbsp;\u00bb,<\/em>&nbsp;a-t-il tanc\u00e9, ajoutant:&nbsp;<em>\u00ab&nbsp;Cela me pose un probl\u00e8me. Cela me fait penser que vous n\u2019aimez pas l\u2019id\u00e9e d\u2019avoir une femme \u00e0 la pr\u00e9sidence&nbsp;\u00bb<\/em><em>.<\/em><\/p>\n\n\n\n<p>Lors de sa r\u00e9union, il a appel\u00e9 les hommes en g\u00e9n\u00e9ral \u00e0 ne pas confondre&nbsp;<em>\u00ab&nbsp;l\u2019intimidation et le fait de rabaisser les gens&nbsp;\u00bb&nbsp;<\/em>avec<em>&nbsp;\u00ab&nbsp;un signe de force&nbsp;\u00bb.<\/em><\/p>\n\n\n\n<p>Apr\u00e8s son apparition \u00e0 Pittsburgh, le premier pr\u00e9sident noir des Etats-Unis doit s\u2019engager dans l\u2019effort de collecte de fonds, enregistrer des publicit\u00e9s t\u00e9l\u00e9vis\u00e9es et t\u00e9l\u00e9phoniques, et voyager dans les six autres&nbsp;<em>\u00ab&nbsp;swing states&nbsp;\u00bb<\/em>&nbsp;pour la derni\u00e8re ligne droite de la campagne.<\/p>\n\n\n\n<p>Selon plusieurs m\u00e9dias, Kamala Harris devrait \u00e9galement bient\u00f4t faire intervenir l\u2019ex-pr\u00e9sident Bill Clinton dans sa campagne, \u00e0 partir du week-end prochain.<\/p>\n\n\n\n<h3 class=\"wp-block-heading\">Trump vante son protectionnisme<\/h3>\n\n\n\n<p>De son c\u00f4t\u00e9, Donald Trump a men\u00e9 une offensive protectionniste \u00e0 D\u00e9troit, la capitale de l\u2019industrie automobile dans le Michigan (nord).<\/p>\n\n\n\n<p><a href=\"https:\/\/www.zemanta.com\/privacy\/\" target=\"_blank\" rel=\"noreferrer noopener\"><\/a><\/p>\n\n\n\n<p>Il y a d\u00e9clar\u00e9 le fait que les Etats-Unis avaient permis aux entreprises \u00e9trang\u00e8res&nbsp;<em>\u00ab&nbsp;d\u2019envahir et de violer notre pays&nbsp;\u00bb.<\/em><\/p>\n\n\n\n<p><em>\u00ab&nbsp;Je veux que les constructeurs automobiles allemands deviennent des constructeurs automobiles am\u00e9ricains&nbsp;\u00bb,<\/em>&nbsp;a-t-il dit devant le Club \u00e9conomique de D\u00e9troit.<\/p>\n\n\n\n<p><em>\u00ab&nbsp;Ils nous envoient leurs voitures comme si nous \u00e9tions une bande d\u2019idiots. BMW, Mercedes, Volkswagen, par millions et millions et millions. On va plus se faire avoir, d\u2019accord ? Maintenant, ils vont devoir jouer selon nos r\u00e8gles&nbsp;\u00bb,<\/em>&nbsp;a ajout\u00e9 celui qui avait men\u00e9 sous sa pr\u00e9sidence une politique \u00e9conomique ultra-protectionniste.<\/p>\n\n\n\n<p>Le milliardaire de 78 ans continue \u00e9galement de pol\u00e9miquer sur la gestion des r\u00e9cents ouragans, en accusant faussement le gouvernement de ne pas aider les territoires r\u00e9publicains : apr\u00e8s la temp\u00eate meurtri\u00e8re H\u00e9l\u00e8ne, Milton a touch\u00e9 terre en Floride mercredi soir.<\/p>\n\n\n\n<p>En r\u00e9union en Arizona (sud-ouest) jeudi, la vice-pr\u00e9sidente a expliqu\u00e9 qu\u2019elle avait particip\u00e9 \u00e0 une r\u00e9union \u00e0 distance avec la Maison Blanche pour coordonner la r\u00e9ponse face \u00e0 Milton.<\/p>\n\n\n\n<p><em>\u00ab&nbsp;Je me suis entretenue avec des responsables locaux, r\u00e9publicains et d\u00e9mocrates, pour leur faire savoir que nous serons \u00e0 leurs c\u00f4t\u00e9s tout au long du processus de rel\u00e8vement et de reconstruction&nbsp;\u00bb,<\/em>&nbsp;a-t-elle insist\u00e9.<\/p>\n\n\n\n<p>La d\u00e9mocrate a \u00e9galement regrett\u00e9 que son rival ait d\u00e9finitivement exclu mercredi soir d\u2019organiser un deuxi\u00e8me d\u00e9bat pr\u00e9sidentiel avec elle.<\/p>\n\n\n\n<p><em>\u00ab&nbsp;Je pense que \u00e7a ne rend pas service aux \u00e9lecteurs&nbsp;\u00bb,<\/em>&nbsp;a-t-elle insist\u00e9, en y voyant aussi&nbsp;<em>\u00ab&nbsp;un signe de faiblesse&nbsp;\u00bb.<\/em><\/p>\n\n\n\n<p>The post\u00a0Obama sonne la charge contre Donald Trump, au service de Kamala Harris\u00a0appeared first on\u00a0Hespress Fran\u00e7ais &#8211; Actualit\u00e9s du Maroc.<\/p>\n","protected":false},"excerpt":{"rendered":"<p>Barack Obama a utilis\u00e9 tous ses talents d\u2019orateur pour sonner la charge contre Donald Trump, et livrer un plaidoyer pour<\/p>\n","protected":false},"author":1,"featured_media":356,"comment_status":"open","ping_status":"open","sticky":false,"template":"","format":"standard","meta":{"footnotes":""},"categories":[51],"tags":[],"class_list":["post-44054","post","type-post","status-publish","format-standard","has-post-thumbnail","hentry","category-general"],"_links":{"self":[{"href":"https:\/\/dekkbi.com\/index.php?rest_route=\/wp\/v2\/posts\/44054","targetHints":{"allow":["GET"]}}],"collection":[{"href":"https:\/\/dekkbi.com\/index.php?rest_route=\/wp\/v2\/posts"}],"about":[{"href":"https:\/\/dekkbi.com\/index.php?rest_route=\/wp\/v2\/types\/post"}],"author":[{"embeddable":true,"href":"https:\/\/dekkbi.com\/index.php?rest_route=\/wp\/v2\/users\/1"}],"replies":[{"embeddable":true,"href":"https:\/\/dekkbi.com\/index.php?rest_route=%2Fwp%2Fv2%2Fcomments&post=44054"}],"version-history":[{"count":1,"href":"https:\/\/dekkbi.com\/index.php?rest_route=\/wp\/v2\/posts\/44054\/revisions"}],"predecessor-version":[{"id":44055,"href":"https:\/\/dekkbi.com\/index.php?rest_route=\/wp\/v2\/posts\/44054\/revisions\/44055"}],"wp:featuredmedia":[{"embeddable":true,"href":"https:\/\/dekkbi.com\/index.php?rest_route=\/wp\/v2\/media\/356"}],"wp:attachment":[{"href":"https:\/\/dekkbi.com\/index.php?rest_route=%2Fwp%2Fv2%2Fmedia&parent=44054"}],"wp:term":[{"taxonomy":"category","embeddable":true,"href":"https:\/\/dekkbi.com\/index.php?rest_route=%2Fwp%2Fv2%2Fcategories&post=44054"},{"taxonomy":"post_tag","embeddable":true,"href":"https:\/\/dekkbi.com\/index.php?rest_route=%2Fwp%2Fv2%2Ftags&post=44054"}],"curies":[{"name":"wp","href":"https:\/\/api.w.org\/{rel}","templated":true}]}}