{"id":44044,"date":"2024-10-11T11:24:14","date_gmt":"2024-10-11T11:24:14","guid":{"rendered":"https:\/\/dekkbi.com\/?p=44044"},"modified":"2024-10-11T11:24:15","modified_gmt":"2024-10-11T11:24:15","slug":"securite-au-sahel-a-ouaga-abdoulaye-bathily-exprime-la-solidarite-de-dakar","status":"publish","type":"post","link":"https:\/\/dekkbi.com\/?p=44044","title":{"rendered":"S\u00e9curit\u00e9 au Sahel\u00a0: \u00e0 Ouaga, Abdoulaye Bathily exprime la solidarit\u00e9 de Dakar"},"content":{"rendered":"\n<p>Dakar, (APS) \u2013 Le S\u00e9n\u00e9gal exprime sa solidarit\u00e9 au Burkina Faso face \u00e0 la situation s\u00e9curitaire, \u2018\u2019marqu\u00e9e par des attaques terroristes\u2019\u2019, que traverse ce pays, mais aussi \u2018\u2019le Sahel et l\u2019Afrique de l\u2019Ouest tout enti\u00e8re\u2019\u2019, a d\u00e9clar\u00e9, jeudi \u00e0 Ouagadougou, Abdoulaye Bathily, envoy\u00e9 sp\u00e9cial du pr\u00e9sident de la R\u00e9publique.<\/p>\n\n\n\n<p>\u2018\u2019Je suis venu au Burkina Faso, porteur d\u2019un message du pr\u00e9sident Diomaye Faye dont je suis l\u2019envoy\u00e9 sp\u00e9cial. (\u2026) Ce message porte sur l\u2019expression de la solidarit\u00e9 du pr\u00e9sident Diomaye Faye, de son gouvernement et du peuple s\u00e9n\u00e9galais \u00e0 l\u2019\u00e9gard du peuple du Burkina Faso dans les circonstances actuelles marqu\u00e9es par des attaques terroristes\u2019\u2019, a d\u00e9clar\u00e9 Abdoulaye Bathily, cit\u00e9 dans un communiqu\u00e9 de la pr\u00e9sidence burkinab\u00e8<\/p>\n\n\n\n<p>Il s\u2019exprimait ainsi \u00e0 Ouagadougou, o\u00f9 il a \u00e9t\u00e9 re\u00e7u en audience par le pr\u00e9sident burkinab\u00e8, capitaine Ibrahim Traor\u00e9.<\/p>\n\n\n\n<p>D\u2019apr\u00e8s le communiqu\u00e9 de la pr\u00e9sidence burkinab\u00e8, Abdoulaye Bathily a \u00e9galement exprim\u00e9 les pr\u00e9occupations du S\u00e9n\u00e9gal face \u00e0 la situation s\u00e9curitaire que traversent le Sahel et l\u2019Afrique de l\u2019Ouest tout enti\u00e8re.<\/p>\n\n\n\n<p>\u2018\u2019Lorsqu\u2019on voit le spectacle aujourd\u2019hui de ce qui se passe dans cette r\u00e9gion, nous sommes profond\u00e9ment afflig\u00e9s\u2019\u2019, a-t-il d\u00e9plor\u00e9 dans des propos rapport\u00e9s sur le site de la pr\u00e9sidence du Burkina Faso.<\/p>\n\n\n\n<p>La m\u00eame source indique que l\u2019envoy\u00e9 sp\u00e9cial du pr\u00e9sident Faye estime que \u2018\u2019cette page difficile ne peut \u00eatre tourn\u00e9e que dans une synergie d\u2019actions entre les peuples, l\u2019unit\u00e9 et la solidarit\u00e9 \u00e0 l\u2019int\u00e9rieur des pays et entre eux\u2019\u2019.<\/p>\n\n\n\n<figure class=\"wp-block-image size-full\"><img loading=\"lazy\" decoding=\"async\" width=\"699\" height=\"390\" src=\"https:\/\/dekkbi.com\/wp-content\/uploads\/2024\/10\/Bathily-Ouaga-1.png\" alt=\"\" class=\"wp-image-44046\" srcset=\"https:\/\/dekkbi.com\/wp-content\/uploads\/2024\/10\/Bathily-Ouaga-1.png 699w, https:\/\/dekkbi.com\/wp-content\/uploads\/2024\/10\/Bathily-Ouaga-1-300x167.png 300w\" sizes=\"auto, (max-width: 699px) 100vw, 699px\" \/><\/figure>\n\n\n\n<p>Pour Abdoulaye Bathily, il s\u2019agit de voir \u2018\u2019comment mettre en synergie (les) intelligences\u2019\u2019, les \u2018\u2019ressources humaines\u2019\u2019, les \u2018\u2019r\u00e9flexions de mani\u00e8re cr\u00e9atrice pour ouvrir une nouvelle p\u00e9riode de relations, de relations qualitatives, apais\u00e9es \u00e0 l\u2019int\u00e9rieur des pays, entre les pays\u2019\u2019.<\/p>\n\n\n\n<p>\u2018\u2019Il n\u2019y a pas un autre avenir pour nous que cette marche vers le progr\u00e8s, ce d\u00e9sir d\u2019\u00e9mancipation des peuples africains\u2019\u2019, a lanc\u00e9 l\u2019envoy\u00e9 sp\u00e9cial du pr\u00e9sident s\u00e9n\u00e9galais.<\/p>\n\n\n\n<p>Le Burkina Faso est en proie \u00e0 des attaques de groupes arm\u00e9s, notamment dans la zone dite des trois fronti\u00e8res qu\u2019il partage avec le Mali et le Niger, deux pays qui ne sont pas \u00e9pargn\u00e9s non plus.<\/p>\n\n\n\n<p>Ces trois pays ont annonc\u00e9 leur sortie de la Communaut\u00e9 \u00e9conomique des \u00c9tats de l\u2019Afrique de l\u2019Ouest (CEDEAO) et cr\u00e9\u00e9 l\u2019Alliance des \u00c9tats du Sahel (AES), le 16 septembre 2023. &nbsp;<\/p>\n\n\n\n<p>Selon Abdoulaye Bathily, \u2018\u2019\u00e0 chaque fois qu\u2019un groupe d\u2019\u00c9tats estiment qu\u2019ils peuvent s\u2019engager ensemble pour des objectifs qu\u2019ils ont en commun\u2019\u2019, c\u2019est une tr\u00e8s bonne chose\u2019\u2019<\/p>\n\n\n\n<p>L\u2019essentiel est d\u2019\u2018\u2019avancer sur le chemin de nos objectifs strat\u00e9giques, c\u2019est-\u00e0-dire l\u2019\u00e9mancipation \u00e9conomique, l\u2019\u00e9mancipation politique, menant au progr\u00e8s de nos peuples\u2019\u2019, selon le communiqu\u00e9.<\/p>\n","protected":false},"excerpt":{"rendered":"<p>Dakar, (APS) \u2013 Le S\u00e9n\u00e9gal exprime sa solidarit\u00e9 au Burkina Faso face \u00e0 la situation s\u00e9curitaire, \u2018\u2019marqu\u00e9e par des attaques<\/p>\n","protected":false},"author":1,"featured_media":44045,"comment_status":"open","ping_status":"open","sticky":false,"template":"","format":"standard","meta":{"footnotes":""},"categories":[6],"tags":[],"class_list":["post-44044","post","type-post","status-publish","format-standard","has-post-thumbnail","hentry","category-politics"],"_links":{"self":[{"href":"https:\/\/dekkbi.com\/index.php?rest_route=\/wp\/v2\/posts\/44044","targetHints":{"allow":["GET"]}}],"collection":[{"href":"https:\/\/dekkbi.com\/index.php?rest_route=\/wp\/v2\/posts"}],"about":[{"href":"https:\/\/dekkbi.com\/index.php?rest_route=\/wp\/v2\/types\/post"}],"author":[{"embeddable":true,"href":"https:\/\/dekkbi.com\/index.php?rest_route=\/wp\/v2\/users\/1"}],"replies":[{"embeddable":true,"href":"https:\/\/dekkbi.com\/index.php?rest_route=%2Fwp%2Fv2%2Fcomments&post=44044"}],"version-history":[{"count":1,"href":"https:\/\/dekkbi.com\/index.php?rest_route=\/wp\/v2\/posts\/44044\/revisions"}],"predecessor-version":[{"id":44047,"href":"https:\/\/dekkbi.com\/index.php?rest_route=\/wp\/v2\/posts\/44044\/revisions\/44047"}],"wp:featuredmedia":[{"embeddable":true,"href":"https:\/\/dekkbi.com\/index.php?rest_route=\/wp\/v2\/media\/44045"}],"wp:attachment":[{"href":"https:\/\/dekkbi.com\/index.php?rest_route=%2Fwp%2Fv2%2Fmedia&parent=44044"}],"wp:term":[{"taxonomy":"category","embeddable":true,"href":"https:\/\/dekkbi.com\/index.php?rest_route=%2Fwp%2Fv2%2Fcategories&post=44044"},{"taxonomy":"post_tag","embeddable":true,"href":"https:\/\/dekkbi.com\/index.php?rest_route=%2Fwp%2Fv2%2Ftags&post=44044"}],"curies":[{"name":"wp","href":"https:\/\/api.w.org\/{rel}","templated":true}]}}