{"id":44041,"date":"2024-10-11T11:17:22","date_gmt":"2024-10-11T11:17:22","guid":{"rendered":"https:\/\/dekkbi.com\/?p=44041"},"modified":"2024-10-11T11:27:10","modified_gmt":"2024-10-11T11:27:10","slug":"le-conseil-constitutionnel-declare-irrecevables-les-recours-contre-les-candidatures-de-sonko-et-dias","status":"publish","type":"post","link":"https:\/\/dekkbi.com\/?p=44041","title":{"rendered":"Le Conseil constitutionnel d\u00e9clare irrecevables les recours contre les candidatures de Sonko et Dias"},"content":{"rendered":"\n<p>Dakar,  (APS) \u2013 Le Conseil constitutionnel a d\u00e9clar\u00e9 irrecevables les recours contre les candidatures de Ousmane Sonko et Barth\u00e9l\u00e9my Dias respectivement t\u00eate de liste du parti Pastef et de la coalition \u201dSamm sa Kaddu\u201d aux \u00e9lections l\u00e9gislatives anticip\u00e9es du 17 novembre.<\/p>\n\n\n\n<p>Dans ses d\u00e9cisions rendues dans la nuit de jeudi \u00e0 vendredi, le Conseil constitutionnel a d\u00e9clar\u00e9 ces recours \u201dirrecevables\u201d, rappelant en substance que seul le minist\u00e8re en charge des Elections avait le pouvoir de soulever, devant le Conseil, l\u2019in\u00e9ligibilit\u00e9 des candidats aux l\u00e9gislatives.<\/p>\n\n\n\n<p>La Coalition \u2018\u2019Takku Wallu S\u00e9n\u00e9gal\u2019\u2019 constitu\u00e9e de l\u2019APR, du PDS et de Rewmi, avait saisi le Conseil constitutionnel pour r\u00e9clamer l\u2019invalidation de la candidature de Ousmane Sonko, t\u00eate de liste nationale de Pastef aux L\u00e9gislatives du 17 novembre.<\/p>\n\n\n\n<p>Les requ\u00e9rants sollicitaient non seulement que le Conseil \u2018\u2019d\u00e9clare Ousmane Sonko in\u00e9ligible\u2019\u2019, en raison de condamnations dans les affaires Mame Mbaye et Adji Sarr mais qu\u2019il d\u00e9clare aussi \u2018\u2019nulle et de nul effet la liste de candidats au scrutin national de la coalition Pastef\u2019\u2019.<\/p>\n\n\n\n<p>Pour saisir le Conseils, ils se sont fond\u00e9s sur les dispositions de l\u2019article LO. 184 du Code \u00e9lectoral aux termes desquelles: \u2018\u2019En cas de contestation d\u2019un acte du Ministre charg\u00e9 des \u00e9lections pris en application des articles L.179, L.180 et LO. 183, les mandataires des listes de candidats peuvent, dans les vingt-quatre (24) heures suivant la notification de la d\u00e9cision ou sa publication, se pourvoir devant le Conseil constitutionnel qui statue dans les trois (03) jours qui suivent celui de l\u2019enregistrement de la requ\u00eate\u2019\u2019.<\/p>\n\n\n\n<p>Or, dans sa d\u00e9cision, le Conseil a relev\u00e9 que \u2018\u2019la question de l\u2019in\u00e9ligibilit\u00e9 d\u2019un candidat, pr\u00e9vue par l\u2019article LO. 182 du Code \u00e9lectoral, ne fait pas partie des cas, limitativement \u00e9num\u00e9r\u00e9s par l\u2019article LO. 184 pr\u00e9cit\u00e9, pouvant donner lieu \u00e0 une saisine du Conseil constitutionnel par les mandataires des listes de candidats\u2019\u2019.<\/p>\n\n\n\n<p>En cons\u00e9quence, il a donc rejet\u00e9 la requ\u00eate, estimant que l\u2019article \u2018\u2019LO. 182 du Code \u00e9lectoral, qui est une disposition sp\u00e9cifique aux \u00e9lections l\u00e9gislatives, r\u00e9git la question de l\u2019in\u00e9ligibilit\u00e9 des candidats \u00e0 ce scrutin\u2019\u2019.<\/p>\n\n\n\n<p>\u2018\u2019Consid\u00e9rant que ce texte attribue exclusivement au Ministre charg\u00e9 des Elections le pouvoir de saisir, le cas \u00e9ch\u00e9ant, le Conseil constitutionnel pour statuer sur l\u2019in\u00e9ligibilit\u00e9; qu\u2019\u00e0 d\u00e9faut d\u2019une telle saisine par l\u2019autorit\u00e9 comp\u00e9tente dans le d\u00e9lai pr\u00e9vu par la loi, la candidature est re\u00e7ue; qu\u2019en cons\u00e9quence, le recours introduit par le mandataire de la coalition Takku wallu S\u00e9n\u00e9gal est irrecevable\u2019\u2019, lit-on dans la d\u00e9cision.<\/p>\n\n\n\n<p>Les juges ont us\u00e9 du m\u00eame argumentaire pour d\u00e9clarer irrecevable le recours de la coalition \u2018\u2019And liggey sunu reew (Alsr)\u2019\u2019 r\u00e9clamant l\u2019invalidation de la candidature de la t\u00eate de liste de Samm sa Kaddu, le maire de Dakar, Barth\u00e9l\u00e9my Dias, suite \u00e0 sa condamnation d\u00e9finitive dans l\u2019affaire Ndiaga Diouf.<\/p>\n\n\n\n<p>Les juges ont \u00e9galement rejet\u00e9 la requ\u00eate de Takku wallu S\u00e9n\u00e9gal faisant \u00e9tat de l\u2019irrecevabilit\u00e9 de la liste des suppl\u00e9ants pr\u00e9sent\u00e9e par Pastef au scrutin proportionnel pour non-respect de la parit\u00e9.<\/p>\n\n\n\n<p>Les requ\u00e9rants avaient soutenu qu\u2019en application de l\u2019article L. 178 du Code \u00e9lectoral, la liste \u201dest irrecevable au motif qu\u2019aux 25\u00e8me, 26\u00e8me et 27\u00e8me rangs dans l\u2019ordre l\u2019investiture, la parit\u00e9 homme-femme pr\u00e9vue par l\u2019article L.149 du Code \u00e9lectoral, n\u2019est pas respect\u00e9e\u2019\u2019.<\/p>\n\n\n\n<p>Selon le Conseil constitutionnel, \u2018\u2019il ressort de l\u2019instruction du dossier, notamment de la photocopie l\u00e9galis\u00e9e de la carte d\u2019identit\u00e9 biom\u00e9trique CEDEAO transmise (\u2026) par la Direction g\u00e9n\u00e9rale des Elections, que Hady Gaye, investie au 26tme rang de la liste des suppl\u00e9ants pr\u00e9sent\u00e9e par le parti politique Pastef est de sexe f\u00e9minin; qu\u2019il s\u2019ensuit que la parit\u00e9 homme-femme pr\u00e9vue par l\u2019article L. 149 pr\u00e9cit\u00e9 est respect\u00e9e\u2019\u2019.<\/p>\n\n\n\n<p>En cons\u00e9quence, il a rejet\u00e9 la requ\u00eate de Takku wallu S\u00e9n\u00e9gal.<\/p>\n\n\n\n<p>OID<\/p>\n","protected":false},"excerpt":{"rendered":"<p>Dakar, (APS) \u2013 Le Conseil constitutionnel a d\u00e9clar\u00e9 irrecevables les recours contre les candidatures de Ousmane Sonko et Barth\u00e9l\u00e9my Dias<\/p>\n","protected":false},"author":1,"featured_media":42947,"comment_status":"open","ping_status":"open","sticky":false,"template":"","format":"standard","meta":{"footnotes":""},"categories":[6],"tags":[],"class_list":["post-44041","post","type-post","status-publish","format-standard","has-post-thumbnail","hentry","category-politics"],"_links":{"self":[{"href":"https:\/\/dekkbi.com\/index.php?rest_route=\/wp\/v2\/posts\/44041","targetHints":{"allow":["GET"]}}],"collection":[{"href":"https:\/\/dekkbi.com\/index.php?rest_route=\/wp\/v2\/posts"}],"about":[{"href":"https:\/\/dekkbi.com\/index.php?rest_route=\/wp\/v2\/types\/post"}],"author":[{"embeddable":true,"href":"https:\/\/dekkbi.com\/index.php?rest_route=\/wp\/v2\/users\/1"}],"replies":[{"embeddable":true,"href":"https:\/\/dekkbi.com\/index.php?rest_route=%2Fwp%2Fv2%2Fcomments&post=44041"}],"version-history":[{"count":1,"href":"https:\/\/dekkbi.com\/index.php?rest_route=\/wp\/v2\/posts\/44041\/revisions"}],"predecessor-version":[{"id":44042,"href":"https:\/\/dekkbi.com\/index.php?rest_route=\/wp\/v2\/posts\/44041\/revisions\/44042"}],"wp:featuredmedia":[{"embeddable":true,"href":"https:\/\/dekkbi.com\/index.php?rest_route=\/wp\/v2\/media\/42947"}],"wp:attachment":[{"href":"https:\/\/dekkbi.com\/index.php?rest_route=%2Fwp%2Fv2%2Fmedia&parent=44041"}],"wp:term":[{"taxonomy":"category","embeddable":true,"href":"https:\/\/dekkbi.com\/index.php?rest_route=%2Fwp%2Fv2%2Fcategories&post=44041"},{"taxonomy":"post_tag","embeddable":true,"href":"https:\/\/dekkbi.com\/index.php?rest_route=%2Fwp%2Fv2%2Ftags&post=44041"}],"curies":[{"name":"wp","href":"https:\/\/api.w.org\/{rel}","templated":true}]}}