{"id":44034,"date":"2024-10-10T12:45:57","date_gmt":"2024-10-10T12:45:57","guid":{"rendered":"https:\/\/dekkbi.com\/?p=44034"},"modified":"2024-10-10T12:45:58","modified_gmt":"2024-10-10T12:45:58","slug":"disqualification-des-listes-de-la-coalition-tws-dans-les-departements-amadou-ba-a-t-il-sabote-macky-sall","status":"publish","type":"post","link":"https:\/\/dekkbi.com\/?p=44034","title":{"rendered":"DISQUALIFICATION DES LISTES DE LA COALITION TWS DANS LES D\u00c9PARTEMENTS \u00a0&#8211; Amadou Ba a-t-il sabot\u00e9 Macky Sall ?\u00a0"},"content":{"rendered":"\n<p>Le myst\u00e8re reste entier sur les disqualifications en s\u00e9rie de listes de la coalition Takku Wallu S\u00e9n\u00e9gal (TWS) dans des zones pourtant \u00e0 port\u00e9e du point de vue de l\u2019ancrage politique de l\u2019Alliance pour la R\u00e9publique. Il s\u2019agit de sept d\u00e9partements, dont Bakel, Saraya, V\u00e9lingara, Tivaouane, Louga, Gu\u00e9diawaye et le d\u00e9partement de l\u2019Afrique de l\u2019Ouest.<\/p>\n\n\n\n<p>La coalition Jam Ak Jerin d\u2019Amadou Ba est mise sur le banc des accus\u00e9s et soup\u00e7onn\u00e9e d\u2019avoir man\u0153uvr\u00e9 pour faire croire \u00e0 Takku Wallu S\u00e9n\u00e9gal qu\u2019elle \u00e9tait dans une dynamique unitaire, avant de pr\u00e9senter ses propres listes au dernier moment. Ce qui a fauss\u00e9 les calculs de la coalition Takku Wallu S\u00e9n\u00e9gal. Amadou Ba aurait subi la pression de ses mandataires qui ont fait dans la duplicit\u00e9, accuse-t-on au niveau de l\u2019APR. \u2018\u2019A Dakar, par exemple, il participe \u00e0 l\u2019inter-coalition en donnant le nom de Bamba Fall pour ensuite d\u00e9poser sa propre liste\u2019\u2019.<\/p>\n\n\n\n<p>De sources proches de l\u2019ancien Premier ministre, on d\u00e9gage en touche, expliquant que les erreurs des mandataires de la coalition Takku Wallu S\u00e9n\u00e9gal ne doivent pas \u00eatre imput\u00e9es \u00e0 Amadou Ba. Des lacunes, il y en a effectivement eues car, pour Bakel et le d\u00e9partement Afrique de l\u2019Ouest, le probl\u00e8me serait d\u00fb \u00e0 des erreurs humaines qui ont rendu les listes d\u00e9pos\u00e9es incompl\u00e8tes, m\u00eame si l\u2019existence de man\u0153uvres politiques comme origine des probl\u00e8mes ne peuvent pas \u00eatre \u00e9cart\u00e9es facilement. Les d\u00e9g\u00e2ts sont d\u00e9j\u00e0 l\u00e0, car pour la coalition Takku Wallu S\u00e9n\u00e9gal (TWS) disqualifi\u00e9e au scrutin majoritaire dans le d\u00e9partement de Bakel, ce sont deux si\u00e8ges qui sont en jeu et dans le d\u00e9partement Afrique de l\u2019Ouest (diaspora) trois si\u00e8ges.<\/p>\n\n\n\n<p>Y a-t-il une main qui a travaill\u00e9 en douce contre la coalition de Macky Sall&nbsp;? Certaines sources bien renseign\u00e9es le disent. Dans ce marigot o\u00f9 les acteurs avancent masqu\u00e9s, on n\u2019\u00e9carte pas celle des tenants de l\u2019actuel pouvoir qui aurait tout int\u00e9r\u00eat \u00e0 opposer Amadou Ba \u00e0 Macky Sall, pour ensuite capter les dividendes d\u2019une bataille des tranch\u00e9es entre les deux camps.<\/p>\n\n\n\n<p>Dans tous les cas, nous dit-on, Macky Sall a demand\u00e9 des explications aux responsables et le malaise est bien r\u00e9el. Hier seulement, dans ces colonnes, on \u00e9voquait la col\u00e8re d\u2019Abdou Khafor Tour\u00e9, N\u00e9n\u00e9 Fatoumata Tall et Racine Talla \u00e0 Gu\u00e9diawaye. Les r\u00e9unions se suivent au sein de la coalition Takku Wallu S\u00e9n\u00e9gal. Et sans doute n\u2019a-t-on pas fini de solder les comptes.<\/p>\n\n\n\n<p>Affaire \u00e0 suivre&nbsp;!<\/p>\n\n\n\n<p>SOURCE ENQUETEPLUS<\/p>\n","protected":false},"excerpt":{"rendered":"<p>Le myst\u00e8re reste entier sur les disqualifications en s\u00e9rie de listes de la coalition Takku Wallu S\u00e9n\u00e9gal (TWS) dans des<\/p>\n","protected":false},"author":1,"featured_media":44035,"comment_status":"open","ping_status":"open","sticky":false,"template":"","format":"standard","meta":{"footnotes":""},"categories":[21],"tags":[],"class_list":["post-44034","post","type-post","status-publish","format-standard","has-post-thumbnail","hentry","category-societe"],"_links":{"self":[{"href":"https:\/\/dekkbi.com\/index.php?rest_route=\/wp\/v2\/posts\/44034","targetHints":{"allow":["GET"]}}],"collection":[{"href":"https:\/\/dekkbi.com\/index.php?rest_route=\/wp\/v2\/posts"}],"about":[{"href":"https:\/\/dekkbi.com\/index.php?rest_route=\/wp\/v2\/types\/post"}],"author":[{"embeddable":true,"href":"https:\/\/dekkbi.com\/index.php?rest_route=\/wp\/v2\/users\/1"}],"replies":[{"embeddable":true,"href":"https:\/\/dekkbi.com\/index.php?rest_route=%2Fwp%2Fv2%2Fcomments&post=44034"}],"version-history":[{"count":1,"href":"https:\/\/dekkbi.com\/index.php?rest_route=\/wp\/v2\/posts\/44034\/revisions"}],"predecessor-version":[{"id":44036,"href":"https:\/\/dekkbi.com\/index.php?rest_route=\/wp\/v2\/posts\/44034\/revisions\/44036"}],"wp:featuredmedia":[{"embeddable":true,"href":"https:\/\/dekkbi.com\/index.php?rest_route=\/wp\/v2\/media\/44035"}],"wp:attachment":[{"href":"https:\/\/dekkbi.com\/index.php?rest_route=%2Fwp%2Fv2%2Fmedia&parent=44034"}],"wp:term":[{"taxonomy":"category","embeddable":true,"href":"https:\/\/dekkbi.com\/index.php?rest_route=%2Fwp%2Fv2%2Fcategories&post=44034"},{"taxonomy":"post_tag","embeddable":true,"href":"https:\/\/dekkbi.com\/index.php?rest_route=%2Fwp%2Fv2%2Ftags&post=44034"}],"curies":[{"name":"wp","href":"https:\/\/api.w.org\/{rel}","templated":true}]}}