{"id":4394,"date":"2022-12-06T13:11:03","date_gmt":"2022-12-06T13:11:03","guid":{"rendered":"https:\/\/dekkbi.com\/?p=4394"},"modified":"2022-12-06T13:11:04","modified_gmt":"2022-12-06T13:11:04","slug":"deforestation-lue-signe-un-accord-inedit-pour-verdir-ses-importations","status":"publish","type":"post","link":"https:\/\/dekkbi.com\/?p=4394","title":{"rendered":"D\u00e9forestation: l&rsquo;UE signe un accord in\u00e9dit pour verdir ses importations"},"content":{"rendered":"\n<p><strong>Le Parlement europ\u00e9en et les \u00c9tats membres de l&rsquo;UE ont trouv\u00e9 un accord in\u00e9dit\u00a0dans la nuit de lundi \u00e0 mardi 6 d\u00e9cembre pour interdire l&rsquo;importation dans l&rsquo;Union europ\u00e9enne de plusieurs produits, comme le cacao, le caf\u00e9 ou le soja, lorsqu&rsquo;ils contribuent \u00e0 la d\u00e9forestation.\u00a0<\/strong><\/p>\n\n\n\n<p>Boire son caf\u00e9 avec l&rsquo;assurance de ne pas contribuer \u00e0 la disparition de for\u00eats \u00e0 l&rsquo;autre bout du monde&nbsp;: l&rsquo;UE a scell\u00e9 mardi un accord sans \u00e9quivalent \u00e0 ce jour pour interdire l&rsquo;importation de produits s&rsquo;ils contribuent \u00e0 la d\u00e9forestation.<\/p>\n\n\n\n<p>Le cacao, le caf\u00e9, le soja, mais aussi l&rsquo;huile de palme, le bois, la viande bovine et le caoutchouc sont concern\u00e9s, ainsi que plusieurs mati\u00e8res associ\u00e9es (cuir, ameublement, papier imprim\u00e9, charbon de bois&#8230;), selon cet accord conclu \u00e0 l&rsquo;issue de longues tractations entre le Parlement europ\u00e9en et les \u00c9tats membres de l&rsquo;UE.<\/p>\n\n\n\n<p>\u00ab<em>&nbsp;Il s&rsquo;agit d&rsquo;une premi\u00e8re dans le monde\u202f! C&rsquo;est le caf\u00e9 du petit-d\u00e9jeuner, le chocolat que nous mangeons, le charbon dans nos barbecues, le papier de nos livres. C&rsquo;est radical<\/em>&nbsp;\u00bb, s&rsquo;est f\u00e9licit\u00e9 Pascal Canfin (Renew, lib\u00e9raux), pr\u00e9sident de la commission Environnement au Parlement europ\u00e9en.<\/p>\n\n\n\n<h2 class=\"wp-block-heading\">Deuxi\u00e8me destructeur mondial de for\u00eats tropicales<\/h2>\n\n\n\n<p>\u00c0 l&rsquo;origine de 16% de la d\u00e9forestation mondiale par le biais de ses importations (majoritairement de soja et huile de palme, chiffre de 2017), l&rsquo;UE est le deuxi\u00e8me destructeur de for\u00eats tropicales derri\u00e8re la Chine, selon l&rsquo;ONG WWF (<em>World wild Fund<\/em>).<\/p>\n\n\n\n<p>L&rsquo;importation dans l&rsquo;UE sera interdite si ces produits sont issus de terres d\u00e9bois\u00e9es apr\u00e8s d\u00e9cembre 2020. Les entreprises importatrices, responsables de leur cha\u00eene d&rsquo;approvisionnement, devront prouver la tra\u00e7abilit\u00e9 via des donn\u00e9es de g\u00e9olocalisation des cultures, qui pourront \u00eatre associ\u00e9es \u00e0 des photos satellitaires.<\/p>\n\n\n\n<p><strong>Le texte avait \u00e9t\u00e9 propos\u00e9 en novembre 2021<\/strong>\u00a0par la Commission europ\u00e9enne et repris dans ses grandes lignes par les \u00c9tats.<\/p>\n\n\n\n<p>Mais les eurod\u00e9put\u00e9s avaient vot\u00e9 en septembre pour le renforcer significativement, en \u00e9largissant la gamme de produits concern\u00e9s, en particulier au\u00a0<strong>caoutchouc<\/strong>, absent de la proposition initiale.<\/p>\n\n\n\n<p>Le Parlement europ\u00e9en avait aussi r\u00e9clam\u00e9 d&rsquo;\u00e9tendre le champ du texte \u00e0 d&rsquo;autres \u00e9cosyst\u00e8mes bois\u00e9s menac\u00e9s, comme la savane du Cerrado (Br\u00e9sil\/Paraguay\/Bolivie), dont provient une grande partie des importations europ\u00e9ennes de soja.<\/p>\n\n\n\n<p>L&rsquo;accord trouv\u00e9 entre eurod\u00e9put\u00e9s et \u00c9tats stipule finalement que cette extension \u00ab\u00a0<em>\u00e0 d&rsquo;autres terres bois\u00e9es<\/em>\u00a0\u00bb\u00a0devra \u00eatre envisag\u00e9e au plus tard un an apr\u00e8s l&rsquo;entr\u00e9e en vigueur du texte.<\/p>\n\n\n\n<h2 class=\"wp-block-heading\">Possible extension \u00e0 d&rsquo;autres produits<\/h2>\n\n\n\n<p>De m\u00eame, apr\u00e8s deux ans, la Commission est tenue d&rsquo;\u00e9tudier une possible extension \u00e0 d&rsquo;autres produits (comme le ma\u00efs, que les eurod\u00e9put\u00e9s voulaient cibler d\u00e8s maintenant), \u00e0 d&rsquo;autres \u00e9cosyst\u00e8mes riches en stockage de carbone et en biodiversit\u00e9 (tourbi\u00e8res&#8230;), mais aussi au secteur financier, une autre demande forte du Parlement.<\/p>\n\n\n\n<p>L&rsquo;UE pourrait ainsi envisager d&rsquo;obliger les institutions financi\u00e8res \u00e0 refuser des services financiers ou des cr\u00e9dits si ces derniers risquent d&rsquo;\u00eatre associ\u00e9s \u00e0 des activit\u00e9s de d\u00e9forestation.&nbsp; &nbsp;<\/p>\n\n\n\n<p><strong>Newsletter<\/strong>Recevez toute l&rsquo;actualit\u00e9 internationale directement dans votre boite mail<a href=\"https:\/\/emailing.rfi.fr\/fr\/subscribe\" target=\"_blank\" rel=\"noreferrer noopener\">Je m&rsquo;abonne<\/a><\/p>\n\n\n\n<p>En revanche, \u00ab<em>&nbsp;nous avons obtenu une d\u00e9finition beaucoup plus robuste de la d\u00e9gradation des for\u00eats pour couvrir l&rsquo;ensemble des for\u00eats, et non pas seulement les for\u00eats primaires&nbsp;<\/em>\u00bb, a observ\u00e9 Christophe Hansen (PPE, droite), n\u00e9gociateur pour le Parlement.<\/p>\n\n\n\n<p>De m\u00eame, contrairement \u00e0 la proposition initiale, le texte inclut \u00ab&nbsp;<em>des garanties pour prot\u00e9ger les droits des peuples autochtones, nos meilleurs alli\u00e9s contre la d\u00e9forestation&nbsp;<\/em>\u00bb, a-t-il fait valoir.<\/p>\n\n\n\n<p>Les importateurs devront \u00ab&nbsp;<em>v\u00e9rifier la conformit\u00e9 avec la l\u00e9gislation du pays de production en mati\u00e8re de droits de l&rsquo;homme, et s&rsquo;assurer que les droits des populations autochtones ont \u00e9t\u00e9 respect\u00e9s \u00bb<\/em>.<\/p>\n\n\n\n<p>(<em>Avec AFP<\/em>)<\/p>\n","protected":false},"excerpt":{"rendered":"<p>Le Parlement europ\u00e9en et les \u00c9tats membres de l&rsquo;UE ont trouv\u00e9 un accord in\u00e9dit\u00a0dans la nuit de lundi \u00e0 mardi<\/p>\n","protected":false},"author":1,"featured_media":4395,"comment_status":"open","ping_status":"open","sticky":false,"template":"","format":"standard","meta":{"footnotes":""},"categories":[51],"tags":[],"class_list":["post-4394","post","type-post","status-publish","format-standard","has-post-thumbnail","hentry","category-general"],"_links":{"self":[{"href":"https:\/\/dekkbi.com\/index.php?rest_route=\/wp\/v2\/posts\/4394","targetHints":{"allow":["GET"]}}],"collection":[{"href":"https:\/\/dekkbi.com\/index.php?rest_route=\/wp\/v2\/posts"}],"about":[{"href":"https:\/\/dekkbi.com\/index.php?rest_route=\/wp\/v2\/types\/post"}],"author":[{"embeddable":true,"href":"https:\/\/dekkbi.com\/index.php?rest_route=\/wp\/v2\/users\/1"}],"replies":[{"embeddable":true,"href":"https:\/\/dekkbi.com\/index.php?rest_route=%2Fwp%2Fv2%2Fcomments&post=4394"}],"version-history":[{"count":1,"href":"https:\/\/dekkbi.com\/index.php?rest_route=\/wp\/v2\/posts\/4394\/revisions"}],"predecessor-version":[{"id":4396,"href":"https:\/\/dekkbi.com\/index.php?rest_route=\/wp\/v2\/posts\/4394\/revisions\/4396"}],"wp:featuredmedia":[{"embeddable":true,"href":"https:\/\/dekkbi.com\/index.php?rest_route=\/wp\/v2\/media\/4395"}],"wp:attachment":[{"href":"https:\/\/dekkbi.com\/index.php?rest_route=%2Fwp%2Fv2%2Fmedia&parent=4394"}],"wp:term":[{"taxonomy":"category","embeddable":true,"href":"https:\/\/dekkbi.com\/index.php?rest_route=%2Fwp%2Fv2%2Fcategories&post=4394"},{"taxonomy":"post_tag","embeddable":true,"href":"https:\/\/dekkbi.com\/index.php?rest_route=%2Fwp%2Fv2%2Ftags&post=4394"}],"curies":[{"name":"wp","href":"https:\/\/api.w.org\/{rel}","templated":true}]}}