{"id":43938,"date":"2024-10-10T09:58:09","date_gmt":"2024-10-10T09:58:09","guid":{"rendered":"https:\/\/dekkbi.com\/?p=43938"},"modified":"2024-10-10T11:40:04","modified_gmt":"2024-10-10T11:40:04","slug":"opinion-pds-le-chant-du-cygne","status":"publish","type":"post","link":"https:\/\/dekkbi.com\/?p=43938","title":{"rendered":"OPINION &#8211; Parti d\u00e9mocratique s\u00e9n\u00e9galais (Pds)\u00a0: Le chant du cygne\u00a0?"},"content":{"rendered":"\n<p>Le chant du cygne est une expression en usage en France depuis le milieu du XVIIIe&nbsp;si\u00e8cle. Il&nbsp;d\u00e9signe la plus belle et derni\u00e8re chose r\u00e9alis\u00e9e par quelqu\u2019un avant de mourir. Pour les f\u00e9rus de l\u2019art, il s\u2019agit de la derni\u00e8re \u0153uvre remarquable d\u2019un po\u00e8te ou d\u2019un artiste.<\/p>\n\n\n\n<p>Le Parti d\u00e9mocratique s\u00e9n\u00e9galais (Pds) fond\u00e9 par Me Abdoulaye Wade en 1974 qui, apr\u00e8s 26 ans d\u2019opposition farouche au r\u00e9gime plus que trentenaire du Parti socialiste, a r\u00e9alis\u00e9 la premi\u00e8re alternance d\u00e9mocratique au S\u00e9n\u00e9gal, n\u2019est-il pas en train d\u2019entonner son chant du cygne&nbsp;? Cette m\u00e9taphore choisie \u00e0 dessein pose la v\u00e9ritable question sur l\u2019avenir d\u2019un parti qui a, son leader en t\u00eate, dirig\u00e9 le pays pendant douze ans, de 2000 \u00e0 2012, et qui a merveilleusement pass\u00e9 le t\u00e9moin \u00e0 Macky Sall, son \u00abdisciple\u00bb alors nouvellement \u00e9lu.<\/p>\n\n\n\n<p>Douze ans plus tard, le parti navigue dans les eaux troubles de l\u2019intrigue politicienne, pour survivre \u00e0 son leader tr\u00e8s \u00e2g\u00e9, en s\u2019arc-boutant, vaille que vaille, \u00e0 son fils Karim Wade en exil depuis 7 ans au Qatar.<\/p>\n\n\n\n<p>Chemin faisant, il est vrai que le parti a perdu de sa superbe, en se s\u00e9parant tour \u00e0 tour de vieux et moins vieux compagnons du p\u00e8re\/leader charismatique Abdoulaye Wade. Les raisons, quoi que vari\u00e9es selon les anciens \u00abfr\u00e8res\u00bb (c\u2019est comme \u00e7a qu\u2019ils s\u2019appelaient), tournent principalement autour de la question lancinante du \u00ableadership fant\u00f4me impos\u00e9\u00bb. En effet, le p\u00e8re a souhait\u00e9, avec sa conception patrimoniale de la chose politique, que son fils lui succ\u00e8de \u00e0 la t\u00eate du Pds, en pesant de tout son poids et de son autorit\u00e9. Il a \u00e9t\u00e9 suivi en cela par un cercle de fid\u00e8les qui se sont vite d\u00e9marqu\u00e9s, suite au rat\u00e9 de l\u2019\u00e9lection pr\u00e9sidentielle de 2019, qui fit que Karim ne fut pas candidat en raison de ses d\u00e9boires judiciaires qui le rendaient in\u00e9ligible, et de son exil dor\u00e9 organis\u00e9 par Macky Sall. Le Pds n\u2019eut pas de candidat et refusa de soutenir un des siens, Me Madick\u00e9 Niang.<\/p>\n\n\n\n<p>Beaucoup de cadres et responsables du Pds ont pendant cette p\u00e9riode quitt\u00e9 le parti, les uns pour rejoindre leur ex-camarade lib\u00e9ral Macky Sall arriv\u00e9 au pouvoir, d\u2019autres ont pris leur destin en main en cr\u00e9ant leur propre formation politique qui, toutefois, allait sans tarder rejoindre la mouvance pr\u00e9sidentielle. L\u2019un dans l\u2019autre, ils sont tous dans la temporalit\u00e9 de leur projet de conserver le pouvoir pendant 50 ans.<\/p>\n\n\n\n<p><strong>Que s\u2019est-il pass\u00e9 entretemps&nbsp;?<\/strong><br>Il s\u2019est pass\u00e9 que la longue travers\u00e9e du d\u00e9sert a fait que le parti s\u2019est d\u00e9lest\u00e9 de l\u2019essentiel de sa mati\u00e8re grise. La liste est longue, m\u00eame si on peut r\u00e9torquer que la saign\u00e9e \u00e9tait beaucoup plus vive sous Wade et pourtant le Pds a tenu. Mais Wade n\u2019a pas son \u00e9gal dans son parti&nbsp;! Le peu de cadres qui restaient sont en majorit\u00e9 des membres de la G\u00e9n\u00e9ration du concret, une organisation parall\u00e8le qui, \u00e0 l\u2019\u00e9poque, cr\u00e9\u00e9e par Karim Wade, \u00e9tait destin\u00e9e \u00e0 faire une Opa sur le Pds, avec de nouvelles figures inconnues au bataillon des irr\u00e9ductibles du Pape du Sopi, Abdoulaye Wade. Ce dernier ne se privait pas d\u2019ailleurs, comme dans une \u00abentreprise\u00bb, de nommer et de limoger qui il voulait, non sans provoquer de nouvelles frustrations qui ont fini de plomber le parti qui n\u2019\u00e9tait plus aux affaires. La suite, on la conna\u00eet. En raison de mauvais choix strat\u00e9giques et de mauvaises options, le parti traversera difficilement les \u00e9lections locales avec des r\u00e9sultats m\u00e9diocres, et avec sa banni\u00e8re Wallu, ne dut son salut aux L\u00e9gislatives que par la magie de l\u2019inter-coalition qu\u2019il a mise en place avec la Coalition Yewwi askan wi.<\/p>\n\n\n\n<p>Erreur de strat\u00e9gie, ou volont\u00e9 d\u2019\u00e9mancipation, une fois au Parlement avec un groupe parlementaire, en main, le Pds s\u2019\u00e9loigne de ses alli\u00e9s d\u2019hier pour faire cavalier seul. Pis, il pactise avec la Coalition Benno bokk yaakaar pour faire face \u00e0 ces m\u00eames alli\u00e9s sans \u00e9tats d\u2019\u00e2me.<\/p>\n\n\n\n<p>A les entendre, les responsables actuels semblent vivre sur les \u00abtrentaines glorieuses\u00bb du Pds de Wade, croyant certainement \u00eatre suffisamment r\u00e9g\u00e9n\u00e9r\u00e9s pour imposer un candidat en 2024. L\u2019existence suppos\u00e9e du protocole de Rebeuss, \u00e0 l\u2019origine de l\u2019exil de Karim Wade \u00e0 Doha, voire du protocole de Conakry \u00abparrain\u00e9\u00bb par Alpha Cond\u00e9, ne suffit pas pour expliquer cette volte-face. L\u2019\u00e9limination de Karim Wde par le Conseil constitutionnel \u00e0 la suite d\u2019un recours intent\u00e9 par le candidat Thierno Alassane Sall, concernant sa double nationalit\u00e9 av\u00e9r\u00e9e, a \u00e9tal\u00e9 au grand jour un amateurisme qui jure d\u2019avec l\u2019exp\u00e9rience suppos\u00e9e d\u2019un parti qu\u2019on nous brandit fi\u00e8rement, et qui risque de le pr\u00e9cipiter dans la cat\u00e9gorie des \u00abpartis historiques\u00bb comme le Pai, juste parce qu\u2019il y a un bilan du Pr\u00e9sident Wade. Le Pds a perdu son aura \u00e0 cause d\u2019un manque de lisibilit\u00e9 criard de ses orientations strat\u00e9giques. Il faudra bien qu\u2019un jour il s\u2019explique, d\u2019une part, sur son alliance ex-nihilo avec Benno bokk yaakaar, mais aussi sur son alliance opportuniste avec les recal\u00e9s du parrainage, au point de porter un projet de loi pour proroger le mandat du Pr\u00e9sident Macky Sall, rejet\u00e9 par le Conseil constitutionnel, et d\u2019autre part, sur la substance du recours en annulation du d\u00e9cret de convocation du corps \u00e9lectoral, qui avait in fine le m\u00eame objet, et que la Cour supr\u00eame a bien entendu d\u00e9clar\u00e9 irrecevable, le vendredi 15 mars 2024. Ces p\u00e9rip\u00e9ties ont finalement perdu ce parti qui, aujourd\u2019hui s\u2019arc-boute \u00e0 un Karim Wade comme seule et unique alternative \u00e0 son p\u00e8re, abandonn\u00e9 par ses cadres et suspect\u00e9 par les coalitions en comp\u00e9tition d\u2019avoir voulu d\u2019abord saper l\u2019\u00e9lection du 24 mars, ensuite plomber la candidature du Pds aux L\u00e9gislatives de novembre prochain, par son alliance avec l\u2019Apr et Macky Sall, leurs ennemis irr\u00e9ductibles d\u2019hier. Le Pds navigue aujourd\u2019hui comme un bateau ivre et aura du mal \u00e0 se positionner avec intelligence \u00e0 court terme, travers\u00e9 qu\u2019il est par de nouvelles fractures b\u00e9antes. L\u2019apr\u00e8s-\u00e9lections l\u00e9gislatives sera lourd de danger. En cas de d\u00e9faite de sa coalition Takku Wallu Senegaal qu\u2019il forme avec l\u2019Apr en perte de vitesse, sa survie au Parlement ne sera qu\u2019une question de \u00abmeilleurs d\u00e9lais\u00bb pour parler comme l\u2019autre. La nature du scrutin, qui comprend \u00e0 la fois une dose de proportionnelle et de majoritaire \u00e0 un tour, cr\u00e9e un \u00e9norme risque de dispersion qui pourrait sonner le glas d\u2019une longue aventure port\u00e9e en triomphe \u00e0 l\u2019\u00e9poque par des figures de proue, comme Abdoulaye Faye, Boubacar Sall, Coumba Ndiaye Kane, Joseph Ndong, Doudou Wade, Wor\u00e9 Sarr, Coumba Ba, Ousmane Ngom, Awa Diop, Pape Samba Mboup, Jean-Paul Dias eh oui\u00a0!, et j\u2019en oublie\u00a0!<\/p>\n\n\n\n<p><br><strong>Mamadou NDAO<\/strong><br><strong>Juriste consultant, expert en Communication (C4D)<\/strong><br><strong>Dipl\u00f4m\u00e9 des Universit\u00e9s de Paris 1 Panth\u00e9on Sorbonne et Montpellier1<\/strong><br><strong>Libert\u00e9 6 Dakar<\/strong><\/p>\n\n\n\n<p><\/p>\n","protected":false},"excerpt":{"rendered":"<p>Le chant du cygne est une expression en usage en France depuis le milieu du XVIIIe&nbsp;si\u00e8cle. Il&nbsp;d\u00e9signe la plus belle<\/p>\n","protected":false},"author":1,"featured_media":42834,"comment_status":"open","ping_status":"open","sticky":false,"template":"","format":"standard","meta":{"footnotes":""},"categories":[21],"tags":[],"class_list":["post-43938","post","type-post","status-publish","format-standard","has-post-thumbnail","hentry","category-societe"],"_links":{"self":[{"href":"https:\/\/dekkbi.com\/index.php?rest_route=\/wp\/v2\/posts\/43938","targetHints":{"allow":["GET"]}}],"collection":[{"href":"https:\/\/dekkbi.com\/index.php?rest_route=\/wp\/v2\/posts"}],"about":[{"href":"https:\/\/dekkbi.com\/index.php?rest_route=\/wp\/v2\/types\/post"}],"author":[{"embeddable":true,"href":"https:\/\/dekkbi.com\/index.php?rest_route=\/wp\/v2\/users\/1"}],"replies":[{"embeddable":true,"href":"https:\/\/dekkbi.com\/index.php?rest_route=%2Fwp%2Fv2%2Fcomments&post=43938"}],"version-history":[{"count":2,"href":"https:\/\/dekkbi.com\/index.php?rest_route=\/wp\/v2\/posts\/43938\/revisions"}],"predecessor-version":[{"id":43999,"href":"https:\/\/dekkbi.com\/index.php?rest_route=\/wp\/v2\/posts\/43938\/revisions\/43999"}],"wp:featuredmedia":[{"embeddable":true,"href":"https:\/\/dekkbi.com\/index.php?rest_route=\/wp\/v2\/media\/42834"}],"wp:attachment":[{"href":"https:\/\/dekkbi.com\/index.php?rest_route=%2Fwp%2Fv2%2Fmedia&parent=43938"}],"wp:term":[{"taxonomy":"category","embeddable":true,"href":"https:\/\/dekkbi.com\/index.php?rest_route=%2Fwp%2Fv2%2Fcategories&post=43938"},{"taxonomy":"post_tag","embeddable":true,"href":"https:\/\/dekkbi.com\/index.php?rest_route=%2Fwp%2Fv2%2Ftags&post=43938"}],"curies":[{"name":"wp","href":"https:\/\/api.w.org\/{rel}","templated":true}]}}