{"id":43921,"date":"2024-10-10T09:47:18","date_gmt":"2024-10-10T09:47:18","guid":{"rendered":"https:\/\/dekkbi.com\/?p=43921"},"modified":"2024-10-10T09:47:18","modified_gmt":"2024-10-10T09:47:18","slug":"legislatives-lapr-sous-tension-dans-le-fouta-hypotheque-sur-le-tf","status":"publish","type":"post","link":"https:\/\/dekkbi.com\/?p=43921","title":{"rendered":"L\u00e9gislatives \u2013 L\u2019Apr sous tension dans le Fouta : HYPOTH\u00c8QUE SUR LE TF"},"content":{"rendered":"\n<p><strong>Confront\u00e9 \u00e0 la perte de certains de ses leaders majeurs, Macky Sall entre dans une zone de turbulence politique et doit op\u00e9rer une transition tr\u00e8s incertaine. Si certains ont d\u00e9missionn\u00e9, d\u2019autres optent pour le boycott des L\u00e9gislatives, frustr\u00e9s par les investitures, notamment \u00e0 Matam et Podor consid\u00e9r\u00e9s, comme Fatick, comme ses bassins \u00e9lectoraux.<\/strong><strong>Par Bocar SAKHO \u2013<\/strong><\/p>\n\n\n\n<p>Les blessures n\u00e9es des investitures pour les L\u00e9gislatives anticip\u00e9es du 17 novembre prochain risquent de provoquer des saign\u00e9es dans ses rangs. Dans la journ\u00e9e d\u2019hier, l\u2019ancien Garde des sceaux et ministre de la Justice a d\u00e9missionn\u00e9 de l\u2019Alliance pour la R\u00e9publique (Apr).<\/p>\n\n\n\n<p>\u00abConstatant que le Pr\u00e9sident Macky Sall continue \u00e0 autoriser Farba Ngom \u00e0 faire du d\u00e9partement son jouet, j\u2019ai pris la d\u00e9cision de d\u00e9missionner de l\u2019Apr \u00e0 partir d\u2019aujourd\u2019hui (Ndlr : ce mercredi 9 octobre 2024). Le Pr\u00e9sident Macky Sall m\u2019a appel\u00e9 longuement, mais ma d\u00e9cision est d\u00e9finitive, et ce, malgr\u00e9 les sentiments de fraternit\u00e9 que j\u2019ai et continue d\u2019avoir pour sa personne. L\u2019Apr, c\u2019est fini pour moi !\u00bb, tranche Me Malick Sall.<\/p>\n\n\n\n<p>Cette d\u00e9mission de l\u2019avocat d\u2019affaires est un \u00e9cho \u00e0 une sourde r\u00e9bellion en cours dans la r\u00e9gion de Matam et dans le d\u00e9partement de Podor. Maire de Mbao, Abdou Karim Sall, qui a aussi un poids dans le Fouta, notamment \u00e0 Orkadi\u00e9r\u00e9 d\u2019o\u00f9 est originaire sa famille paternelle, a d\u00e9j\u00e0 jet\u00e9 l\u2019\u00e9ponge. Pour les autres, il est annonc\u00e9 un boycott de la campagne \u00e9lectorale pour manifester leur d\u00e9saccord avec la ligne de conduite du parti dans la r\u00e9gion qui n\u2019a pas chang\u00e9 en d\u00e9pit de la perte du pouvoir. Comme l\u2019a dit Me Malick Sall, la personnalit\u00e9, le poids et l\u2019envergure de Farba Ngom cristallisent les aversions de certains cadres de l\u2019Apr. Et les derni\u00e8res investitures ont \u00e9largi la fracture au sein de la base \u00e9lectorale de Macky Sall qui consid\u00e8re la r\u00e9gion de Matam et le d\u00e9partement de Podor comme son titre foncier. A Matam, ce sont Mamadou Mory Diaw et A\u00efssata Ousmane Diallo qui ont \u00e9t\u00e9 investis comme d\u00e9put\u00e9s titulaires, avec comme suppl\u00e9ants Kalidou Wagu\u00e9 et Mamadou Ba. A Kanel, l\u2019ex-Pr\u00e9sident a renouvel\u00e9 sa fid\u00e9lit\u00e9 \u00e0 la fratrie Dia en mettant Daouda Dia, questeur \u00e0 l\u2019Assembl\u00e9e nationale depuis 2013, et Raqui Diallo, avec aussi comme suppl\u00e9ants Hadya Diagana et Diarry Demba Ba. A Ran\u00e9rou-Ferlo, le choix ne soul\u00e8ve aucune contestation (voir ci-contre) avec M. Amadou Dawa Diallo, Secr\u00e9taire g\u00e9n\u00e9ral du Parti de la r\u00e9forme. Le Quotidien s\u2019est entretenu avec plusieurs responsables ap\u00e9ristes qui ont clairement affich\u00e9 leur position de neutralit\u00e9\u00a0: \u00abOn ne va pas faire campagne, on ne va pas d\u00e9placer d\u2019\u00e9lecteurs comme on le faisait en louant des v\u00e9hicules.\u00bb Il y a aussi les blessures de la derni\u00e8re Pr\u00e9sidentielle qui n\u2019ont pas \u00e9t\u00e9 pans\u00e9es, apr\u00e8s que la strat\u00e9gie de boycott de la candidature de Amadou Ba a \u00e9t\u00e9 \u00abmal pens\u00e9e\u00bb, qui a abouti \u00e0 cette perte du pouvoir spectaculaire. La cr\u00e9ation de Jamm ak njari\u00f1, qui a pill\u00e9 dans ses rangs, risque aussi de secouer les fondations de l\u2019ancien parti pr\u00e9sidentiel dans la zone Nord qui sera \u00e2prement disput\u00e9e. \u00abMacky Sall n\u2019a plus les cartes en main\u00bb, jure un ancien responsable du parti qui a pris ses distances.<\/p>\n\n\n\n<p><strong>Macky tente la remobilisation<\/strong><\/p>\n\n\n\n<p>Que faire pour arr\u00eater la spirale\u00a0? Annonc\u00e9 sur le retour pour conduire la liste nationale de la famille lib\u00e9rale, compos\u00e9e du Parti d\u00e9mocratique s\u00e9n\u00e9galais (Pds), de l\u2019Apr, de Rewmi, de la Convergence Bokk gis-gis, de l\u2019Union des centristes du S\u00e9n\u00e9gal (Ucs) et d\u2019autres enfants spirituels de Me Wade, Macky Sall multiplie les coups de fil pour essayer de recomposer les forces politiques d\u00e9sabus\u00e9es par la perte du pouvoir et le manque d\u2019orientation et \u00abd\u2019\u00e9gard\u00bb. Cela s\u2019av\u00e8re moins \u00e9vident, car le manque d\u2019enthousiasme est palpable. Mais, le score dans ces endroits pourrait \u00eatre d\u00e9terminant pour le nombre de d\u00e9put\u00e9s dans la liste nationale. Syst\u00e9matiquement \u00e9lev\u00e9s, les r\u00e9sultats de Matam, Podor, Ran\u00e9rou-Ferlo, Kanel, index\u00e9s \u00e0 la proportionnelle, garantiraient un nombre \u00e9lev\u00e9 de d\u00e9put\u00e9s pour Macky et Cie. La r\u00e9gion de Matam compte 315 mille 863 \u00e9lecteurs. Alors que Saint-Louis, o\u00f9 se trouve Podor, culmine \u00e0 459 mille 642 votants.<br>\u00abEt ils comptent sur notre mobilisation pour faire \u00e9lire les responsables qui sont all\u00e9s se r\u00e9fugier sur la liste nationale. Et nous, on doit se contenter des miettes\u00a0?\u00bb, s\u2019interroge un autre cadre ap\u00e9riste. \u00abJe ne bougerai pas de Dakar\u00bb, ajoute-t-il.<\/p>\n\n\n\n<p>Sans certains de ses leaders historiques au plan national, l\u2019Apr entre dans une \u00e8re de toutes les incertitudes. Car l\u2019histoire s\u2019est mal termin\u00e9e. D\u00e9sormais, elle entre dans une p\u00e9riode de transition tr\u00e8s dangereuse, \u00e0 l\u2019image du Ps et du Pds apr\u00e8s leur perte du pouvoir. Comment reconstruire sur les d\u00e9combres sans certains leaders historiques de son parti, m\u00eame s\u2019il se targue de n\u2019avoir jamais perdu une \u00e9lection dans ce pays depuis la cr\u00e9ation de son parti en 2008\u00a0? S\u2019il n\u2019a pas une page blanche sous les yeux, il sera confront\u00e9 \u00e0 un challenge plus compliqu\u00e9 qu\u2019en 2012\u2026 En attendant, l\u2019ordre de priorit\u00e9 est d\u2019imposer une cohabitation \u00e0 son successeur\u2026<\/p>\n\n\n\n<p>bsakho@lequotidien.sn<\/p>\n\n\n\n<p>SOURCE LEQUOTIDIEN<\/p>\n","protected":false},"excerpt":{"rendered":"<p>Confront\u00e9 \u00e0 la perte de certains de ses leaders majeurs, Macky Sall entre dans une zone de turbulence politique et<\/p>\n","protected":false},"author":1,"featured_media":43922,"comment_status":"open","ping_status":"open","sticky":false,"template":"","format":"standard","meta":{"footnotes":""},"categories":[6],"tags":[],"class_list":["post-43921","post","type-post","status-publish","format-standard","has-post-thumbnail","hentry","category-politics"],"_links":{"self":[{"href":"https:\/\/dekkbi.com\/index.php?rest_route=\/wp\/v2\/posts\/43921","targetHints":{"allow":["GET"]}}],"collection":[{"href":"https:\/\/dekkbi.com\/index.php?rest_route=\/wp\/v2\/posts"}],"about":[{"href":"https:\/\/dekkbi.com\/index.php?rest_route=\/wp\/v2\/types\/post"}],"author":[{"embeddable":true,"href":"https:\/\/dekkbi.com\/index.php?rest_route=\/wp\/v2\/users\/1"}],"replies":[{"embeddable":true,"href":"https:\/\/dekkbi.com\/index.php?rest_route=%2Fwp%2Fv2%2Fcomments&post=43921"}],"version-history":[{"count":1,"href":"https:\/\/dekkbi.com\/index.php?rest_route=\/wp\/v2\/posts\/43921\/revisions"}],"predecessor-version":[{"id":43923,"href":"https:\/\/dekkbi.com\/index.php?rest_route=\/wp\/v2\/posts\/43921\/revisions\/43923"}],"wp:featuredmedia":[{"embeddable":true,"href":"https:\/\/dekkbi.com\/index.php?rest_route=\/wp\/v2\/media\/43922"}],"wp:attachment":[{"href":"https:\/\/dekkbi.com\/index.php?rest_route=%2Fwp%2Fv2%2Fmedia&parent=43921"}],"wp:term":[{"taxonomy":"category","embeddable":true,"href":"https:\/\/dekkbi.com\/index.php?rest_route=%2Fwp%2Fv2%2Fcategories&post=43921"},{"taxonomy":"post_tag","embeddable":true,"href":"https:\/\/dekkbi.com\/index.php?rest_route=%2Fwp%2Fv2%2Ftags&post=43921"}],"curies":[{"name":"wp","href":"https:\/\/api.w.org\/{rel}","templated":true}]}}