{"id":43918,"date":"2024-10-10T09:45:01","date_gmt":"2024-10-10T09:45:01","guid":{"rendered":"https:\/\/dekkbi.com\/?p=43918"},"modified":"2024-10-10T09:45:02","modified_gmt":"2024-10-10T09:45:02","slug":"le-communique-du-conseil-des-ministres-du-mercredi-9-octobre-2024","status":"publish","type":"post","link":"https:\/\/dekkbi.com\/?p=43918","title":{"rendered":"Le communiqu\u00e9 du Conseil des ministres du mercredi 9 octobre 2024"},"content":{"rendered":"\n<p>Le Chef de l\u2019Etat, Son Excellence, Monsieur Bassirou Diomaye Diakhar FAYE a pr\u00e9sid\u00e9, ce mercredi 09 octobre 2024, la r\u00e9union hebdomadaire du Conseil des Ministres, au Palais de la R\u00e9publique.<\/p>\n\n\n\n<p>A l\u2019entame de sa communication, le Pr\u00e9sident de la R\u00e9publique, s\u2019est r\u00e9joui de la bonne tenue de la 5\u00e8me \u00e9dition de la journ\u00e9e citoyenne \u00ab Setal sunu r\u00e9ew \u00bb d\u00e9di\u00e9e \u00e0 l\u2019Ecole. Il a particuli\u00e8rement f\u00e9licit\u00e9 les populations du d\u00e9partement de Mbour, les autorit\u00e9s administratives, les \u00e9lus locaux et la communaut\u00e9 \u00e9ducative pour l\u2019accueil chaleureux dont il a fait l\u2019objet et salu\u00e9 la mobilisation exceptionnelle not\u00e9e lors de cette journ\u00e9e dont le point d\u2019orgue fut le Lyc\u00e9e Demba DIOP. Il a \u00e9galement f\u00e9licit\u00e9 le Ministre de l\u2019Education nationale, les responsables de l\u2019Acad\u00e9mie, le Proviseur du lyc\u00e9e, le corps enseignant et les \u00e9l\u00e8ves de cet \u00e9tablissement scolaire de r\u00e9f\u00e9rence. Pour clore ce chapitre, il a relev\u00e9 l\u2019engagement permanent du Gouvernement \u00e0 am\u00e9liorer durablement le cadre de vie dans nos \u00e9coles, coll\u00e8ges et lyc\u00e9es en vue de contribuer aux conditions de r\u00e9ussite des \u00e9l\u00e8ves.<\/p>\n\n\n\n<p>S\u2019interrogeant sur l\u2019efficacit\u00e9 du dispositif public de solidarit\u00e9 nationale, le Chef de l\u2019Etat a indiqu\u00e9 au Gouvernement l\u2019urgence de refonder la politique de solidarit\u00e9 nationale et de protection sociale par un meilleur ciblage et une mutualisation des interventions publiques aupr\u00e8s des couches les plus pauvres et les plus vuln\u00e9rables de notre soci\u00e9t\u00e9. Il a insist\u00e9 sur l\u2019imp\u00e9rieuse n\u00e9cessit\u00e9 d\u2019actualiser et d\u2019\u00e9largir \u00e0 de nouveaux b\u00e9n\u00e9ficiaires les programmes des bourses de s\u00e9curit\u00e9 familiale, de cartes d\u2019\u00e9galit\u00e9 des chances, de couverture sanitaire universelle et de transferts sociaux en g\u00e9n\u00e9ral. Ce qui devra assurer, \u00e0 court terme, une convergence des objectifs et une optimisation soutenue des ressources globalement destin\u00e9es \u00e0 la protection sociale.<\/p>\n\n\n\n<p>Le Chef de l\u2019Etat a, par ailleurs, demand\u00e9 au Ministre du Travail de veiller \u00e0 l\u2019\u00e9valuation prospective des politiques et programmes sectoriels de protection sociale conform\u00e9ment aux normes internationales. A ce titre, il a rappel\u00e9 l\u2019importance de l\u2019actualisation r\u00e9guli\u00e8re du Registre national unique (RNU), de la revue de l\u2019application de la loi d\u2019orientation sociale n\u00b0 2010 \u2013 15 du 6 juillet 2010 relative \u00e0 la promotion et \u00e0 la protection des droits des personnes handicap\u00e9es ainsi que la finalisation prochaine du Code unique de S\u00e9curit\u00e9 sociale devant faciliter la mutualisation des activit\u00e9s de la Caisse de S\u00e9curit\u00e9 sociale et de l\u2019Institut de Pr\u00e9voyance Retraite du S\u00e9n\u00e9gal (IPRES). A ce sujet, il a soulign\u00e9 la n\u00e9cessit\u00e9, pour le Gouvernement, d\u2019engager une r\u00e9flexion strat\u00e9gique sur la gestion des retraites au S\u00e9n\u00e9gal.<\/p>\n\n\n\n<p>Abordant la question de la nouvelle politique de gestion et d\u2019accompagnement des S\u00e9n\u00e9galais de l\u2019ext\u00e9rieur, le Chef de l\u2019Etat a indiqu\u00e9 que leur situation quotidienne doit rester une pr\u00e9occupation majeure du Gouvernement \u00e0 travers notamment une mobilisation plus soutenue de nos missions diplomatiques et consulaires. Il a demand\u00e9 au Gouvernement de veiller \u00e0 l\u2019acc\u00e9l\u00e9ration des proc\u00e9dures pour l\u2019obtention des documents administratifs de base, les passeports et les cartes nationales d\u2019identit\u00e9 en particulier. Il a \u00e9galement exhort\u00e9 le Gouvernement \u00e0 faire le suivi de la situation des \u00e9tudiants s\u00e9n\u00e9galais \u00e0 l\u2019\u00e9tranger et le&nbsp;recensement syst\u00e9matique des comp\u00e9tences nationales vivant et servant \u00e0 l\u2019ext\u00e9rieur du&nbsp;S\u00e9n\u00e9gal.&nbsp;Il a&nbsp;indiqu\u00e9, en outre, la n\u00e9cessit\u00e9 de mettre en place un nouveau dispositif&nbsp;d\u2019assistance au retour et \u00e0 la r\u00e9installation des S\u00e9n\u00e9galais de l\u2019ext\u00e9rieur.<\/p>\n\n\n\n<p>Evoquant l\u2019importance strat\u00e9gique de l\u2019Elevage dans notre politique de souverainet\u00e9&nbsp;alimentaire, le Pr\u00e9sident de la R\u00e9publique a demand\u00e9&nbsp;au Ministre de l\u2019Agriculture, de la&nbsp;Souverainet\u00e9 alimentaire et de l\u2019Elevage et au Secr\u00e9taire d\u2019Etat en charge des Organisations&nbsp;paysannes de finaliser, avec les acteurs des fili\u00e8res, l\u2019\u00e9valuation consensuelle des programmes,&nbsp;projets et conventions de concession en mati\u00e8re&nbsp;d\u2019\u00e9levage et de production animale.&nbsp;Il a&nbsp;soulign\u00e9&nbsp;la n\u00e9cessit\u00e9, comme indiqu\u00e9 dans le PROJET, d\u2019assurer, \u00e0 moyen terme,&nbsp;la couverture&nbsp;des besoins du S\u00e9n\u00e9gal en&nbsp;produits d\u2019\u00e9levage et de limiter, \u00e0 terme,&nbsp;les importations&nbsp;qui p\u00e8sent&nbsp;lourdement sur la balance commerciale&nbsp;de notre pays.<\/p>\n\n\n\n<p>Dans sa communication, le Premier Ministre a rappel\u00e9&nbsp;la haute priorit\u00e9 accord\u00e9e par&nbsp;Monsieur le Pr\u00e9sident de la R\u00e9publique \u00e0 l\u2019\u00e9valuation p\u00e9riodique de l\u2019action&nbsp;gouvernementale.&nbsp;\u00c0 cet \u00e9gard, il a demand\u00e9 aux Ministres d\u2019\u00e9laborer l\u2019\u00e9tat de&nbsp;mise&nbsp;en \u0153uvre, \u00e0 fin septembre&nbsp;2024, des plans&nbsp;d\u2019action prioritaires de leurs&nbsp;d\u00e9partements minist\u00e9riels respectifs. L\u2019accent&nbsp;devra&nbsp;\u00eatre mis sur la diff\u00e9renciation&nbsp;imprim\u00e9e \u00e0 l\u2019approche gouvernementale des politiques&nbsp;publiques, comparativement&nbsp;aux pr\u00e9c\u00e9dentes. Il conviendra, dans ce cadre, de pr\u00e9senter de&nbsp;mani\u00e8re factuelle et&nbsp;document\u00e9e, les r\u00e9sultats satisfaisants obtenus, en si peu de temps, dans&nbsp;diff\u00e9rents domaines.&nbsp;Dans ce sillage, le Premier Ministre a demand\u00e9 aux Ministres et&nbsp;Secr\u00e9taires d\u2019Etat de&nbsp;veiller \u00e0 l\u2019ex\u00e9cution satisfaisante du programme de&nbsp;travail du quatri\u00e8me&nbsp;trimestre&nbsp;2024 de leurs d\u00e9partements minist\u00e9riels respectifs. Il s\u2019agira d\u2019assurer la prise en&nbsp;charge, dans les d\u00e9lais requis, des questions cruciales r\u00e9currentes, notamment la&nbsp;campagne de&nbsp;commercialisation agricole,&nbsp;la surveillance des engagements&nbsp;contractuels \u00e0 \u00e9ch\u00e9ance de fin&nbsp;d\u2019ann\u00e9e ainsi que le&nbsp;suivi rapproch\u00e9 des programmes et projets.<\/p>\n\n\n\n<p>De mani\u00e8re plus sp\u00e9cifique, une attention particuli\u00e8re devra \u00eatre accord\u00e9e \u00e0 la&nbsp;c\u00e9l\u00e9bration du 80\u00e8me&nbsp;anniversaire du massacre de \u00ab&nbsp;Thiaroye 44&nbsp;\u00bb ainsi qu\u2019\u00e0 la&nbsp;finalisation de&nbsp;certains travaux d\u2019audit et du chantier&nbsp;du Port de Sendou. Il en est de&nbsp;m\u00eame du contr\u00f4le du&nbsp;respect scrupuleux de l\u2019interdiction de l\u2019exploitation aurif\u00e8re le long de la&nbsp;Fal\u00e9m\u00e9, de la&nbsp;poursuite de l\u2019accompagnement du retour des d\u00e9plac\u00e9s de&nbsp;Casamance, du suivi de l\u2019application&nbsp;des mesures de&nbsp;baisse des prix des denr\u00e9es de&nbsp;consommation courante, ainsi que de&nbsp;l\u2019organisation de la prochaine Biennale des&nbsp;Arts de Dakar.<\/p>\n\n\n\n<p>AU TITRE DES COMMUNICATIONS DES MINISTRES&nbsp;:<\/p>\n\n\n\n<p>\uf0b7&nbsp;Le Ministre de l\u2019Hydraulique et de l\u2019Assainissement&nbsp;a fait une communication sur la&nbsp;situation hebdomadaire de la gestion des inondations.<\/p>\n\n\n\n<p>AU TITRE DES TEXTES LEGISLATIFS ET REGLEMENTAIRES,<\/p>\n\n\n\n<p>Le Conseil a examin\u00e9 et adopt\u00e9&nbsp;:<\/p>\n\n\n\n<p>\uf0b7&nbsp;Le Projet de d\u00e9cret portant application de certaines dispositions de la loi n\u00b02023\u201315 du&nbsp;2 ao\u00fbt 2023 portant Code de l\u2019Environnement.<\/p>\n\n\n\n<p>AU TITRE DES MESURES INDIVIDUELLES,<\/p>\n\n\n\n<p>Le Pr\u00e9sident de la R\u00e9publique a pris les d\u00e9cisions suivantes&nbsp;:<\/p>\n\n\n\n<p>Au titre du Minist\u00e8re de l\u2019Int\u00e9rieur et de la S\u00e9curit\u00e9 publique&nbsp;:<\/p>\n\n\n\n<p>\uf0b7&nbsp;Madame&nbsp;Seynabou GUEYE,&nbsp;Administrateur civil, matricule de solde n\u00b0608 876\/G,&nbsp;est nomm\u00e9 Inspecteur de l\u2019Administration centrale et territoriale du Minist\u00e8re de&nbsp;l\u2019Int\u00e9rieur et de la S\u00e9curit\u00e9 publique, en remplacement de Madame Ramatoulaye&nbsp;DIENG appel\u00e9e&nbsp;\u00e0 d\u2019autres fonctions&nbsp;;<\/p>\n\n\n\n<p>\uf0b7&nbsp;Monsieur&nbsp;S\u00e9kou Vieux DIATTA,&nbsp;Instituteur, matricule de solde n\u00b0630&nbsp;591\/F,&nbsp;pr\u00e9c\u00e9demment Adjoint au Sous\u2013Pr\u00e9fet de l\u2019Arrondissement de Ta\u00eff, D\u00e9partement de&nbsp;Mback\u00e9, est nomm\u00e9 Adjoint au Pr\u00e9fet du D\u00e9partement de Gu\u00e9diawaye, poste vacant&nbsp;;<\/p>\n\n\n\n<p>\uf0b7&nbsp;Monsieur&nbsp;Abdou Khadre DIALLO, Instituteur, matricule de solde n\u00b0675&nbsp;797\/A,&nbsp;pr\u00e9c\u00e9demment&nbsp;Adjoint&nbsp;au&nbsp;Sous\u2013Pr\u00e9fet&nbsp;de&nbsp;l\u2019Arrondissement&nbsp;de&nbsp;Thill\u00e9&nbsp;Boubacar,&nbsp;D\u00e9partement de Podor, est nomm\u00e9 Adjoint au Pr\u00e9fet du D\u00e9partement de Malem Hodar,&nbsp;poste vacant&nbsp;;<\/p>\n\n\n\n<p>\uf0b7&nbsp;Monsieur&nbsp;Anaby Moussa TOURE,&nbsp;Instituteur, matricule de&nbsp;solde n\u00b0612&nbsp;954\/A,&nbsp;pr\u00e9c\u00e9demment&nbsp;Adjoint&nbsp;au&nbsp;Sous\u2013Pr\u00e9fet&nbsp;de&nbsp;l\u2019Arrondissement&nbsp;de&nbsp;Loudia&nbsp;Ouolof,&nbsp;D\u00e9partement d\u2019Oussouye, est nomm\u00e9 Adjoint au Pr\u00e9fet du D\u00e9partement de Bounkiling,&nbsp;poste vacant&nbsp;;<\/p>\n\n\n\n<p>\uf0b7&nbsp;Monsieur&nbsp;Ngor POUYE,&nbsp;Instituteur, matricule de solde n\u00b0517&nbsp;772\/I,&nbsp;pr\u00e9c\u00e9demment&nbsp;Adjoint&nbsp;au&nbsp;Sous\u2013Pr\u00e9fet&nbsp;de l\u2019Arrondissement de Ndorna, D\u00e9partement de&nbsp;M\u00e9dina Yoro&nbsp;Foulah, est nomm\u00e9 Adjoint au Pr\u00e9fet du D\u00e9partement de Bakel,&nbsp;poste vacant&nbsp;;<\/p>\n\n\n\n<p>\uf0b7&nbsp;Monsieur&nbsp;Ousmane&nbsp;SANE,&nbsp;Secr\u00e9taire&nbsp;d\u2019Administration,&nbsp;matricule&nbsp;de&nbsp;solde&nbsp;n\u00b0519&nbsp;212\/J, pr\u00e9c\u00e9demment Sous\u2013Pr\u00e9fet de l\u2019Arrondissement de Simbandi Brassou,&nbsp;D\u00e9partement de Goudomp, est nomm\u00e9 Sous\u2013Pr\u00e9fet de l\u2019Arrondissement de Sagatta&nbsp;Djoloff, D\u00e9partement de Lingu\u00e8re, poste vacant&nbsp;;<\/p>\n\n\n\n<p>\uf0b7&nbsp;Monsieur&nbsp;Jean Paul Sylvain DIATTA,&nbsp;Secr\u00e9taire d\u2019Administration, matricule de&nbsp;solde n\u00b0661&nbsp;427\/H,&nbsp;pr\u00e9c\u00e9demment Adjoint au Pr\u00e9fet du D\u00e9partement de Bakel, est&nbsp;nomm\u00e9&nbsp;Sous\u2013Pr\u00e9fet de l\u2019Arrondissement&nbsp;de Simbandi&nbsp;Brassou, D\u00e9partement de&nbsp;Goudomp, en remplacement de&nbsp;Monsieur&nbsp;Ousmane SANE,&nbsp;appel\u00e9 \u00e0 d\u2019autres fonctions&nbsp;;<\/p>\n\n\n\n<p>\uf0b7&nbsp;Monsieur Ibrahima&nbsp;NDIAYE, Secr\u00e9taire d\u2019Administration,&nbsp;matricule de solde&nbsp;n\u00b0517&nbsp;694\/J, pr\u00e9c\u00e9demment en service \u00e0 la Direction g\u00e9n\u00e9rale de l\u2019Administration&nbsp;territoriale, est nomm\u00e9 Sous\u2013Pr\u00e9fet de l\u2019Arrondissement de Ouadiour, D\u00e9partement de&nbsp;Gossas, en remplacement de Monsieur Ibrahima NDAO,&nbsp;admis \u00e0 faire valoir ses droits&nbsp;\u00e0 une pension de retraite.<\/p>\n\n\n\n<p>Au titre Minist\u00e8re de l\u2019Int\u00e9gration africaine et des Affaires \u00e9trang\u00e8res<\/p>\n\n\n\n<p>\uf0b7 Monsieur Mamadou GAYE, G\u00e9n\u00e9ral de division (2s), titulaire d\u2019un Master en sciences militaires, est nomm\u00e9 D\u00e9l\u00e9gu\u00e9 g\u00e9n\u00e9ral au p\u00e8lerinage aux Lieux saints de l\u2019Islam, en remplacement de Monsieur Boubacar SARR ;<\/p>\n\n\n\n<p>\uf0b7 Monsieur Assane NDIAYE, pr\u00e9c\u00e9demment Premier Conseiller \u00e0 l\u2019Ambassade du S\u00e9n\u00e9gal \u00e0 RYAD et \u00e0 la Repr\u00e9sentation permanente du S\u00e9n\u00e9gal aupr\u00e8s de l\u2019Organisation de la Conf\u00e9rence islamique, est nomm\u00e9 Premier D\u00e9l\u00e9gu\u00e9 g\u00e9n\u00e9ral adjoint au p\u00e8lerinage aux Lieux saints de l\u2019Islam, en remplacement de Monsieur Khadim SYLLA ;<\/p>\n\n\n\n<p>\uf0b7 Monsieur Mohamed Mansour NDIAYE, titulaire d\u2019un Master 2 en traduction et interpr\u00e9tation de conf\u00e9rence, est nomm\u00e9 D\u00e9l\u00e9gu\u00e9 g\u00e9n\u00e9ral adjoint au p\u00e8lerinage aux Lieux Saints de l\u2019Islam, en remplacement de Monsieur Ousmane NDOYE ;<\/p>\n\n\n\n<p>Au titre du Minist\u00e8re de la Communication, des T\u00e9l\u00e9communications et du Num\u00e9rique<\/p>\n\n\n\n<p>\uf0b7 Monsieur Habibou DIA, titulaire d\u2019un Master 2 en Journalisme et Communication, est nomm\u00e9 Directeur de la communication au Minist\u00e8re de la Communication, des&nbsp;t\u00e9l\u00e9communications et du Num\u00e9rique, en remplacement de Monsieur Ousseynou DIENG ;<\/p>\n\n\n\n<p>\uf0b7 Monsieur Serigne Abdoul Ahad NDIAYE, Ing\u00e9nieur en informatique et industriel, est nomm\u00e9 Pr\u00e9sident du Comit\u00e9 directeur du Fonds de D\u00e9veloppement du Service universel (FDSUT), en remplacement de Monsieur Aly Coto NDIAYE ;<\/p>\n\n\n\n<p>\uf0b7 Monsieur Mamadou Lamine SENE, Ing\u00e9nieur en \u00e9lectronique et technologies num\u00e9riques, est nomm\u00e9 membre du comit\u00e9 directeur du Fonds de d\u00e9veloppement du service universel (FDSUT), en remplacement de Monsieur Cheikh MBACKE ;<\/p>\n\n\n\n<p>\uf0b7 Madame Ndeye Seynabou SY, titulaire d\u2019un Master 2 en business and corporate law, est nomm\u00e9e Membre du Comit\u00e9 directeur du Fonds de D\u00e9veloppement du Service universel (FDSUT), en remplacement de Mme Sophie NDIAYE ;<\/p>\n\n\n\n<p>\uf0b7 Madame Sira Niang SY, titulaire d\u2019un Master 2 en management et n\u00e9gociation, est nomm\u00e9 membre du comit\u00e9 directeur du Fonds de d\u00e9veloppement du service universel&nbsp;(FDSUT), en remplacement de Monsieur Abdoulaye NGOM ;<\/p>\n\n\n\n<p>\uf0b7 Monsieur Souleymane NDIAYE, titulaire d\u2019un Master 2 en informatique et r\u00e9seau est nomm\u00e9 Membre du Comit\u00e9 directeur du Fonds de d\u00e9veloppement du Service universel (FDSUT), en remplacement de Monsieur Mamadou Yaya BA ;<\/p>\n\n\n\n<p>\uf0b7 Monsieur Amadou Moctar NDIAYE, Ing\u00e9nieur des t\u00e9l\u00e9communications, est nomm\u00e9 Membre du comit\u00e9 Directeur du Fonds de d\u00e9veloppement du Service universel (FDSUT), en remplacement de Monsieur Mamadou Al Hadji LY.<\/p>\n\n\n\n<p>Au titre du Minist\u00e8re de l\u2019Agriculture, de la Souverainet\u00e9 Alimentaire et de l\u2019\u00c9levage :<\/p>\n\n\n\n<p>\uf0b7 Monsieur Aboubakar Sidy SONKO, Ing\u00e9nieur informaticien, Expert en Agritech, est nomm\u00e9 Directeur g\u00e9n\u00e9ral de la Soci\u00e9t\u00e9 de D\u00e9veloppement agricole et industriel du S\u00e9n\u00e9gal (SODAGRI), en remplacement de Monsieur Alpha Bocar BALDE ;<\/p>\n\n\n\n<p>\uf0b7 Monsieur Fafa SOW, titulaire d\u2019un Doctorat en sciences v\u00e9t\u00e9rinaires, est nomm\u00e9 Directeur des Industries animales au Minist\u00e8re de l\u2019Agriculture de la Souverainet\u00e9 alimentaire et de l\u2019\u00c9levage, en remplacement de Madame Fat Cheikh NDIONE.<\/p>\n\n\n\n<p>Au titre du Minist\u00e8re de la Formation professionnelle :<\/p>\n\n\n\n<p>\uf0b7 Docteur Mamadou KANE matricule de solde 625481\/L, pr\u00e9c\u00e9demment Chef de Division du budget et de la comptabilit\u00e9 au Minist\u00e8re de la Formation professionnelle, est nomm\u00e9 Directeur de l\u2019Administration g\u00e9n\u00e9rale et de l\u2019\u00c9quipement, en remplacement d\u2019Amadou Diallo, appel\u00e9 \u00e0 d\u2019autres fonctions ;<\/p>\n\n\n\n<p>\uf0b7 Madame Mame Diarra DIOP, Inspecteur de Sp\u00e9cialit\u00e9 de classe exceptionnelle, matricule de solde n\u00b0 514396\/H, pr\u00e9c\u00e9demment Directeur du Service national d\u2019orientation professionnelle, est nomm\u00e9e Directeur g\u00e9n\u00e9ral de la Formation professionnelle et technique en remplacement de Madame Ma\u00efmouna Kant\u00e9, admis \u00e0 faire valoir ses droits \u00e0 une pension de retraite ;<\/p>\n\n\n\n<p>\uf0b7 Monsieur El hadji Mamadou GNINGUE, Psychologue conseiller de 4\u00e8re classe \u2013 1\u00e8me \u00e9chelon, matricule de solde n\u00b0 714148\/E, pr\u00e9c\u00e9demment Chef de bureau Suivi-Evaluation, est nomm\u00e9 Directeur de la Planification et du suivi-\u00e9valuation, en remplacement de Monsieur Cheikh Ahmadou Abdoul GUEYE, appel\u00e9 \u00e0 d\u2019autres fonctions ;<\/p>\n\n\n\n<p>\uf0b7 Madame Aminata NDOYE, Psychologue conseiller de 2\u00e8re classe \u2013 2\u00e8me \u00e9chelon, matricule de solde n\u00b0 632978\/E, pr\u00e9c\u00e9demment Chef du bureau du suivi au secr\u00e9tariat g\u00e9n\u00e9ral du minist\u00e8re de la Formation Professionnelle, est nomm\u00e9e Directeur de l\u2019Insertion, en remplacement de Monsieur Abdourahmane LY, appel\u00e9 \u00e0 d\u2019autres fonctions.<\/p>\n\n\n\n<p>Au titre Minist\u00e8re de l\u2019Environnement et de la Transition \u00e9cologique :<\/p>\n\n\n\n<p>\uf0b7 Monsieur Abdou DIONGUE, Conservateur des Parcs nationaux, matricule de solde n\u00b0 613 282 \/L est nomm\u00e9 Inspecteur technique au Minist\u00e8re de l\u2019Environnement et de la Transition \u00e9cologique en remplacement de Madame Nd\u00e8ye SENE ;<\/p>\n\n\n\n<p>\uf0b7 Lieutenant-Colonel Assane NDOYE, Conservateur des Parcs nationaux, matricule de solde n\u00b0510 886\/B est nomm\u00e9 Inspecteur technique au Minist\u00e8re de l\u2019Environnement et de la Transition \u00e9cologique.<\/p>\n\n\n\n<p>Au titre du Minist\u00e8re de l\u2019Enseignement sup\u00e9rieur de la Recherche et de l\u2019Innovation :<\/p>\n\n\n\n<p>\uf0b7 Monsieur Abdoul Aziz DIOUF, Professeur titulaire en droit priv\u00e9, est nomm\u00e9 Directeur g\u00e9n\u00e9ral de l\u2019Enseignement sup\u00e9rieur, en remplacement de Monsieur Amadou Abdoul SOW, admis \u00e0 faire valoir ses droits \u00e0 une pension de retraite ;<\/p>\n\n\n\n<p>\uf0b7 Monsieur Hamidou DATT, Professeur titulaire de math\u00e9matiques, est nomm\u00e9 Directeur g\u00e9n\u00e9ral de la Recherche et de l\u2019Innovation, en remplacement de Monsieur Amadou Gallo DIOP, admis \u00e0 faire valoir ses droits \u00e0 une pension de retraite ;<\/p>\n\n\n\n<p>\uf0b7 Monsieur Pape Abdoulaye DIAW, Ma\u00eetre de conf\u00e9rences titulaire, est nomm\u00e9 Directeur de l\u2019Institut sup\u00e9rieur d\u2019Enseignement professionnel de Richard Toll, en remplacement de Madame Awa Niang, appel\u00e9e \u00e0 d\u2019autres fonctions ;<\/p>\n\n\n\n<p>\uf0b7 Monsieur Alassane DIEDHIOU, Professeur titulaire, matricule de solde 102524\/D, pr\u00e9c\u00e9demment vice-recteur de l\u2019Universit\u00e9 Assane Seck de Ziguinchor est nomm\u00e9 Recteur de l\u2019Universit\u00e9 Assane Seck de Ziguinchor.<\/p>\n\n\n\n<p>Au titre du Minist\u00e8re de l\u2019Urbanisme, des Collectivit\u00e9s territoriales et de l\u2019Am\u00e9nagement des Territoires :<\/p>\n\n\n\n<p>\uf0b7 Monsieur Seydina Alioune NDJIM, titulaire d\u2019un Master professionnel en Management et Administration des entreprises, est nomm\u00e9 Directeur des Paysages&nbsp;urbains et des Espaces publics, en remplacement de Madame Mame Marie Ousmane NDIAYE, appel\u00e9e \u00e0 d\u2019autres fonctions ;<\/p>\n\n\n\n<p>\uf0b7 Madame Aminata WANE, titulaire d\u2019un Master 2 en Urbanisme et Am\u00e9nagement, est nomm\u00e9e Directeur de la Planification urbaine et de la R\u00e9glementation, en remplacement de Monsieur Youssouph MANE, appel\u00e9 \u00e0 d\u2019autres fonctions ;<\/p>\n\n\n\n<p>\uf0b7 Monsieur S\u00e9cou Oumar DIEDHIOU, titulaire d\u2019un Doctorat en G\u00e9ographie et d\u2019un Master en Am\u00e9nagement urbain, est nomm\u00e9 Directeur de la Promotion du D\u00e9veloppement des Territoires, en remplacement de Monsieur Mbagnick DIOUF, appel\u00e9 \u00e0 d\u2019autres fonctions ;<\/p>\n\n\n\n<p>\uf0b7 Monsieur Arona BA, titulaire d\u2019un dipl\u00f4me d\u2019\u00e9tudes approfondies (DEA) en Politiques \u00e9conomiques et gestion et Ing\u00e9nieur en travaux de planification, est nomm\u00e9 Directeur des Collectivit\u00e9s territoriales, en remplacement de Madame Fatoumata Bintou CAMARA, appel\u00e9e \u00e0 d\u2019autres fonctions ;<\/p>\n\n\n\n<p>\uf0b7 Monsieur Momar NDIAYE, Ing\u00e9nieur en gestion des travaux de d\u00e9veloppement urbain, est nomm\u00e9 Directeur de l\u2019Am\u00e9nagement urbain et de la Restructuration, en remplacement de Madame Seynabou Oumy GOUMBALA, appel\u00e9e \u00e0 d\u2019autres fonctions.<\/p>\n\n\n\n<p>Le Ministre de la Formation professionnelle, Porte-Parole du Gouvernement<\/p>\n\n\n\n<p>Amadou Moustapha Njekk SARRE<\/p>\n","protected":false},"excerpt":{"rendered":"<p>Le Chef de l\u2019Etat, Son Excellence, Monsieur Bassirou Diomaye Diakhar FAYE a pr\u00e9sid\u00e9, ce mercredi 09 octobre 2024, la r\u00e9union<\/p>\n","protected":false},"author":1,"featured_media":43464,"comment_status":"open","ping_status":"open","sticky":false,"template":"","format":"standard","meta":{"footnotes":""},"categories":[6],"tags":[],"class_list":["post-43918","post","type-post","status-publish","format-standard","has-post-thumbnail","hentry","category-politics"],"_links":{"self":[{"href":"https:\/\/dekkbi.com\/index.php?rest_route=\/wp\/v2\/posts\/43918","targetHints":{"allow":["GET"]}}],"collection":[{"href":"https:\/\/dekkbi.com\/index.php?rest_route=\/wp\/v2\/posts"}],"about":[{"href":"https:\/\/dekkbi.com\/index.php?rest_route=\/wp\/v2\/types\/post"}],"author":[{"embeddable":true,"href":"https:\/\/dekkbi.com\/index.php?rest_route=\/wp\/v2\/users\/1"}],"replies":[{"embeddable":true,"href":"https:\/\/dekkbi.com\/index.php?rest_route=%2Fwp%2Fv2%2Fcomments&post=43918"}],"version-history":[{"count":1,"href":"https:\/\/dekkbi.com\/index.php?rest_route=\/wp\/v2\/posts\/43918\/revisions"}],"predecessor-version":[{"id":43919,"href":"https:\/\/dekkbi.com\/index.php?rest_route=\/wp\/v2\/posts\/43918\/revisions\/43919"}],"wp:featuredmedia":[{"embeddable":true,"href":"https:\/\/dekkbi.com\/index.php?rest_route=\/wp\/v2\/media\/43464"}],"wp:attachment":[{"href":"https:\/\/dekkbi.com\/index.php?rest_route=%2Fwp%2Fv2%2Fmedia&parent=43918"}],"wp:term":[{"taxonomy":"category","embeddable":true,"href":"https:\/\/dekkbi.com\/index.php?rest_route=%2Fwp%2Fv2%2Fcategories&post=43918"},{"taxonomy":"post_tag","embeddable":true,"href":"https:\/\/dekkbi.com\/index.php?rest_route=%2Fwp%2Fv2%2Ftags&post=43918"}],"curies":[{"name":"wp","href":"https:\/\/api.w.org\/{rel}","templated":true}]}}