{"id":43907,"date":"2024-10-09T12:32:21","date_gmt":"2024-10-09T12:32:21","guid":{"rendered":"https:\/\/dekkbi.com\/?p=43907"},"modified":"2024-10-09T12:32:22","modified_gmt":"2024-10-09T12:32:22","slug":"eliminatoires-can-2025-sima-et-seck-manquent-a-lappel","status":"publish","type":"post","link":"https:\/\/dekkbi.com\/?p=43907","title":{"rendered":"Eliminatoires CAN 2025: Sima et Seck manquent \u00e0 l\u2019appel"},"content":{"rendered":"\n<p>Dakar (APS) \u2013 Abdallah Sima et Abdoulaye Seck n\u2019ont pas pris part \u00e0 la deuxi\u00e8me s\u00e9ance d\u2019entra\u00eenement de l\u2019\u00e9quipe nationale du S\u00e9n\u00e9gal de football, en perspective de la double confrontation contre le Malawi (11-15 octobre), \u00e0 l\u2019occasion des \u00e9liminatoires de la Coupe d\u2019Afrique des nations de football 2025 au Maroc.<\/p>\n\n\n\n<p>Seuls ces deux joueurs ont manqu\u00e9 \u00e0 ce galop d\u2019entrainement sous la conduite du coach int\u00e9rimaire Pape Bouna Thiaw.<\/p>\n\n\n\n<p>Sima \u00e9tait absent, dimanche, lors de la victoire de son club Brest, 2-0, contre Le Havre, lors de la septi\u00e8me journ\u00e9e de la Ligue 1 fran\u00e7aise.<\/p>\n\n\n\n<p>Seck qui \u00e9volue au Maccabi Ha\u00effa (Isra\u00ebl) \u00e9tait sur le banc, samedi, lors de la victoire de son \u00e9quipe, 3-0, contre Sakhnin, \u00e0 l\u2019occasion de la sixi\u00e8me journ\u00e9e du championnat d\u2019Isra\u00ebl.<\/p>\n\n\n\n<p>Le dernier match du d\u00e9fenseur s\u00e9n\u00e9galais avec son club remonte au 31 ao\u00fbt contre Netanya, pour le compte de la deuxi\u00e8me journ\u00e9e.<\/p>\n\n\n\n<p>Abdoulaye Seck \u00e9tait titulaire, contre le Burkina Faso \u00e0 Dakar (1-1), lors de la premi\u00e8re journ\u00e9e des \u00e9liminatoires de la CAN 2025.<\/p>\n\n\n\n<p>Il \u00e9tait sur le banc contre le Burundi \u00e0 Lilongwe (l\u2019\u00e9quipe burundaise re\u00e7oit \u00e0 la capitale malawite), lors de la victoire du S\u00e9n\u00e9gal (1-0), \u00e0 l\u2019occasion de la deuxi\u00e8me journ\u00e9e de ces \u00e9liminatoires.<\/p>\n\n\n\n<p>Le reste de l\u2019\u00e9quipe s\u2019est entra\u00een\u00e9e \u00e0 l\u2019annexe du stade Abdoulaye Wade de Diamniadio.<\/p>\n\n\n\n<p>Les joueurs ont effectu\u00e9 des jeux avec ballon suivis d\u2019une partie de football. L\u2019entra\u00eenement qui a dur\u00e9 plus de deux heures s\u2019est termin\u00e9 sur une s\u00e9ance d\u2019adresse et de pr\u00e9cision devant les buts.<\/p>\n\n\n\n<p>Le staff int\u00e9rimaire, dirig\u00e9 par Pape Bouna Thiaw, a longuement discut\u00e9 avec une partie de l\u2019effectif dont les cadres des vestiaires Sadio Man\u00e9 et Idrissa Gana Gueye.<\/p>\n\n\n\n<p>SK\/MTN<\/p>\n","protected":false},"excerpt":{"rendered":"<p>Dakar (APS) \u2013 Abdallah Sima et Abdoulaye Seck n\u2019ont pas pris part \u00e0 la deuxi\u00e8me s\u00e9ance d\u2019entra\u00eenement de l\u2019\u00e9quipe nationale<\/p>\n","protected":false},"author":1,"featured_media":28638,"comment_status":"open","ping_status":"open","sticky":false,"template":"","format":"standard","meta":{"footnotes":""},"categories":[9],"tags":[],"class_list":["post-43907","post","type-post","status-publish","format-standard","has-post-thumbnail","hentry","category-sports"],"_links":{"self":[{"href":"https:\/\/dekkbi.com\/index.php?rest_route=\/wp\/v2\/posts\/43907","targetHints":{"allow":["GET"]}}],"collection":[{"href":"https:\/\/dekkbi.com\/index.php?rest_route=\/wp\/v2\/posts"}],"about":[{"href":"https:\/\/dekkbi.com\/index.php?rest_route=\/wp\/v2\/types\/post"}],"author":[{"embeddable":true,"href":"https:\/\/dekkbi.com\/index.php?rest_route=\/wp\/v2\/users\/1"}],"replies":[{"embeddable":true,"href":"https:\/\/dekkbi.com\/index.php?rest_route=%2Fwp%2Fv2%2Fcomments&post=43907"}],"version-history":[{"count":1,"href":"https:\/\/dekkbi.com\/index.php?rest_route=\/wp\/v2\/posts\/43907\/revisions"}],"predecessor-version":[{"id":43908,"href":"https:\/\/dekkbi.com\/index.php?rest_route=\/wp\/v2\/posts\/43907\/revisions\/43908"}],"wp:featuredmedia":[{"embeddable":true,"href":"https:\/\/dekkbi.com\/index.php?rest_route=\/wp\/v2\/media\/28638"}],"wp:attachment":[{"href":"https:\/\/dekkbi.com\/index.php?rest_route=%2Fwp%2Fv2%2Fmedia&parent=43907"}],"wp:term":[{"taxonomy":"category","embeddable":true,"href":"https:\/\/dekkbi.com\/index.php?rest_route=%2Fwp%2Fv2%2Fcategories&post=43907"},{"taxonomy":"post_tag","embeddable":true,"href":"https:\/\/dekkbi.com\/index.php?rest_route=%2Fwp%2Fv2%2Ftags&post=43907"}],"curies":[{"name":"wp","href":"https:\/\/api.w.org\/{rel}","templated":true}]}}