{"id":4390,"date":"2022-12-06T13:04:33","date_gmt":"2022-12-06T13:04:33","guid":{"rendered":"https:\/\/dekkbi.com\/?p=4390"},"modified":"2022-12-06T13:05:51","modified_gmt":"2022-12-06T13:05:51","slug":"la-rdc-demande-a-la-cpi-douvrir-une-enquete-sur-la-tuerie-de-kishishe","status":"publish","type":"post","link":"https:\/\/dekkbi.com\/?p=4390","title":{"rendered":"La RDC demande \u00e0 la CPI d&rsquo;ouvrir une enqu\u00eate sur la tuerie de Kishishe"},"content":{"rendered":"\n<p>Les autorit\u00e9s de la RDC veulent que la CPI ouvre une enqu\u00eate sur ce qui&nbsp;s&rsquo;est pass\u00e9 \u00e0 Kishishe&nbsp;dans l&rsquo;est du pays, le mardi 29 novembre. Lundi, le gouvernement a avanc\u00e9 un bilan tr\u00e8s lourd de&nbsp;272 morts. Les autorit\u00e9s accusent le M23 de s&rsquo;en \u00eatre pris aux habitants. Kinshasa affirme vouloir interpeller la justice internationale.<\/p>\n\n\n\n<p>SOURCE RFI<\/p>\n\n\n\n<p>Rose Mutombo, la ministre congolaise de la Justice, est ce mardi \u00e0 La Haye o\u00f9 se tient la 21e Assembl\u00e9e des \u00c9tats parties. Elle s&rsquo;est exprim\u00e9e ce matin \u00e0 la tribune.&nbsp;\u00ab<em>&nbsp;Pendant que nous sommes dans cette salle, une partie de l&rsquo;est du territoire de la R\u00e9publique D\u00e9mocratique du Congo, dans les provinces de l&rsquo;Ituri et du Nord-Kivu est le th\u00e9\u00e2tre de crimes contre l&rsquo;humanit\u00e9, de crimes de guerre, de crimes de g\u00e9nocide et de crimes d&rsquo;agression qui occasionnent des milliers des morts, des violences sexuelles, sans compter des d\u00e9placements massifs de populations.&nbsp;<\/em>\u00bb&nbsp;<\/p>\n\n\n\n<p>La ministre demande une minute de silence. Assure que les auteurs sont connus : ADF et M23, ce dernier qu&rsquo;elle qualifie de \u00ab&nbsp;<em>suppl\u00e9tifs de l&rsquo;arm\u00e9e rwandaise&nbsp;<\/em>\u00bb<\/p>\n\n\n\n<p>Tout en saluant l&rsquo;annonce faite lundi&nbsp;par le procureur de la Cour, Karim Khan, de visiter prochainement certains pays, la RDC, \u00e0 travers son pr\u00e9sident F\u00e9lix Tshisekedi, demande par la voix de la ministre au procureur de commencer sa visite par la R\u00e9publique d\u00e9mocratique du&nbsp;Congo. Cette visite lui permettra \u00ab&nbsp;<em>de se rendre compte du d\u00e9sastre humain&nbsp;<\/em>\u00bb pour qu&rsquo;il \u00ab<em>&nbsp;n&rsquo;h\u00e9site pas<\/em>&nbsp;\u00bb&nbsp;\u00e0 se saisir de tous les auteurs et coauteurs, complices de crimes graves. \u00ab<em>&nbsp;Par ailleurs, face \u00e0 l&rsquo;agression dont mon pays est victime de la part du Rwanda, je suis convaincue qu&rsquo;il b\u00e9n\u00e9ficiera de la m\u00eame compassion dont t\u00e9moigne la communaut\u00e9 internationale \u00e0 l&rsquo;\u00e9gard de l&rsquo;Ukraine<\/em>&nbsp;\u00bb, insiste la ministre.<\/p>\n\n\n\n<h2 class=\"wp-block-heading\">Un bilan encore compliqu\u00e9 \u00e0 \u00e9tablir<\/h2>\n\n\n\n<p>Depuis la r\u00e9activation de la r\u00e9bellion du M23 dans l&rsquo;est congolais\u00a0<strong>en novembre 2021<\/strong>, la CPI n&rsquo;a annonc\u00e9 aucune enqu\u00eate sur des faits pouvant relever de crimes de guerre ou crimes contre l&rsquo;humanit\u00e9.\u00a0Pour Kishishe, situ\u00e9e \u00e0 moins de 100 km au nord de Goma, les autorit\u00e9s congolaises parlent de \u00ab\u00a0<em>massacre\u00a0<\/em>\u00bb.<\/p>\n\n\n\n<p>Les ministres Julien Paluku et Patrick Muyaya \u00e0 Kinshasa\u00a0<strong>\u00e9voquent des chiffres<\/strong>\u00a0encore \u00e0 recouper, \u00e0 consolider, d&rsquo;un recensement communaut\u00e9 par communaut\u00e9 des habitants qui auraient \u00e9t\u00e9 victimes de rivalit\u00e9s entre groupes arm\u00e9s.\u00a0Le groupe arm\u00e9 qui contr\u00f4le\u00a0la zone rendant\u00a0la v\u00e9rification de ce bilan compliqu\u00e9e.<\/p>\n\n\n\n<p>Un\u00a0<strong>deuil national de trois jours<\/strong>\u00a0s&rsquo;est achev\u00e9 hier lundi.\u00a0Le ministre Paluku parle d&rsquo;une guerre avant tout pour l&rsquo;acc\u00e8s aux ressources mini\u00e8res de la r\u00e9gion.<\/p>\n\n\n\n<p>Antony Blinken appelle le Rwanda \u00e0 cesser son soutien au M23<\/p>\n\n\n\n<p>Lundi,&nbsp;Washington a annonc\u00e9 que le secr\u00e9taire d&rsquo;\u00c9tat am\u00e9ricain, Antony Blinken avait exhort\u00e9 le pr\u00e9sident Kagame \u00e0 cesser tout soutien, exprimant, une \u00ab<em>&nbsp;profonde pr\u00e9occupation sur l&rsquo;impact des combats sur les civils&nbsp;<\/em>\u00bb. Lundi&nbsp;soir, le ministre rwandais des Affaires \u00e9trang\u00e8res, Vincent Biruta&nbsp;a affirm\u00e9 que Paul Kagame et Anthony Blinken \u00ab<em>&nbsp;avaient eu de bons \u00e9changes, mais que des diff\u00e9rences demeurent sur la compr\u00e9hension du probl\u00e8me&nbsp;<\/em>\u00bb.&nbsp;\u00ab<em>&nbsp;L&rsquo;approche erron\u00e9e [&#8230;]&nbsp;de la communaut\u00e9 internationale continue d&rsquo;exacerber le probl\u00e8me&nbsp;<\/em>\u00bb, selon le chef de la diplomatie rwandaise.<\/p>\n","protected":false},"excerpt":{"rendered":"<p>Les autorit\u00e9s de la RDC veulent que la CPI ouvre une enqu\u00eate sur ce qui&nbsp;s&rsquo;est pass\u00e9 \u00e0 Kishishe&nbsp;dans l&rsquo;est du<\/p>\n","protected":false},"author":1,"featured_media":4391,"comment_status":"open","ping_status":"open","sticky":false,"template":"","format":"standard","meta":{"footnotes":""},"categories":[26],"tags":[],"class_list":["post-4390","post","type-post","status-publish","format-standard","has-post-thumbnail","hentry","category-fait-divers"],"_links":{"self":[{"href":"https:\/\/dekkbi.com\/index.php?rest_route=\/wp\/v2\/posts\/4390","targetHints":{"allow":["GET"]}}],"collection":[{"href":"https:\/\/dekkbi.com\/index.php?rest_route=\/wp\/v2\/posts"}],"about":[{"href":"https:\/\/dekkbi.com\/index.php?rest_route=\/wp\/v2\/types\/post"}],"author":[{"embeddable":true,"href":"https:\/\/dekkbi.com\/index.php?rest_route=\/wp\/v2\/users\/1"}],"replies":[{"embeddable":true,"href":"https:\/\/dekkbi.com\/index.php?rest_route=%2Fwp%2Fv2%2Fcomments&post=4390"}],"version-history":[{"count":2,"href":"https:\/\/dekkbi.com\/index.php?rest_route=\/wp\/v2\/posts\/4390\/revisions"}],"predecessor-version":[{"id":4393,"href":"https:\/\/dekkbi.com\/index.php?rest_route=\/wp\/v2\/posts\/4390\/revisions\/4393"}],"wp:featuredmedia":[{"embeddable":true,"href":"https:\/\/dekkbi.com\/index.php?rest_route=\/wp\/v2\/media\/4391"}],"wp:attachment":[{"href":"https:\/\/dekkbi.com\/index.php?rest_route=%2Fwp%2Fv2%2Fmedia&parent=4390"}],"wp:term":[{"taxonomy":"category","embeddable":true,"href":"https:\/\/dekkbi.com\/index.php?rest_route=%2Fwp%2Fv2%2Fcategories&post=4390"},{"taxonomy":"post_tag","embeddable":true,"href":"https:\/\/dekkbi.com\/index.php?rest_route=%2Fwp%2Fv2%2Ftags&post=4390"}],"curies":[{"name":"wp","href":"https:\/\/api.w.org\/{rel}","templated":true}]}}