{"id":43833,"date":"2024-10-09T10:21:20","date_gmt":"2024-10-09T10:21:20","guid":{"rendered":"https:\/\/dekkbi.com\/?p=43833"},"modified":"2024-10-09T10:26:52","modified_gmt":"2024-10-09T10:26:52","slug":"cinema-lancement-de-dakar-series-ii-projections-pour-le-futur","status":"publish","type":"post","link":"https:\/\/dekkbi.com\/?p=43833","title":{"rendered":"Cin\u00e9ma \u2013 Lancement de Dakar S\u00e9ries II : Projections pour le futur"},"content":{"rendered":"\n<p><strong>C\u2019est parti pour la Saison II de Dakar S\u00e9ries. Le festival qui r\u00e9unit \u00e0 Dakar le meilleur de la s\u00e9rie africaine a \u00e9t\u00e9 lanc\u00e9 hier \u00e0 l\u2019Institut fran\u00e7ais de Dakar. Pour marquer le rythme, les deux premiers \u00e9pisodes de la s\u00e9rie fran\u00e7aise \u00abDj Mehdi : Made in France\u00bb ont \u00e9t\u00e9 projet\u00e9s.\u00a0<\/strong><\/p>\n\n\n\n<p><strong>Par Mame Woury THIOUBOU \u2013<\/strong><\/p>\n\n\n\n<p>Une saison II qui d\u00e9marre, c\u2019est toujours beaucoup d\u2019attentes. Consolider les acquis de la premi\u00e8re saison et aller au-del\u00e0. Au festival Dakar S\u00e9ries, on est bien conscient de l\u2019enjeu. Le lancement de l\u2019\u00e9dition 2024, ce lundi au Th\u00e9\u00e2tre de verdure de l\u2019Institut fran\u00e7ais de Dakar, aura \u00e9t\u00e9 un record d\u2019affluence. Surtout celle de ces jeunes acteurs qui incarnent l\u2019avenir d\u2019un genre qui, de jour en jour, se structure et se consolide sur le continent. \u00abL\u2019Afrique regorge de talents, de r\u00e9cits riches et puissants\u00bb, note le directeur de la Cin\u00e9matographie. Pour Germain Coly, ce festival, qui est venu se poser en terre s\u00e9n\u00e9galaise, va sans nul doute contribuer \u00e0 mettre en lumi\u00e8re cette cr\u00e9ativit\u00e9 et cette diversit\u00e9.<\/p>\n\n\n\n<p>Durant 5 jours, Dakar sera ainsi la vitrine de la s\u00e9rie africaine, mais avec une fen\u00eatre ouverte sur le reste du monde. C\u2019est le sens de cette premi\u00e8re projection de la s\u00e9rie documentaire fran\u00e7aise\u00a0: Dj Mehdi\u00a0: Made in France. Les deux premiers \u00e9pisodes de cette s\u00e9rie prim\u00e9e au dernier Canneseries et \u0153uvre d\u2019un enfant du quartier Plateau ont marqu\u00e9 de belle mani\u00e8re le d\u00e9but de l\u2019\u00e9v\u00e9nement. Thibault de Longeville a grandi \u00e0 l\u2019ombre du Centre culturel fran\u00e7ais en r\u00eavant de cin\u00e9ma. Des ann\u00e9es plus tard, distinctions glan\u00e9es aux quatre coins du monde, il revient \u00e0 Dakar pr\u00e9senter cette \u0153uvre qu\u2019il a consacr\u00e9e \u00e0 son \u00abmeilleur ami\u00bb. La s\u00e9rie de 6 \u00e9pisodes raconte ainsi les premiers moments du rap fran\u00e7ais que ce prodige trop t\u00f4t disparu \u00e0 fa\u00e7onn\u00e9 \u00e0 partir de rien, dans sa chambre d\u2019une cit\u00e9 de Colombe. Dans une narration totalement survolt\u00e9e et qui adopte le rythme du rap, les spectateurs dakarois ont plong\u00e9 au c\u0153ur des premiers battements du rap fran\u00e7ais, tenus \u00e0 la main par l\u2019artiste Kerry James, un des membres de la Mafia K\u20191 Fry (prononc\u00e9 Mafia Cainfri, Cainfri \u00e9tant le verlan d\u2019Africain), un collectif de hip-hop fran\u00e7ais originaire du Val-de-Marne et fond\u00e9 en 1995 par certains rappeurs fran\u00e7ais notables tels que Popa Project, Manu Key, Kery James, Karlito, le groupe Intouchable, Rohff et le groupe 113.<\/p>\n\n\n\n<p><strong>Plus qu\u2019un simple divertissement<\/strong><\/p>\n\n\n\n<p>\u00abAujourd\u2019hui, les s\u00e9ries ne sont plus de simples divertissements. Elles sont devenues des vecteurs de culture, des fen\u00eatres sur nos soci\u00e9t\u00e9s et des outils de transformation sociale\u00bb, indique le directeur de la Cin\u00e9matographie. Ces reflets de la soci\u00e9t\u00e9 ont surtout r\u00e9ussi la gageure de mettre \u00e0 la disposition des publics africains, longtemps sevr\u00e9s de grands \u00e9crans, des histoires qui leur ressemblent. \u00abL\u2019Afrique, forte de sa diversit\u00e9 culturelle, regorge de talents et de r\u00e9cits riches, puissants et in\u00e9dits. Nos histoires sont multiples et m\u00e9ritent d\u2019\u00eatre entendues, vues et c\u00e9l\u00e9br\u00e9es\u00bb, plaide M. Coly. Dans ce ch\u0153ur, Dakar a su se tailler une bonne place. C\u2019est ce que constate le ministre-conseiller \u00e0 l\u2019ambassade de France \u00e0 Dakar, Florian Blazy. Le diplomate per\u00e7oit \u00abune v\u00e9ritable effervescence audiovisuelle\u00bb autour des s\u00e9ries sur le continent africain. \u00abCe rendez-vous a pour ambition de b\u00e2tir des passerelles, d\u2019ouvrir de nouvelles perspectives cr\u00e9atives comme \u00e9conomiques \u00e0 la mesure de ce foisonnement. L\u2019enjeu est essentiel car les s\u00e9ries constituent un objet culturel extr\u00eamement puissant. Elles sont une des incarnations contemporaines et certainement les plus marquantes de l\u2019impact du r\u00e9cit, qu\u2019il rel\u00e8ve de la fiction ou du documentaire, sur l\u2019esprit humain\u00bb, poursuit M. Blazy.<\/p>\n\n\n\n<p><strong>5 jours de panels et projections<\/strong><\/p>\n\n\n\n<p>Pendant ces cinq jours, ce sont 25 pays du continent qui seront r\u00e9unis \u00e0 Dakar. Les s\u00e9ries en comp\u00e9tition seront projet\u00e9es chaque soir, tandis que les festivaliers discuteront des probl\u00e9matiques qui traversent ce secteur. Plusieurs panels, des masterclass, mais aussi des \u00e9changes et des discussions sont au programme avant la s\u00e9ance de Pitch du samedi, qui mettra en concurrence une vingtaine de r\u00e9alisateurs s\u00e9lectionn\u00e9s dans plusieurs Labs sur le continent et ailleurs. Ils pitcheront leurs projets devant un jury de professionnels pour remporter l\u2019enveloppe promise par la Direction de la cin\u00e9matographie qui annonce une r\u00e9compense sp\u00e9ciale pour la meilleure s\u00e9rie s\u00e9n\u00e9galaise. Au total, 7 prix seront d\u00e9cern\u00e9s par le jury de la comp\u00e9tition pr\u00e9sid\u00e9 par Ang\u00e8le Diabang.<\/p>\n\n\n\n<p>mamewoury@lequotidien.sn<\/p>\n","protected":false},"excerpt":{"rendered":"<p>C\u2019est parti pour la Saison II de Dakar S\u00e9ries. Le festival qui r\u00e9unit \u00e0 Dakar le meilleur de la s\u00e9rie<\/p>\n","protected":false},"author":1,"featured_media":43834,"comment_status":"open","ping_status":"open","sticky":false,"template":"","format":"standard","meta":{"footnotes":""},"categories":[21],"tags":[],"class_list":["post-43833","post","type-post","status-publish","format-standard","has-post-thumbnail","hentry","category-societe"],"_links":{"self":[{"href":"https:\/\/dekkbi.com\/index.php?rest_route=\/wp\/v2\/posts\/43833","targetHints":{"allow":["GET"]}}],"collection":[{"href":"https:\/\/dekkbi.com\/index.php?rest_route=\/wp\/v2\/posts"}],"about":[{"href":"https:\/\/dekkbi.com\/index.php?rest_route=\/wp\/v2\/types\/post"}],"author":[{"embeddable":true,"href":"https:\/\/dekkbi.com\/index.php?rest_route=\/wp\/v2\/users\/1"}],"replies":[{"embeddable":true,"href":"https:\/\/dekkbi.com\/index.php?rest_route=%2Fwp%2Fv2%2Fcomments&post=43833"}],"version-history":[{"count":2,"href":"https:\/\/dekkbi.com\/index.php?rest_route=\/wp\/v2\/posts\/43833\/revisions"}],"predecessor-version":[{"id":43836,"href":"https:\/\/dekkbi.com\/index.php?rest_route=\/wp\/v2\/posts\/43833\/revisions\/43836"}],"wp:featuredmedia":[{"embeddable":true,"href":"https:\/\/dekkbi.com\/index.php?rest_route=\/wp\/v2\/media\/43834"}],"wp:attachment":[{"href":"https:\/\/dekkbi.com\/index.php?rest_route=%2Fwp%2Fv2%2Fmedia&parent=43833"}],"wp:term":[{"taxonomy":"category","embeddable":true,"href":"https:\/\/dekkbi.com\/index.php?rest_route=%2Fwp%2Fv2%2Fcategories&post=43833"},{"taxonomy":"post_tag","embeddable":true,"href":"https:\/\/dekkbi.com\/index.php?rest_route=%2Fwp%2Fv2%2Ftags&post=43833"}],"curies":[{"name":"wp","href":"https:\/\/api.w.org\/{rel}","templated":true}]}}