{"id":43751,"date":"2024-10-08T11:30:59","date_gmt":"2024-10-08T11:30:59","guid":{"rendered":"https:\/\/dekkbi.com\/?p=43751"},"modified":"2024-10-08T11:53:30","modified_gmt":"2024-10-08T11:53:30","slug":"diplomatie-sous-tension-au-19e-sommet-de-la-francophonie-tshisekedi-boude-paris-macron-defend-sa-position-sur-la-crise-congolaise","status":"publish","type":"post","link":"https:\/\/dekkbi.com\/?p=43751","title":{"rendered":"DIPLOMATIE SOUS TENSION  &#8211; Tshisekedi boude Paris, Macron d\u00e9fend sa position sur la crise congolaise"},"content":{"rendered":"\n<p><em><strong>Le pr\u00e9sident de la R\u00e9publique d\u00e9mocratique du Congo, F\u00e9lix Tshisekedi, a d\u00e9lib\u00e9r\u00e9ment choisi de ne pas participer \u00e0 des \u00e9v\u00e9nements cl\u00e9s du 19e Sommet de la Francophonie, d\u00e9\u00e7u par le manque de soutien explicite d&rsquo;Emmanuel Macron \u00e0 son pays en proie aux conflits arm\u00e9s.<\/strong><\/em><\/p>\n\n\n\n<p>Que de revers pour Emmanuel Macron qui semble faire d\u00e9sormais de la politique ext\u00e9rieure de la France son cheval de bataille. Apr\u00e8s l\u2019annulation \u00e0 la derni\u00e8re minute de la venue \u00e0 Paris du pr\u00e9sident s\u00e9n\u00e9galais Bassirou Diomaye Faye, c\u2019est \u00e0 son homologue de la R\u00e9publique d\u00e9mocratique du Congo de \u2018\u2019d\u00e9laisser\u2019\u2019 Macron. Pourtant, sa venue \u00e9tait per\u00e7ue comme une belle victoire de l\u2019influence fran\u00e7aise.<\/p>\n\n\n\n<p>En conflit avec le Rwanda, la R\u00e9publique d\u00e9mocratique du Congo traverse des moments difficiles. Beaucoup pensaient que Tshisekedi ne serait pas \u00e0 Paris, vu les relations entre le patron de l\u2019\u00c9lys\u00e9e et Paul Kagam\u00e9. La poign\u00e9e de main entre la secr\u00e9taire g\u00e9n\u00e9rale de l\u2019Organisation internationale de la Francophonie (OIF), la Rwandaise Louise Mushikiwabo, dissipait les derniers doutes sur le malaise entre le Rwanda et la RD Congo.<\/p>\n\n\n\n<p>Mais tout ceci n\u2019\u00e9tait qu\u2019un voilage. F\u00e9lix Tshisekedi n\u2019a pas pris part, samedi, au d\u00e9jeuner auquel la secr\u00e9taire g\u00e9n\u00e9rale de l\u2019OIF a invit\u00e9 les chefs d\u2019\u00c9tat et membres de gouvernement ayant pris part au 19e Sommet de la Francophonie qui s\u2019est tenu \u00e0 Paris les 4 et 5 octobre. Pis, il a boud\u00e9 la r\u00e9union des chefs d\u2019\u00c9tat et de gouvernement et y a \u00e9t\u00e9 repr\u00e9sent\u00e9 par la ministre d\u00e9l\u00e9gu\u00e9e aux Affaires \u00e9trang\u00e8res, Bestine Kazadi.<\/p>\n\n\n\n<p>D\u2019ailleurs, apr\u00e8s cette derni\u00e8re, face \u00e0 la presse, le pr\u00e9sident fran\u00e7ais Emmanuel Macron, interpell\u00e9 sur le d\u00e9part de Felix Tshisekedi,&nbsp; a pr\u00e9cis\u00e9&nbsp; \u00ab\u00a0qu\u2019il n\u2019y ait pas malentendu. Hier, je l&rsquo;ai dit moi-m\u00eame, je n&rsquo;ai \u00e9t\u00e9 que parcellaire dans les citations. Il y a beaucoup de crises, de tensions, de guerres que je n&rsquo;ai pas cit\u00e9es\u2019\u2019.<\/p>\n\n\n\n<p>En effet, le pr\u00e9sident de la RDC n\u2019a pas \u00e9t\u00e9 content du discours prononc\u00e9 \u00e0 la c\u00e9r\u00e9monie inaugurale du Sommet de la Francophonie \u00e0 Villers-Cotter\u00eats. Il a estim\u00e9 que M. Macron n\u2019a pas \u00e9t\u00e9 assez ferme et explicite dans son soutien \u00e0 son pays. \u00c0 cette c\u00e9r\u00e9monie \u00e9galement, Paul Kagame \u00e9tait au premier rang et tr\u00e8s pr\u00e8s de Macron, alors que Tshisekedi \u00e9tait au troisi\u00e8me rang. Mais, a tenu \u00e0 souligner Macron,&nbsp; \u00ab\u00a0nous encourageons tr\u00e8s clairement la RDC et le Rwanda \u00e0 parvenir \u00e0 un accord, dans le cadre de la m\u00e9diation angolaise, et l&rsquo;OIF doit jouer un r\u00f4le en soutien des efforts r\u00e9gionaux \u00e0 ce titre et je l&rsquo;ai dit successivement au pr\u00e9sident Tshisekedi et au pr\u00e9sident Kagame. Pour ce qui est de la France, nous avons toujours \u00e9t\u00e9 clairs et je l&rsquo;ai redit \u00e0 l&rsquo;un et \u00e0 l&rsquo;autre, nous appelons au retrait du M23 et des troupes rwandaises. Nous appelons aussi \u00e0 proc\u00e9der au d\u00e9mant\u00e8lement des FDLR et de tous les groupes arm\u00e9s en RDC, et \u00e0 l&rsquo;arr\u00eat des discours de haine\u00a0\u00bb.<\/p>\n\n\n\n<p>Dans les r\u00e9solutions des chefs d\u2019\u00c9tat et de gouvernement de l\u2019espace francophone \u00e0 la suite de leur conf\u00e9rence, figure une condamnation \u2018\u2019ferme des violations du droit international, de l\u2019int\u00e9grit\u00e9 territoriale et de la souverainet\u00e9 de la R\u00e9publique d\u00e9mocratique du Congo, les violences commises \u00e0 l\u2019endroit des populations civiles, des institutions nationales, de la Mission de l&rsquo;Organisation des Nations Unies pour la stabilisation RDC (Monusco), de la Mission de la Communaut\u00e9 de d\u00e9veloppement d\u2019Afrique australe en RDC (SAMIRDC) par les groupes arm\u00e9s, bafouant tous les efforts de paix entrepris dans la sous-r\u00e9gion\u2019\u2019.&nbsp; Les invit\u00e9s de Macron se disent \u2018\u2019extr\u00eamement pr\u00e9occup\u00e9s par la d\u00e9gradation continue de la situation humanitaire et s\u00e9curitaire dans l\u2019est de la R\u00e9publique d\u00e9mocratique du Congo\u2019\u2019.<\/p>\n\n\n\n<p>Par cons\u00e9quent, ils condamnent \u2018\u2019tous les massacres des populations et les bombardements des camps de d\u00e9plac\u00e9s commis sur le territoire de la RDC, amplifiant les d\u00e9placements massifs des populations compt\u00e9es en millions\u2019\u2019.<\/p>\n\n\n\n<p>Dans la m\u00eame veine, ils appellent \u2018\u2019toutes les parties prenantes \u00e0 respecter le droit international humanitaire\u2019\u2019. Ces autorit\u00e9s de l\u2019espace francophone ont aussi condamn\u00e9 \u2018\u2019tous les groupes arm\u00e9s op\u00e9rant en RDC et tout soutien ext\u00e9rieur apport\u00e9 \u00e0 ces groupes, notamment tout appui militaire ext\u00e9rieur, toute intervention militaire \u00e9trang\u00e8re non autoris\u00e9e\u2019\u2019.<\/p>\n\n\n\n<p>Dans ce cadre, ils ont demand\u00e9 \u2018\u2019le retrait imm\u00e9diat des forces militaires non autoris\u00e9es par le gouvernement de la RDC sur son territoire, non valid\u00e9 par le Rwanda\u2019\u2019 et encourageant \u2018\u2019les efforts engag\u00e9s en faveur d\u2019une paix durable dans la sous-r\u00e9gion \u00e0 travers les n\u00e9gociations conduites dans le cadre des processus de Luanda et de Nairobi, m\u00e9diation choisie par l\u2019Union africaine\u2019\u2019.<\/p>\n\n\n\n<p>La France et ses invit\u00e9s disent tenir \u2018\u2019au respect de la souverainet\u00e9 de l\u2019int\u00e9grit\u00e9 territoriale et de l\u2019intangibilit\u00e9 des fronti\u00e8res de la R\u00e9publique d\u00e9mocratique du Congo\u2019\u2019 et exprime leur \u2018\u2019solidarit\u00e9 au peuple congolais durement \u00e9prouv\u00e9 et (condamnent) le recours syst\u00e9matique par des r\u00e9seaux criminels et des groupes arm\u00e9s au viol, comme arme de guerre, dont les femmes et les enfants sont les premi\u00e8res victimes, le recrutement et l\u2019emploi d\u2019enfants-soldats, la destruction des aires prot\u00e9g\u00e9es dans le bassin du Congo, patrimoine mondial de l\u2019Unesco, ainsi que l\u2019exploitation et l\u2019exportation ill\u00e9gales des ressources naturelles vers les pays voisins et autres destinations ; r\u00e9serve du Rwanda\u2019\u2019.<\/p>\n\n\n\n<p>SOURCE ENQUETEPLUS<\/p>\n","protected":false},"excerpt":{"rendered":"<p>Le pr\u00e9sident de la R\u00e9publique d\u00e9mocratique du Congo, F\u00e9lix Tshisekedi, a d\u00e9lib\u00e9r\u00e9ment choisi de ne pas participer \u00e0 des \u00e9v\u00e9nements<\/p>\n","protected":false},"author":1,"featured_media":43752,"comment_status":"open","ping_status":"open","sticky":false,"template":"","format":"standard","meta":{"footnotes":""},"categories":[51],"tags":[],"class_list":["post-43751","post","type-post","status-publish","format-standard","has-post-thumbnail","hentry","category-general"],"_links":{"self":[{"href":"https:\/\/dekkbi.com\/index.php?rest_route=\/wp\/v2\/posts\/43751","targetHints":{"allow":["GET"]}}],"collection":[{"href":"https:\/\/dekkbi.com\/index.php?rest_route=\/wp\/v2\/posts"}],"about":[{"href":"https:\/\/dekkbi.com\/index.php?rest_route=\/wp\/v2\/types\/post"}],"author":[{"embeddable":true,"href":"https:\/\/dekkbi.com\/index.php?rest_route=\/wp\/v2\/users\/1"}],"replies":[{"embeddable":true,"href":"https:\/\/dekkbi.com\/index.php?rest_route=%2Fwp%2Fv2%2Fcomments&post=43751"}],"version-history":[{"count":2,"href":"https:\/\/dekkbi.com\/index.php?rest_route=\/wp\/v2\/posts\/43751\/revisions"}],"predecessor-version":[{"id":43773,"href":"https:\/\/dekkbi.com\/index.php?rest_route=\/wp\/v2\/posts\/43751\/revisions\/43773"}],"wp:featuredmedia":[{"embeddable":true,"href":"https:\/\/dekkbi.com\/index.php?rest_route=\/wp\/v2\/media\/43752"}],"wp:attachment":[{"href":"https:\/\/dekkbi.com\/index.php?rest_route=%2Fwp%2Fv2%2Fmedia&parent=43751"}],"wp:term":[{"taxonomy":"category","embeddable":true,"href":"https:\/\/dekkbi.com\/index.php?rest_route=%2Fwp%2Fv2%2Fcategories&post=43751"},{"taxonomy":"post_tag","embeddable":true,"href":"https:\/\/dekkbi.com\/index.php?rest_route=%2Fwp%2Fv2%2Ftags&post=43751"}],"curies":[{"name":"wp","href":"https:\/\/api.w.org\/{rel}","templated":true}]}}