{"id":4373,"date":"2022-12-06T09:58:20","date_gmt":"2022-12-06T09:58:20","guid":{"rendered":"https:\/\/dekkbi.com\/?p=4373"},"modified":"2022-12-06T09:58:22","modified_gmt":"2022-12-06T09:58:22","slug":"antony-blinken-on-ne-veut-pas-de-guerre-avec-la-russie-surtout-pas-de-3e-guerre-mondiale","status":"publish","type":"post","link":"https:\/\/dekkbi.com\/?p=4373","title":{"rendered":"Antony Blinken : \u00ab On ne veut pas de guerre avec la Russie. Surtout pas de 3e guerre mondiale \u00bb"},"content":{"rendered":"\n<p><a href=\"javascript:updateFontSize(1)\"><\/a>iGFM &#8211; (Dakar) Le Secr\u00e9taire d\u2019Etat am\u00e9ricain Antony Blinken a livr\u00e9 la position des USA sur la guerre en Ukraine, dans le sillage de la visite \u00e0 Washington du pr\u00e9sident fran\u00e7ais Emmanuel Macron. Il a accord\u00e9 une interview \u00e0 France 2. Voici l\u2019int\u00e9gralit\u00e9 de cet entretien.<\/p>\n\n\n\n<p>QUESTION : Bonjour, Antony Blinken.<\/p>\n\n\n\n<p>LE SECR\u00c9TAIRE BLINKEN : Bonjour.<\/p>\n\n\n\n<p>QUESTION : Monsieur le secr\u00e9taire d\u2019\u00c9tat merci d\u2019accorder un peu de votre temps que je sais tr\u00e8s pr\u00e9cieux pour T\u00e9l\u00e9matin et pour les spectateurs de France 2. Merci aussi de faire cette interview en fran\u00e7ais, qui est une langue que vous maitrisez parfaitement. Vous avez v\u00e9cu de nombreuses ann\u00e9es d\u2019ailleurs \u00e0 Paris.<\/p>\n\n\n\n<p>Emmanuel Macron est en visite d\u2019\u00c9tat ici aux \u00c9tats-Unis, une visite d\u2019\u00c9tat chaleureuse. Pourtant, si on regarde dans le r\u00e9troviseur ces vingt derni\u00e8res ann\u00e9es, les relations entre nos deux pays n\u2019ont pas toujours \u00e9t\u00e9 tr\u00e8s simples. Il y a eu des d\u00e9saccords sur l\u2019Iraq, il y a eu des d\u00e9saccords sur la Syrie, sur l\u2019urgence climatique du temps de Donald Trump, sur les contrats de sous-marins australiens que vous avez un peu chip\u00e9s l\u2019an dernier, il faut bien le dire. Comment, aujourd\u2019hui, Monsieur le secr\u00e9taire d\u2019\u00c9tat vous qualifierez les relations entre nos deux pays ?<\/p>\n\n\n\n<p>LE SECR\u00c9TAIRE BLINKEN : Tr\u00e8s franchement, excellentes. Et c\u2019est surtout parce qu\u2019on ne regarde pas dans le r\u00e9troviseur. On regarde droit en avant, et nous constatons tous les deux que nous avons un int\u00e9r\u00eat profond \u00e0 faire ce qu\u2019on a fait depuis des ann\u00e9es, c\u2019est-\u00e0-dire travailler ensemble sur les dossiers qui ont un impact sur la vie de nos citoyens.<\/p>\n\n\n\n<p>Ni la France ni les \u00c9tats-Unis n\u2019ont la capacit\u00e9, seuls, d\u2019agir avec efficacit\u00e9 sur ces dossiers, que ce soit le climat, que ce soit la sant\u00e9 mondiale, que ce soient toutes les nouvelles technologies, les investissements n\u00e9cessaires dans l\u2019infrastructure\u2026 \u00c0 tous ces niveaux, nous avons tous les deux la n\u00e9cessit\u00e9 de faire un travail en commun.<\/p>\n\n\n\n<p>QUESTION : Il y a quand m\u00eame un petit sujet qui f\u00e2che sur l\u2019\u00e9conomie en ce moment. On dit que vous \u00eates tr\u00e8s protectionnistes, et Emmanuel Macron a dit : c\u2019est un choix qui risque de fragmenter l\u2019Occident. Il y a un moyen de n\u00e9gocier l\u00e0-dessus ou pas ? Sur cet acte sur l\u2019inflation.<\/p>\n\n\n\n<p>LE SECR\u00c9TAIRE BLINKEN : Il y a eu une tr\u00e8s bonne conversation entre les deux pr\u00e9sidents aujourd\u2019hui sur ce dossier. Nous avons les m\u00eames buts. Nous voulons tous les deux faire face au d\u00e9fi du climat. Pour cela, entre autres, il faut, investir dans les nouvelles technologies et dans l\u2019\u00e9nergie qui est favorable \u00e0 g\u00e9rer ce d\u00e9fi. Nous voulons le faire de fa\u00e7on \u00e0 ce que \u00e7a cr\u00e9e des emplois, mais pas seulement des emplois\u2026<\/p>\n\n\n\n<p>QUESTION : Oui mais vous, vous avez envie de cr\u00e9er des emplois aux \u00c9tats-Unis et attirer tout le monde aux \u00c9tats-Unis<\/p>\n\n\n\n<p>LE SECR\u00c9TAIRE BLINKEN : Justement, nous sommes d\u2019accord sur l\u2019id\u00e9e qu\u2019il faut le faire en faisant en sorte que oui, des emplois ici, mais aussi des emplois en Europe, des emplois ici, mais pas aux d\u00e9pens de ce qui se passe en Europe. Et justement les deux pr\u00e9sidents se sont mis d\u2019accord pour qu\u2019on fasse un travail avec l\u2019Union europ\u00e9enne pour bien synchroniser nos approches.<\/p>\n\n\n\n<p>QUESTION : Nos deux pays, la France et les \u00c9tats-Unis, sont tr\u00e8s impliqu\u00e9s dans la guerre en Ukraine face \u00e0 l\u2019agression russe. Vous avez encore annonc\u00e9 cette semaine une aide am\u00e9ricaine de 400 millions de dollars aux Ukrainiens. \u00c7a fait plus de neuf mois maintenant que cette guerre a commenc\u00e9. Est-ce que vous en voyez une issue, Antony Blinken ?<\/p>\n\n\n\n<p>LE SECR\u00c9TAIRE BLINKEN : Je voudrais bien, mais \u00e7a d\u00e9pend enti\u00e8rement des d\u00e9cisions prises par Moscou, par le pr\u00e9sident Poutine. Cette guerre pourrait s\u2019arr\u00eater demain si Poutine arr\u00eate. Dans un sens, c\u2019est tr\u00e8s simple : qu\u2019il arr\u00eate ce qu\u2019il a commenc\u00e9. Mais, faute \u00e0 \u00e7a, ce qu\u2019il faut, les deux pr\u00e9sidents sont enti\u00e8rement d\u2019accord, c\u2019est de continuer notre soutien pour l\u2019Ukraine, pour le peuple ukrainien, \u00e0 la fois au niveau de la s\u00e9curit\u00e9 \u00e9conomique et humanitaire.<\/p>\n\n\n\n<p>Mais \u00e9videmment, en ce moment, qu\u2019est-ce que fait Poutine ? M\u00eame en d\u00e9clarant parfois qu\u2019il est pr\u00eat \u00e0 la diplomatie, il attaque l\u2019infrastructure civile en Ukraine.<\/p>\n\n\n\n<p>QUESTION : Il joue la carte du froid.<\/p>\n\n\n\n<p>LE SECR\u00c9TAIRE BLINKEN : Il joue la carte du froid. Il utilise l\u2019hiver comme armement.<\/p>\n\n\n\n<p>QUESTION : Pour autant, Antony Blinken, est-ce que vous consid\u00e9rez qu\u2019il est temps que Vladimir Poutine et Volodymyr Zelensky se parlent ? Est-ce que ce temps-l\u00e0 est venu ? Est-ce que le temps du dialogue et de la conversation directe est venu selon vous ?<\/p>\n\n\n\n<p>LE SECR\u00c9TAIRE BLINKEN : Si on voyait de la part de Poutine un s\u00e9rieux pour la diplomatie, pour le dialogue, oui. Le probl\u00e8me, il fait tout le contraire. Il insiste maintenant pour pousser les choses.<\/p>\n\n\n\n<p>QUESTION : Donc le dialogue est impossible aujourd\u2019hui ?<\/p>\n\n\n\n<p>LE SECR\u00c9TAIRE BLINKEN : S\u2019il y a un s\u00e9rieux du c\u00f4t\u00e9 russe, le dialogue est toujours possible. On est toujours ouvert \u00e0 \u00e7a. Zelensky, le pr\u00e9sident Zelensky, a dit clairement que, en fin de partie, il va falloir une n\u00e9gociation, une diplomatie. Nous pensons exactement la m\u00eame chose. D\u2019ailleurs, le pr\u00e9sident Zelensky a avanc\u00e9 un plan pour justement mener \u00e0 une fin de guerre. Pour l\u2019instant, Poutine n\u2019est pas de la partie. \u00c7a d\u00e9pend de lui.<\/p>\n\n\n\n<p>QUESTION : Vous avez encore des contacts ? Vous avez des contacts, vous, avec la Russie et avec les Russes, qui ne sont pas forc\u00e9ment officiels ? Mais \u00e7a se parle encore ?<\/p>\n\n\n\n<p>LE SECR\u00c9TAIRE BLINKEN : Oui, nous avons des contacts, nous avons des contacts, surtout s\u2019il y a des moments importants o\u00f9 il faut qu\u2019on se parle. Par exemple, on a eu un contact avec la Russie parce qu\u2019une crainte qu\u2019ils utilisent \u00e9ventuellement une arme nucl\u00e9aire, ce qui serait catastrophique pour\u2026<\/p>\n\n\n\n<p>QUESTION : C\u2019est une vraie crainte pour vous aujourd\u2019hui, \u00e7a ?<\/p>\n\n\n\n<p>LE SECR\u00c9TAIRE BLINKEN : C\u2019est une crainte. Je ne dirais pas\u2026 On n\u2019a pas vu un mouvement sp\u00e9cifique l\u00e0-dessus, mais c\u2019est quand m\u00eame une crainte dans une urgence pour eux, justement.<\/p>\n\n\n\n<p>QUESTION : Vous ne l\u2019excluez pas, en tout cas ?<\/p>\n\n\n\n<p>LE SECR\u00c9TAIRE BLINKEN : On ne l\u2019exclut pas, mais surtout, c\u2019est non seulement nous, vous avez m\u00eame Xi Jinping, le pr\u00e9sident chinois, qui a fait des d\u00e9clarations l\u00e0-dessus. D\u2019autres leaders qui ont fait, qui ont dit tr\u00e8s clairement \u00e0 Poutine : n\u2019allez pas l\u00e0.<\/p>\n\n\n\n<p>QUESTION : Vous redoutez que tout cela d\u00e9bouche sur un troisi\u00e8me conflit mondial ou on joue \u00e0 faire peur ?<\/p>\n\n\n\n<p>LE SECR\u00c9TAIRE BLINKEN : Non, pour le pr\u00e9sident Biden, c\u2019est essentiel qu\u2019on \u00e9vite d\u2019\u00e9largir le conflit. Au contraire, on veut le conclure, mais surtout ne pas l\u2019\u00e9largir. On ne veut pas de guerre avec la Russie. On ne veut surtout pas de troisi\u00e8me guerre mondiale. Ce n\u2019est pas du tout ce que nous recherchons. Par contre, ce qu\u2019il faut c\u2019est, pour qu\u2019il y ait une paix, il faut que ce soit non seulement sur le papier, la paix, mais il faut que \u00e7a soit juste, et donc avec les principes de charte de l\u2019ONU, et il faut que \u00e7a soit durable parce que, dans un sens, pas la peine de faire une fausse paix qui sera rejet\u00e9e tr\u00e8s rapidement, et la Russie repart en guerre. Ce qu\u2019il faut \u00e9viter, par exemple, c\u2019est l\u2019id\u00e9e qu\u2019on g\u00e8le les choses en place. La Russie dans ce contexte ne va jamais n\u00e9gocier les territoires qui sont pris par la force.<\/p>\n\n\n\n<p>QUESTION : C\u2019est quoi, la port\u00e9e ? On doit revenir aux fronti\u00e8res de l\u2019Ukraine d\u2019avant le 24 f\u00e9vrier ou m\u00eame la Crim\u00e9e ?<\/p>\n\n\n\n<p>LE SECR\u00c9TAIRE BLINKEN : C\u2019est la d\u00e9cision de l\u2019Ukraine.<\/p>\n\n\n\n<p>QUESTION : D\u2019accord.<\/p>\n\n\n\n<p>LE SECR\u00c9TAIRE BLINKEN : Nous ne faisons pas de d\u00e9cisions pour l\u2019Ukraine. Nous allons soutenir les d\u00e9cisions de l\u2019Ukraine.<\/p>\n\n\n\n<p>QUESTION : Imaginons, Antony Blinken, que cette guerre s\u2019arr\u00eate enfin demain. Est-ce que Vladimir Poutine redeviendrait m\u00e9caniquement, automatiquement un interlocuteur pour les \u00c9tats-Unis ?<\/p>\n\n\n\n<p>LE SECR\u00c9TAIRE BLINKEN : Euh, vraiment, je ne peux pas partir sur des hypoth\u00e8ses. Ce qu\u2019il a fait est tr\u00e8s difficile \u00e0 dig\u00e9rer pour tout le monde. Le plus important maintenant, c\u2019est de mettre fin \u00e0 cette guerre, mais de fa\u00e7on juste et durable. Apr\u00e8s, nous verrons.<\/p>\n\n\n\n<p>QUESTION : Est-ce que vous craignez que l\u2019apr\u00e8s-Poutine soit encore pire que Poutine ? Je pense notamment \u00e0 Evgueni Prigojine, le redoutable fondateur de la milice Wagner. Est-ce que \u00e7a vous inqui\u00e8te ?<\/p>\n\n\n\n<p>LE SECR\u00c9TAIRE BLINKEN : Vous savez que\u2026 pour nous\u2026 Ce qui est important, ce n\u2019est pas les personnalit\u00e9s, c\u2019est la politique que suivra la Russie. Donc, avoir, vous savez\u2026 Et le pr\u00e9sident Biden l\u2019a dit tout \u00e0 l\u2019heure, le pr\u00e9sident Poutine a tr\u00e8s mal calcul\u00e9 en ce qui concerne l\u2019Ukraine. Tout ce qu\u2019il a essay\u00e9 d\u2019\u00e9viter, il l\u2019a pr\u00e9cipit\u00e9. L\u2019Ouest, nous ne sommes pas divis\u00e9s. Au contraire, nous sommes solidaires et unifi\u00e9s. L\u2019Ukraine est plus solidaire que jamais. Ce que nous voyons en Russie est catastrophique pour la Russie. Il y a plus d\u2019un million de Russes qui sont partis. Ce qui est peut-\u00eatre bon pour Poutine parce que c\u2019est justement les gens qui seraient peut-\u00eatre oppos\u00e9s \u00e0 lui, mais c\u2019est catastrophique pour la Russie et pour son avenir.<\/p>\n\n\n\n<p>QUESTION : \u00c7a remue aussi en Chine avec des manifestations en r\u00e9action \u00e0 la politique autoritaire de Xi Jinping sous couvert de lutte contre le Covid. Est-ce que \u00e7a vous r\u00e9jouit au nom des valeurs de la d\u00e9mocratie ou est-ce que \u00e7a vous inqui\u00e8te ce qui se passe en Chine ?<\/p>\n\n\n\n<p>LE SECR\u00c9TAIRE BLINKEN : Vous savez, le fait que les gens manifestent, qu\u2019ils essaient d\u2019exprimer leurs frustrations, \u00e9videmment, nous soutenons \u00e7a, que ce soit en Chine, que ce soit en Iran, que ce soit o\u00f9 vous voulez.<\/p>\n\n\n\n<p>QUESTION : Vous soutenez les manifestants.<\/p>\n\n\n\n<p>LE SECR\u00c9TAIRE BLINKEN : Nous soutenons leur libert\u00e9 de s\u2019exprimer et de montrer leurs frustrations. En m\u00eame temps, qu\u2019il y ait une crise, un probl\u00e8me avec le Covid en Chine, on ne se r\u00e9jouit pas du tout. Au contraire, pour nous, ce serait une tr\u00e8s bonne chose que la Chine trouve le moyen de g\u00e9rer ce probl\u00e8me, \u00e0 la fois pour le peuple chinois, mais aussi pour tout le monde.<\/p>\n\n\n\n<p>QUESTION : Mais est-ce que vous pensez que ces mouvements d\u2019humeur, ces manifestations auxquelles on n\u2019est pas habitu\u00e9s, encore une fois, en Chine, peuvent faire vaciller le r\u00e9gime ?<\/p>\n\n\n\n<p>LE SECR\u00c9TAIRE BLINKEN : Je ne peux pas faire de pronostic. Est-ce que\u2026 Pour nous, ce que nous souhaitons, c\u2019est quels sont les d\u00e9sirs du peuple chinois et est-ce qu\u2019ils ont la capacit\u00e9 d\u2019exprimer leurs d\u00e9sirs ? Est-ce que le syst\u00e8me politique a la capacit\u00e9 de r\u00e9agir pour faire suite aux d\u00e9sirs du peuple chinois ?<\/p>\n\n\n\n<p>QUESTION : Vous pourriez soutenir les d\u00e9sirs du peuple chinois ?<\/p>\n\n\n\n<p>LE SECR\u00c9TAIRE BLINKEN : \u00c9videmment. Mais ce qu\u2019il faut voir, c\u2019est quel est le chemin que prendra la Chine face au Covid, et nous voulons que la Chine ait un succ\u00e8s parce que c\u2019est mauvais non seulement pour le peuple chinois, mais c\u2019est mauvais pour tout le monde. L\u2019\u00e9conomie mondiale\u2026 Il y a des cons\u00e9quences pour l\u2019\u00e9conomie mondiale quand la Chine se referme.<\/p>\n\n\n\n<p>QUESTION : Vous avez un voyage pr\u00e9vu l\u00e0-bas au mois de janvier, dans un mois. Il est maintenu, ce voyage ?<\/p>\n\n\n\n<p>LE SECR\u00c9TAIRE BLINKEN : Oui, nous allons en Chine en d\u00e9but d\u2019ann\u00e9e. Que ce soit en janvier ou en f\u00e9vrier, on n\u2019est pas encore s\u00fbrs, mais c\u2019est suite \u00e0 la conversation qu\u2019a eue le pr\u00e9sident Biden avec le pr\u00e9sident Xi Jinping au G20, il y a quelques semaines.<\/p>\n\n\n\n<p>QUESTION : Et puis, il y a l\u2019Iran qui se r\u00e9volte aussi depuis quelques semaines, depuis la mort en septembre de Mahsa Amini, cette jeune femme arr\u00eat\u00e9e par la police des m\u0153urs, qui a finalement \u00e9t\u00e9 tu\u00e9e. Les hommes commencent \u00e0 se joindre \u00e0 des mouvements de protestation l\u00e0-bas. Et puis, il y a eu cette image que vous avez forc\u00e9ment vue, de l\u2019\u00e9quipe de foot d\u2019Iran qui a refus\u00e9 de chanter l\u2019hymne iranien lors du premier match, en soutien aux manifestants. Qu\u2019est-ce qu\u2019elle vous inspire cette image, Antony Blinken ?<\/p>\n\n\n\n<p>LE SECR\u00c9TAIRE BLINKEN : Je suis inspir\u00e9 surtout par le fait que nous voyons effectivement depuis la mort de Mahsa Amini cette extraordinaire manifestation justement de la volont\u00e9 du peuple iranien de s\u2019exprimer, men\u00e9e par les femmes, men\u00e9e par les jeunes. Cela aussi, c\u2019est quelque chose que nous soutenons.<\/p>\n\n\n\n<p>Mais il faut \u00eatre tr\u00e8s clair l\u00e0-dessus. Le sujet, ce n\u2019est pas nous, les \u00c9tats-Unis. Ce n\u2019est pas l\u2019Ouest. Ce n\u2019est pas la France, le sujet. C\u2019est le peuple iranien et c\u2019est leur d\u00e9sir \u00e0 eux aussi de pouvoir s\u2019exprimer librement et l\u00e0, c\u2019est quelque chose que nous soutenons. Par ailleurs, nous essayons de\u2026<\/p>\n\n\n\n<p>QUESTION : Est-ce que vous diriez, pardon, que l\u2019Iran, le r\u00e9gime iranien, est une menace pour le monde et pour l\u2019\u00e9quilibre du monde aujourd\u2019hui ?<\/p>\n\n\n\n<p>LE SECR\u00c9TAIRE BLINKEN : Ce que nous voyons, \u00e0 la fois dans la r\u00e9gion m\u00eame et puis m\u00eame au-del\u00e0, parce que nous voyons par exemple [inaudible] d\u2019armements \u00e0 la Russie pour l\u2019agression en Ukraine\u2026<\/p>\n\n\n\n<p>QUESTION : L\u2019Iran soutient la Russie.<\/p>\n\n\n\n<p>LE SECR\u00c9TAIRE BLINKEN : L\u2019Iran non seulement soutient, mais soutient avec des drones qui sont en train maintenant, actuellement, de tuer des civils ukrainiens et d\u2019essayer de d\u00e9truire leur infrastructure. Donc, c\u2019est une menace dans ce sens. C\u2019est une menace dans la r\u00e9gion, soutenant des groupes terroristes, soutenant des groupes qui d\u00e9stabilisent des pays. Donc, je crois que l\u00e0 aussi, la France et les \u00c9tats-Unis sont tout \u00e0 fait d\u2019accord sur la n\u00e9cessit\u00e9 de faire face \u00e0 ce d\u00e9fi, mais \u00e9videmment\u2026<\/p>\n\n\n\n<p>QUESTION : Il pourrait y avoir une r\u00e9ponse commune un jour ?<\/p>\n\n\n\n<p>LE SECR\u00c9TAIRE BLINKEN : Il y a des d\u00e9j\u00e0 des r\u00e9ponses communes. Nous avons travaill\u00e9 ensemble, nous le faisons toujours, sur le dossier nucl\u00e9aire. Nous sommes en accord total.<\/p>\n\n\n\n<p>QUESTION : Une r\u00e9ponse militaire ?<\/p>\n\n\n\n<p>LE SECR\u00c9TAIRE BLINKEN : Et nous travaillons aussi sur comment faire face justement au d\u00e9fi de s\u00e9curit\u00e9 que pose l\u2019Iran.<\/p>\n\n\n\n<p>QUESTION : Tous ces gens, ces populations, les Iraniens, les Chinois, on pourrait rajouter ceux qui se battent pour la d\u00e9fense des droits de l\u2019homme au Qatar, ils ont besoin des r\u00e9seaux sociaux pour s\u2019exprimer. Est-ce que le Twitter d\u2019Elon Musk vous convient ?<\/p>\n\n\n\n<p>LE SECR\u00c9TAIRE BLINKEN : Il faut voir ce qui se passe dans les faits. Encore une fois, ce n\u2019est pas une question de personnalit\u00e9s, mais de\u2026<\/p>\n\n\n\n<p>QUESTION : On commence \u00e0 le voir ce qui se passe dans les faits\u2026<\/p>\n\n\n\n<p>LE SECR\u00c9TAIRE BLINKEN : On verra dans les semaines et les mois \u00e0 venir. C\u2019est une plateforme \u00e9videmment tr\u00e8s importante \u00e0 travers le monde. Nous esp\u00e9rons \u00e9videmment que cette plateforme soit un espace l\u00e0 aussi o\u00f9 les gens peuvent s\u2019exprimer mais pas avec la fausse information, la d\u00e9sinformation.<\/p>\n\n\n\n<p>QUESTION : Il devra appliquer les r\u00e8gles europ\u00e9ennes sur la mod\u00e9ration des contenus, sinon Twitter pourrait m\u00eame \u00eatre interdit en Europe. C\u2019est ce qu\u2019a dit la Commission europ\u00e9enne aujourd\u2019hui. Vous \u00eates sur cette m\u00eame ligne ?<\/p>\n\n\n\n<p>LE SECR\u00c9TAIRE BLINKEN : Pour nous, c\u2019est important de faire le maximum pour maintenir le libre-\u00e9change d\u2019expression et d\u2019information. C\u2019est le premier amendement, donc nous prenons \u00e7a tr\u00e8s au s\u00e9rieux, mais il faut faire face \u00e9galement \u00e0 ce probl\u00e8me que nous avons tous les deux : comment g\u00e9rer les espaces o\u00f9 la fausse information gagne la partie.<\/p>\n\n\n\n<p>QUESTION : Vous avez deux comptes Twitter, un, votre compte de secr\u00e9taire d\u2019\u00c9tat et votre compte personnel.<\/p>\n\n\n\n<p>LE SECR\u00c9TAIRE BLINKEN : Oui.<\/p>\n\n\n\n<p>QUESTION : Vous allez payer les 8 euros d\u2019abonnement ou pas ?<\/p>\n\n\n\n<p>LE SECR\u00c9TAIRE BLINKEN : (Rit) Je vais demander \u00e0 mon \u00e9quipe s\u2019ils ont pay\u00e9 pour\u2026 euh\u2026 avec le d\u00e9partement d\u2019\u00c9tat. A voir. On va voir comment \u00e7a se\u2026<\/p>\n\n\n\n<p>QUESTION : C\u2019est pas sur encore ? C\u2019est pas encore acquis.<\/p>\n\n\n\n<p>QUESTION : On va rester aux \u00c9tats-Unis. Comment va vraiment votre pr\u00e9sident Joe Biden ? Parce que certains s\u2019inqui\u00e8tent de le voir fatigu\u00e9, parfois un peu absent, un peu d\u00e9connect\u00e9. Il y a un sujet d\u2019inqui\u00e9tude, l\u00e0, ou pas ?<\/p>\n\n\n\n<p>LE SECR\u00c9TAIRE BLINKEN : (Rit) Moi, j\u2019ai beaucoup de mal \u00e0 le suivre parce qu\u2019il est toujours dix pas devant moi, \u00e0 la fois carr\u00e9ment au niveau physique, mais aussi au niveau des id\u00e9es. C\u2019est quelqu\u2019un qui a non seulement\u2026 euh\u2026 comment dire\u2026 \u00e9norm\u00e9ment d\u2019\u00e9nergie physique, mais aussi \u00e9norm\u00e9ment d\u2019\u00e9nergie intellectuelle.<\/p>\n\n\n\n<p>QUESTION : Donc, vous n\u2019\u00eates pas inquiet.<\/p>\n\n\n\n<p>LE SECR\u00c9TAIRE BLINKEN : Du tout, au contraire. Ma seule inqui\u00e9tude, c\u2019est pouvoir moi-m\u00eame le suivre.<\/p>\n\n\n\n<p>QUESTION : Alors, justement. Vous, parlons de vous. Vous avez 60 ans. Vous \u00eates jeune.<\/p>\n\n\n\n<p>LE SECR\u00c9TAIRE BLINKEN : Oui.<\/p>\n\n\n\n<p>QUESTION : \u00c7a fait plus de vingt ans que vous occupez tous les postes les plus strat\u00e9giques aux \u00c9tats-Unis. Est-ce qu\u2019en vous rasant le matin, vous avez la r\u00e9f\u00e9rence j\u2019imagine, en vous rasant le matin, il vous arrive de penser \u00e0 la pr\u00e9sidence des \u00c9tats-Unis ?<\/p>\n\n\n\n<p>LE SECR\u00c9TAIRE BLINKEN : (Rit) Ah, du tout !<\/p>\n\n\n\n<p>QUESTION : Jamais ?<\/p>\n\n\n\n<p>LE SECR\u00c9TAIRE BLINKEN : Non. Vous savez, j\u2019ai une chance inou\u00efe de pouvoir faire ce travail.<\/p>\n\n\n\n<p>QUESTION : Oui.<\/p>\n\n\n\n<p>LE SECR\u00c9TAIRE BLINKEN : J\u2019ai pass\u00e9 presque 30 ans justement dans la politique \u00e9trang\u00e8re. Donc, pouvoir avoir l\u2019opportunit\u00e9 pour quelques ann\u00e9es de faire ce travail, et surtout ici au d\u00e9partement d\u2019\u00c9tat o\u00f9 j\u2019ai commenc\u00e9, il y a presque 30 ans, pour moi, c\u2019est vraiment tout ce que j\u2019aurais pu vouloir.<\/p>\n\n\n\n<p>QUESTION : On arrive \u00e0 la fin de cet entretien, Antony Blinken. Vu d\u2019Europe, on a parfois l\u2019impression qu\u2019on est \u00e0 la fin d\u2019un monde, avec les guerres dont on a parl\u00e9, l\u2019alerte environnementale qui semble de plus en plus irr\u00e9versible, avec le recul des droits fondamentaux qui vous concerne aussi, vous, avec le recul du droit \u00e0 l\u2019IVG. Comment r\u00e9ussissez-vous \u00e0 rester optimiste ? Comment r\u00e9ussissez-vous \u00e0 garder la foi ?<\/p>\n\n\n\n<p>LE SECR\u00c9TAIRE BLINKEN : C\u2019est vrai que c\u2019est une p\u00e9riode, un point d\u2019inflexion, o\u00f9 le monde que nous avons connu, le monde de l\u2019apr\u00e8s-guerre froide, c\u2019est fini. Et il y a une comp\u00e9tition pour d\u00e9finir qui va suivre et qu\u2019est-ce qui va suivre.<\/p>\n\n\n\n<p>QUESTION : Vous \u00eates inquiet pour vos enfants ?<\/p>\n\n\n\n<p>LE SECR\u00c9TAIRE BLINKEN : Ce qui me donne l\u2019espoir, je vais vous le dire, c\u2019est justement ce qui s\u2019est pass\u00e9 aujourd\u2019hui avec la France, avec nos alli\u00e9s, parce que le d\u00e9fi pour le pr\u00e9sident Biden, c\u2019\u00e9tait de renouer nos alliances, de donner de l\u2019\u00e9nergie \u00e0 nos partenariats justement parce qu\u2019on est convaincus que sur tous ces dossiers importants, on a besoin d\u2019un travail en commun, on a besoin de trouver une coop\u00e9ration et puis on a besoin de d\u00e9montrer que les d\u00e9mocraties peuvent donner des r\u00e9sultats. Justement, c\u2019est ce que nous faisons avec la France.<\/p>\n\n\n\n<p>QUESTION : Ma toute derni\u00e8re question, on revient au football, \u00e0 la Coupe du monde.<\/p>\n\n\n\n<p>LE SECR\u00c9TAIRE BLINKEN : (Rit)<\/p>\n\n\n\n<p>QUESTION : Vous avez une double culture, am\u00e9ricaine et aussi fran\u00e7aise. En vrai, vous soutenez qui ? Les \u00c9tats-Unis ou les Bleus ?<\/p>\n\n\n\n<p>LE SECR\u00c9TAIRE BLINKEN : Je soutiens l\u2019\u00e9quipe des \u00c9tats-Unis mais\u2026<\/p>\n\n\n\n<p>QUESTION : Ah !<\/p>\n\n\n\n<p>LE SECR\u00c9TAIRE BLINKEN : Si l\u2019\u00e9quipe des \u00c9tats-Unis n\u2019arrive pas \u00e0 son but, et si la France y est toujours, Allez les Bleus !<\/p>\n\n\n\n<p>QUESTION : Ah, tr\u00e8s bien ! Merci beaucoup, Antony Blinken, en tout cas, de nous avoir accord\u00e9 un petit peu de votre temps pour les 4V. Merci.<\/p>\n\n\n\n<p>LE SECR\u00c9TAIRE BLINKEN : Merci \u00e0 vous.<\/p>\n\n\n\n<p>Source:&nbsp;<a href=\"https:\/\/www.state.gov\/translations\/french\/le-secretaire-antony-j-blinken-avec-thomas-sotto-de-france-2\/?utm_medium=email&amp;utm_source=govdelivery\">https:\/\/www.state.gov\/translations\/french\/le-secretaire-antony-j-blinken-avec-thomas-sotto-de-france-2\/?utm_medium=email&amp;utm_source=govdelivery<\/a><\/p>\n","protected":false},"excerpt":{"rendered":"<p>iGFM &#8211; (Dakar) Le Secr\u00e9taire d\u2019Etat am\u00e9ricain Antony Blinken a livr\u00e9 la position des USA sur la guerre en Ukraine,<\/p>\n","protected":false},"author":1,"featured_media":4324,"comment_status":"open","ping_status":"open","sticky":false,"template":"","format":"standard","meta":{"footnotes":""},"categories":[6],"tags":[],"class_list":["post-4373","post","type-post","status-publish","format-standard","has-post-thumbnail","hentry","category-politics"],"_links":{"self":[{"href":"https:\/\/dekkbi.com\/index.php?rest_route=\/wp\/v2\/posts\/4373","targetHints":{"allow":["GET"]}}],"collection":[{"href":"https:\/\/dekkbi.com\/index.php?rest_route=\/wp\/v2\/posts"}],"about":[{"href":"https:\/\/dekkbi.com\/index.php?rest_route=\/wp\/v2\/types\/post"}],"author":[{"embeddable":true,"href":"https:\/\/dekkbi.com\/index.php?rest_route=\/wp\/v2\/users\/1"}],"replies":[{"embeddable":true,"href":"https:\/\/dekkbi.com\/index.php?rest_route=%2Fwp%2Fv2%2Fcomments&post=4373"}],"version-history":[{"count":1,"href":"https:\/\/dekkbi.com\/index.php?rest_route=\/wp\/v2\/posts\/4373\/revisions"}],"predecessor-version":[{"id":4374,"href":"https:\/\/dekkbi.com\/index.php?rest_route=\/wp\/v2\/posts\/4373\/revisions\/4374"}],"wp:featuredmedia":[{"embeddable":true,"href":"https:\/\/dekkbi.com\/index.php?rest_route=\/wp\/v2\/media\/4324"}],"wp:attachment":[{"href":"https:\/\/dekkbi.com\/index.php?rest_route=%2Fwp%2Fv2%2Fmedia&parent=4373"}],"wp:term":[{"taxonomy":"category","embeddable":true,"href":"https:\/\/dekkbi.com\/index.php?rest_route=%2Fwp%2Fv2%2Fcategories&post=4373"},{"taxonomy":"post_tag","embeddable":true,"href":"https:\/\/dekkbi.com\/index.php?rest_route=%2Fwp%2Fv2%2Ftags&post=4373"}],"curies":[{"name":"wp","href":"https:\/\/api.w.org\/{rel}","templated":true}]}}