{"id":43714,"date":"2024-10-08T10:06:29","date_gmt":"2024-10-08T10:06:29","guid":{"rendered":"https:\/\/dekkbi.com\/?p=43714"},"modified":"2024-10-08T10:06:29","modified_gmt":"2024-10-08T10:06:29","slug":"commission-de-recensement-des-medias-lappel-dechire-larrete-du-ministre","status":"publish","type":"post","link":"https:\/\/dekkbi.com\/?p=43714","title":{"rendered":"Commission de recensement des m\u00e9dias: L\u2019appel d\u00e9chire l\u2019arr\u00eat\u00e9 du ministre"},"content":{"rendered":"\n<p><strong>Si les autorit\u00e9s m\u00e9diatiques attendent toujours des discussions avec l\u2019Etat, l\u2019Appel demande au ministre de la Communication de retirer son arr\u00eat\u00e9 portant la Commission d\u2019examen et de validation de la d\u00e9claration des entreprises de presse. Pour elle, le ministre outrepasse ses pr\u00e9rogatives, car il ne respecte pas les dispositions du Code de la presse.&nbsp;<\/strong><strong>Par B. SAKHO \u2013<\/strong><\/p>\n\n\n\n<p>Entre les m\u00e9dias et le gouvernement, les relations ne sont pas toujours fluides. Le nouvel arr\u00eat\u00e9 du ministre de la Communication portant cr\u00e9ation de la Commission d\u2019examen et de validation de la d\u00e9claration des entreprises de presse du S\u00e9n\u00e9gal n\u2019aide pas \u00e0 d\u00e9crisper l\u2019atmosph\u00e8re. Selon l\u2019Association des \u00e9diteurs et professionnels de la presse en ligne (Appel), cet arr\u00eat\u00e9 ne figure pas dans \u00abCode de la presse et dans tous les textes d\u2019application du code\u00bb. \u00abCet arr\u00eat\u00e9 du ministre est une sorte d\u2019Ovni dans l\u2019ordonnancement juridique et institutionnel du secteur des m\u00e9dias. Cet arr\u00eat\u00e9, \u00e9labor\u00e9 de mani\u00e8re cavali\u00e8re, sans consultation ou concertation aucune, s\u2019arroge un droit de vie et de mort sur les entreprises de presse. En effet, dans ses missions \u00e9num\u00e9r\u00e9es \u00e0 l\u2019article 2, il dit, entre autres : \u00abexaminer les demandes d\u2019enregistrement des entreprises de presse adress\u00e9es au minist\u00e8re via la plateforme vis\u00e9e, s\u2019assurer du respect des crit\u00e8res d\u2019\u00e9ligibilit\u00e9 et des conditions requises, au regard de la l\u00e9gislation en vigueur, valider ou rejeter les demandes d\u2019enregistrement\u2026 Quand le texte impos\u00e9 par le ministre parle de valider ou de rejeter, l\u00e0, il outrepasse ses pr\u00e9rogatives et fait un pied de nez \u00e0 l\u2019autorit\u00e9 de r\u00e9gulation\u00bb, regrette l\u2019Appel.<\/p>\n\n\n\n<p>Pour l\u2019Appel, il \u00aboutrepasse ses pr\u00e9rogatives\u00bb et confine le Cnra \u00ab\u00e0 un statut de figurant dans cette fameuse commission\u00bb. \u00abLa pr\u00e9sence des minist\u00e8res de l\u2019Int\u00e9rieur et de la Justice est encore plus intrigante\u00bb, ajoute l\u2019Appel. Pour la structure, le ministre de la Communication a lanc\u00e9 une plateforme d\u2019enregistrement en ligne des entreprises de presse sur laquelle se \u00absont enregistr\u00e9s en masse\u00bb des m\u00e9dias en d\u00e9pit des insuffisances du support. Quid de l\u2019article 9 de l\u2019arr\u00eat\u00e9 du ministre qui parle de la Commission permanente ? \u00abEn v\u00e9rit\u00e9, il ne s\u2019est jamais pos\u00e9 un probl\u00e8me d\u2019enregistrement parce que le 15 d\u00e9cembre 2022, une campagne d\u2019enregistrement de 40 jours avait \u00e9t\u00e9 lanc\u00e9e par le pr\u00e9d\u00e9cesseur de l\u2019actuel ministre. Elle n\u2019avait suscit\u00e9 aucune tension ni r\u00e9action de r\u00e9probation de la part des acteurs. D\u2019ailleurs, les chiffres avanc\u00e9s par la tutelle proviennent souvent de ce recensement. L\u2019\u00e9cueil fondamental dans la tentative d\u2019application des textes est li\u00e9 plut\u00f4t dans l\u2019exploitation de ces donn\u00e9es\u00bb, rappelle l\u2019Appel, qui conseille au minist\u00e8re de la Communication de \u00abrenforcer le personnel de la Direction de la communication pour \u00e9tudier les diff\u00e9rents dossiers, selon leur conformit\u00e9 avec le Code de la presse et ses textes d\u2019application\u00bb.<\/p>\n\n\n\n<p>Par ailleurs, l\u2019Appel, qui attend toujours le d\u00e9but des discussions dans un \u00abcadre r\u00e9nov\u00e9\u00bb avec l\u2019Etat, a \u00abl\u2019impression que la tutelle snobe ou m\u00e9prise les acteurs des m\u00e9dias\u00bb. Alors qu\u2019ils partagent, tous, les m\u00eames objectifs qui sont l\u2019assainissement du secteur. Pour elle, une \u00abconcertation aurait pu \u00e9viter au ministre ses nombreux errements. Depuis pr\u00e8s de deux d\u00e9cennies, les acteurs des m\u00e9dias se sont pench\u00e9s sur ces textes et cherchent \u00e0 les parfaire davantage avec les Assises nationales des m\u00e9dias parce qu\u2019ils sont conscients de l\u2019importance et du r\u00f4le de la presse dans la construction des valeurs d\u2019une soci\u00e9t\u00e9 exemplaire\u00bb. Par cons\u00e9quent, les \u00e9diteurs et professionnels de la presse en ligne \u00abinvitent le ministre de la Communication \u00e0 surseoir \u00e0 cette commission qui viole tous les textes qu\u2019il a vis\u00e9s dans cet arr\u00eat\u00e9. Sinon ils n\u2019\u00e9carteront aucune action, aucun moyen de droit pour lui barrer la route\u00bb.<\/p>\n\n\n\n<p>Il faut rappeler que le chef de l\u2019Etat avait demand\u00e9, au lendemain de la journ\u00e9e sans presse, en Conseil des ministres, un \u00abdialogue r\u00e9nov\u00e9\u00bb avec les m\u00e9dias.<br>Mais, c\u2019est toujours le statu quo, car aucun acte n\u2019a \u00e9t\u00e9 pos\u00e9 dans ce sens alors que les comptes des entreprises restent bloqu\u00e9s par le Fisc et les contrats de publicit\u00e9 avec l\u2019Etat toujours gel\u00e9s.<\/p>\n\n\n\n<p><strong>bsakho@lequotidien.sn<\/strong><\/p>\n","protected":false},"excerpt":{"rendered":"<p>Si les autorit\u00e9s m\u00e9diatiques attendent toujours des discussions avec l\u2019Etat, l\u2019Appel demande au ministre de la Communication de retirer son<\/p>\n","protected":false},"author":1,"featured_media":43715,"comment_status":"open","ping_status":"open","sticky":false,"template":"","format":"standard","meta":{"footnotes":""},"categories":[3],"tags":[],"class_list":["post-43714","post","type-post","status-publish","format-standard","has-post-thumbnail","hentry","category-event-more-news"],"_links":{"self":[{"href":"https:\/\/dekkbi.com\/index.php?rest_route=\/wp\/v2\/posts\/43714","targetHints":{"allow":["GET"]}}],"collection":[{"href":"https:\/\/dekkbi.com\/index.php?rest_route=\/wp\/v2\/posts"}],"about":[{"href":"https:\/\/dekkbi.com\/index.php?rest_route=\/wp\/v2\/types\/post"}],"author":[{"embeddable":true,"href":"https:\/\/dekkbi.com\/index.php?rest_route=\/wp\/v2\/users\/1"}],"replies":[{"embeddable":true,"href":"https:\/\/dekkbi.com\/index.php?rest_route=%2Fwp%2Fv2%2Fcomments&post=43714"}],"version-history":[{"count":1,"href":"https:\/\/dekkbi.com\/index.php?rest_route=\/wp\/v2\/posts\/43714\/revisions"}],"predecessor-version":[{"id":43716,"href":"https:\/\/dekkbi.com\/index.php?rest_route=\/wp\/v2\/posts\/43714\/revisions\/43716"}],"wp:featuredmedia":[{"embeddable":true,"href":"https:\/\/dekkbi.com\/index.php?rest_route=\/wp\/v2\/media\/43715"}],"wp:attachment":[{"href":"https:\/\/dekkbi.com\/index.php?rest_route=%2Fwp%2Fv2%2Fmedia&parent=43714"}],"wp:term":[{"taxonomy":"category","embeddable":true,"href":"https:\/\/dekkbi.com\/index.php?rest_route=%2Fwp%2Fv2%2Fcategories&post=43714"},{"taxonomy":"post_tag","embeddable":true,"href":"https:\/\/dekkbi.com\/index.php?rest_route=%2Fwp%2Fv2%2Ftags&post=43714"}],"curies":[{"name":"wp","href":"https:\/\/api.w.org\/{rel}","templated":true}]}}