{"id":43608,"date":"2024-10-07T10:14:08","date_gmt":"2024-10-07T10:14:08","guid":{"rendered":"https:\/\/dekkbi.com\/?p=43608"},"modified":"2024-10-07T10:14:09","modified_gmt":"2024-10-07T10:14:09","slug":"dans-les-pays-arabes-le-soutien-a-la-cause-palestinienne-a-lepreuve-du-temps","status":"publish","type":"post","link":"https:\/\/dekkbi.com\/?p=43608","title":{"rendered":"Dans les pays arabes, le soutien \u00e0 la cause palestinienne \u00e0 l&rsquo;\u00e9preuve du temps"},"content":{"rendered":"\n<p>La majorit\u00e9 des quelque 500 millions d\u2019Arabes restent pro-palestiniens. Toutefois, un an apr\u00e8s les attaques meurtri\u00e8res du Hamas le 7 octobre 2023, cet appui semble progressivement s\u2019user, m\u00eame si le soutien populaire reste tr\u00e8s fort.<\/p>\n\n\n\n<p><em>Avec \u00a0Alexandre Buccianti correspondant RFI au Caire<\/em>,<\/p>\n\n\n\n<p>Au lendemain du\u00a0<strong>7 octobre<\/strong>, beaucoup d\u2019Arabes ont applaudi ce qu\u2019ils consid\u00e9raient comme une victoire de la r\u00e9sistance\u00a0palestinienne. Apr\u00e8s la riposte isra\u00e9lienne, les appels au boycott se sont multipli\u00e9s dans le monde arabe. Faute de produits isra\u00e9liens, ceux des alli\u00e9s de Tel-Aviv ont \u00e9t\u00e9 vis\u00e9s. Les boissons gazeuses et les fast-foods am\u00e9ricains, tr\u00e8s r\u00e9pandus dans le monde arabe, en ont largement fait les frais.<\/p>\n\n\n\n<p>Un certain vendeur de hamburger a perdu la moiti\u00e9 de son chiffre d&rsquo;affaires, tandis que des marques locales de sodas ont vu leurs ventes s&rsquo;envoler. M\u00eame le g\u00e9ant suisse des boissons et produits alimentaires a vu ses sachets de th\u00e9, ses caf\u00e9s solubles et ses eaux min\u00e9rales prendre la poussi\u00e8re des supermarch\u00e9s. Toutefois, les campagnes de publicit\u00e9 et l\u2019usure des appels au boycott font que la consommation est presque revenue au point de d\u00e9part. Et sur le plan diplomatique, le soutien n&rsquo;a pas \u00e9t\u00e9 ind\u00e9fectible non plus.\u00a0<\/p>\n\n\n\n<h2 class=\"wp-block-heading\">La seule v\u00e9ritable riposte d&rsquo;un \u00c9tat est venue de l&rsquo;Iran<\/h2>\n\n\n\n<p>D&rsquo;abord, parce qu&rsquo;une bonne moiti\u00e9 des pays arabes a d\u00e9sormais des relations plus ou moins directes avec\u00a0<strong>Isra\u00ebl<\/strong>. Les gouvernements ont tous r\u00e9prouv\u00e9, fustig\u00e9, stigmatis\u00e9 et condamn\u00e9 avec plus ou moins de conviction. Mais il est difficile de distinguer les v\u00e9ritables saillies envers l&rsquo;\u00c9tat h\u00e9breu des prises de parole pour satisfaire l\u2019opinion publique int\u00e9rieure et \u00e9viter les d\u00e9sordres que pourraient entra\u00eener des manifestations pro-palestiniennes. Plus globalement, hormis le refus saoudien de toute normalisation sans l&rsquo;\u00e9tablissement d&rsquo;un \u00c9tat palestinien, le conflit n&rsquo;a pas fait bouger les lignes au-del\u00e0 des critiques verbales. Et seuls les m\u00e9diateurs traditionnels (\u00c9gypte, Qatar) se sont impliqu\u00e9s directement dans des n\u00e9gociations de paix. La riposte \u00e9tatique la plus forte est venue mardi de tirs de missiles iraniens.<\/p>\n\n\n\n<p>En dehors du Y\u00e9men, les manifestations dans le monde arabe ont \u00e9t\u00e9 plus que sporadiques. Et \u00e0 quelques exceptions pr\u00e8s, comme la\u00a0<strong>cha\u00eene de t\u00e9l\u00e9vision Al Jazeera<\/strong>, la plupart des m\u00e9dias arabes n\u2019ont jamais montr\u00e9 de complaisance avec le Hamas. Un mouvement apparent\u00e9 aux Fr\u00e8res musulmans, une confr\u00e9rie interdite dans plusieurs pays arabes. Notons par exemple que c\u2019est l\u2019<strong>Afrique du Sud<\/strong>, et non les pays arabes, qui a engag\u00e9 une proc\u00e9dure contre Isra\u00ebl pour g\u00e9nocide devant la Cour internationale de justice.<\/p>\n\n\n\n<p>Pour retrouver de vraies tendances \u00e0 un soutien ind\u00e9fectible \u00e0 Gaza et aux Palestiniens, il faut se tourner vers les r\u00e9seaux sociaux. On y retrouve des appels \u00e0 c\u00e9l\u00e9brer le 7 octobre, le d\u00e9luge d\u2019Al Aqsa, l\u2019ouragan de la lib\u00e9ration. Reste que le nom du Hamas n&rsquo;\u00e9merge pas toujours, voire reste discret. M\u00eame si l&rsquo;id\u00e9e que le 7 octobre a permis de changer la vision du monde \u00e0 l\u2019\u00e9gard de la cause palestinienne a fait son bout de chemin.<\/p>\n","protected":false},"excerpt":{"rendered":"<p>La majorit\u00e9 des quelque 500 millions d\u2019Arabes restent pro-palestiniens. Toutefois, un an apr\u00e8s les attaques meurtri\u00e8res du Hamas le 7<\/p>\n","protected":false},"author":1,"featured_media":43609,"comment_status":"open","ping_status":"open","sticky":false,"template":"","format":"standard","meta":{"footnotes":""},"categories":[51],"tags":[],"class_list":["post-43608","post","type-post","status-publish","format-standard","has-post-thumbnail","hentry","category-general"],"_links":{"self":[{"href":"https:\/\/dekkbi.com\/index.php?rest_route=\/wp\/v2\/posts\/43608","targetHints":{"allow":["GET"]}}],"collection":[{"href":"https:\/\/dekkbi.com\/index.php?rest_route=\/wp\/v2\/posts"}],"about":[{"href":"https:\/\/dekkbi.com\/index.php?rest_route=\/wp\/v2\/types\/post"}],"author":[{"embeddable":true,"href":"https:\/\/dekkbi.com\/index.php?rest_route=\/wp\/v2\/users\/1"}],"replies":[{"embeddable":true,"href":"https:\/\/dekkbi.com\/index.php?rest_route=%2Fwp%2Fv2%2Fcomments&post=43608"}],"version-history":[{"count":1,"href":"https:\/\/dekkbi.com\/index.php?rest_route=\/wp\/v2\/posts\/43608\/revisions"}],"predecessor-version":[{"id":43610,"href":"https:\/\/dekkbi.com\/index.php?rest_route=\/wp\/v2\/posts\/43608\/revisions\/43610"}],"wp:featuredmedia":[{"embeddable":true,"href":"https:\/\/dekkbi.com\/index.php?rest_route=\/wp\/v2\/media\/43609"}],"wp:attachment":[{"href":"https:\/\/dekkbi.com\/index.php?rest_route=%2Fwp%2Fv2%2Fmedia&parent=43608"}],"wp:term":[{"taxonomy":"category","embeddable":true,"href":"https:\/\/dekkbi.com\/index.php?rest_route=%2Fwp%2Fv2%2Fcategories&post=43608"},{"taxonomy":"post_tag","embeddable":true,"href":"https:\/\/dekkbi.com\/index.php?rest_route=%2Fwp%2Fv2%2Ftags&post=43608"}],"curies":[{"name":"wp","href":"https:\/\/api.w.org\/{rel}","templated":true}]}}