{"id":43598,"date":"2024-10-07T10:06:05","date_gmt":"2024-10-07T10:06:05","guid":{"rendered":"https:\/\/dekkbi.com\/?p=43598"},"modified":"2024-10-07T10:06:06","modified_gmt":"2024-10-07T10:06:06","slug":"demarrage-de-lannee-scolaire-2024-2025-4-120-409-apprenants-font-leur-rentree","status":"publish","type":"post","link":"https:\/\/dekkbi.com\/?p=43598","title":{"rendered":"D\u00e9marrage de l\u2019ann\u00e9e scolaire 2024-2025: 4 120 409 apprenants font leur rentr\u00e9e"},"content":{"rendered":"\n<p><strong>Apr\u00e8s trois mois de vacances, les \u00e9l\u00e8ves reprennent ce lundi 07 octobre, le chemin des classes. Pour cette rentr\u00e9e, ils seront 4 120 409 apprenants \u00e0 suivre les enseignements et apprentissages pour cette ann\u00e9e scolaire 2024-2025 qui est appel\u00e9e \u00e0 durer neuf mois, sauf perturbations majeures.&nbsp;<\/strong><\/p>\n\n\n\n<p><strong>\u00a0<\/strong>La rentr\u00e9e scolaire des \u00e9l\u00e8ves pour l\u2019ann\u00e9e\u00a0\u00a02024-2025 est fix\u00e9e pour ce jour, lundi 7 octobre. A cet effet, 4 120 409 apprenants\u00a0vont se confronter aux enseignements et apprentissages pour une p\u00e9riode de neuf mois. Parmi ces \u00e9l\u00e8ves, 2 340 219 sont inscrits au primaire, 852 269 au moyen secondaire, et 377 197 au secondaire g\u00e9n\u00e9ral, r\u00e9partis dans 21 448 \u00e9tablissements scolaires. <\/p>\n\n\n\n<p>Des informations donn\u00e9es par M\u00e9doune Thiam, Conseiller technique au ministre de l\u2019\u00c9ducation nationale lors de la r\u00e9union pr\u00e9paratoire pr\u00e9sid\u00e9e par le Premier ministre Ousmane Sonko et qui visait \u00e0 assurer une rentr\u00e9e sereine. Pour cette pr\u00e9sente \u00e9dition, beaucoup d\u2019\u00e9tablissements risquent de ne pas accueillir les \u00e9l\u00e8ves malgr\u00e9 la campagne de\u00a0<em><u>set s\u00e9tal\u00a0<\/u><\/em>organis\u00e9e samedi dernier en faveur des \u00e9coles. La poursuite de l\u2019hivernage sera la premi\u00e8re contrainte de cette rentr\u00e9e sans oublier les autres d\u00e9fis dont les abris provisoires. <\/p>\n\n\n\n<p>Pour cette rentr\u00e9e et une ann\u00e9e scolaire r\u00e9ussies, l\u2019Union des enseignants du S\u00e9n\u00e9gal (Ues) dans un de ses communiqu\u00e9s a invit\u00e9 le gouvernement \u00e0 trouver des solutions aux incompressibles et r\u00e9currents d\u00e9fis que constituent la question des enseignants d\u00e9cisionnaires, la r\u00e9sorption des d\u00e9ficits en personnels enseignants, les salles de classe et \u00e9quipements mobiliers mais aussi la formation initiale et continue des enseignants entre autres. <\/p>\n\n\n\n<p>Rappelons que parmi les difficult\u00e9s et d\u00e9fis dont l\u2019Etat devra faire face,\u00a0\u00a0figurent\u00a0\u00a0les 7145 abris provisoires recens\u00e9s \u00e0 travers le pays, un d\u00e9ficit de 48 696 salles de classe, un d\u00e9ficit de 207 103 tables bancs, 2 409 \u00e9coles sans latrines, un besoin de 4 527 enseignants. Des chiffres r\u00e9v\u00e9l\u00e9s lors de la r\u00e9union interminist\u00e9rielle sur la rentr\u00e9e, tenue le 19 septembre dernier.<\/p>\n\n\n\n<p><strong>Denise ZAROUR MEDANG&nbsp;<\/strong><\/p>\n\n\n\n<p>SUDQUOTIDIEN<\/p>\n","protected":false},"excerpt":{"rendered":"<p>Apr\u00e8s trois mois de vacances, les \u00e9l\u00e8ves reprennent ce lundi 07 octobre, le chemin des classes. Pour cette rentr\u00e9e, ils<\/p>\n","protected":false},"author":1,"featured_media":43599,"comment_status":"open","ping_status":"open","sticky":false,"template":"","format":"standard","meta":{"footnotes":""},"categories":[21],"tags":[],"class_list":["post-43598","post","type-post","status-publish","format-standard","has-post-thumbnail","hentry","category-societe"],"_links":{"self":[{"href":"https:\/\/dekkbi.com\/index.php?rest_route=\/wp\/v2\/posts\/43598","targetHints":{"allow":["GET"]}}],"collection":[{"href":"https:\/\/dekkbi.com\/index.php?rest_route=\/wp\/v2\/posts"}],"about":[{"href":"https:\/\/dekkbi.com\/index.php?rest_route=\/wp\/v2\/types\/post"}],"author":[{"embeddable":true,"href":"https:\/\/dekkbi.com\/index.php?rest_route=\/wp\/v2\/users\/1"}],"replies":[{"embeddable":true,"href":"https:\/\/dekkbi.com\/index.php?rest_route=%2Fwp%2Fv2%2Fcomments&post=43598"}],"version-history":[{"count":1,"href":"https:\/\/dekkbi.com\/index.php?rest_route=\/wp\/v2\/posts\/43598\/revisions"}],"predecessor-version":[{"id":43600,"href":"https:\/\/dekkbi.com\/index.php?rest_route=\/wp\/v2\/posts\/43598\/revisions\/43600"}],"wp:featuredmedia":[{"embeddable":true,"href":"https:\/\/dekkbi.com\/index.php?rest_route=\/wp\/v2\/media\/43599"}],"wp:attachment":[{"href":"https:\/\/dekkbi.com\/index.php?rest_route=%2Fwp%2Fv2%2Fmedia&parent=43598"}],"wp:term":[{"taxonomy":"category","embeddable":true,"href":"https:\/\/dekkbi.com\/index.php?rest_route=%2Fwp%2Fv2%2Fcategories&post=43598"},{"taxonomy":"post_tag","embeddable":true,"href":"https:\/\/dekkbi.com\/index.php?rest_route=%2Fwp%2Fv2%2Ftags&post=43598"}],"curies":[{"name":"wp","href":"https:\/\/api.w.org\/{rel}","templated":true}]}}