{"id":43595,"date":"2024-10-07T10:02:38","date_gmt":"2024-10-07T10:02:38","guid":{"rendered":"https:\/\/dekkbi.com\/?p=43595"},"modified":"2024-10-07T10:02:39","modified_gmt":"2024-10-07T10:02:39","slug":"xixe-sommet-de-la-francophonie-yassine-fall-prone-une-francophonie-solidaire-et-deplore-la-gestion-des-enjeux-africains","status":"publish","type":"post","link":"https:\/\/dekkbi.com\/?p=43595","title":{"rendered":"XIXe sommet de la francophonie : Yassine Fall pr\u00f4ne une francophonie solidaire et d\u00e9plore la gestion des enjeux africains"},"content":{"rendered":"\n<p>\u00c0 l\u2019occasion du XIXe Sommet de la Francophonie qui se tient \u00e0 Villers-Cotter\u00eats, la ministre s\u00e9n\u00e9galaise de l\u2019Int\u00e9gration africaine et des Affaires \u00e9trang\u00e8res, Yassine Fall, a exprim\u00e9 une vision claire de ce que devrait \u00eatre la Francophonie aujourd\u2019hui. Intervenant en tant que repr\u00e9sentante du S\u00e9n\u00e9gal, elle a insist\u00e9 sur la n\u00e9cessit\u00e9 pour l\u2019organisation de ne pas devenir un espace de prise de d\u00e9cisions politiques multilat\u00e9rales, en raison des divergences d\u2019int\u00e9r\u00eats entre ses membres, notamment entre l\u2019Afrique et les pays industrialis\u00e9s.<\/p>\n\n\n\n<p>Mme Fall a appel\u00e9 \u00e0 une \u00ab&nbsp;Francophonie solidaire&nbsp;\u00bb, rappelant que les membres de l\u2019organisation partagent une histoire commune, marqu\u00e9e par le colonialisme et le n\u00e9ocolonialisme, mais aussi par une dynamique actuelle d\u2019\u00e9mancipation des \u00c9tats africains. Pour elle, la Francophonie doit avant tout reconna\u00eetre la diversit\u00e9 politique et culturelle de ses membres. Elle a soulign\u00e9 que la refonte du multilat\u00e9ralisme \u00e9tait indispensable : \u00ab&nbsp;Il faut que le multilat\u00e9ralisme soit revisit\u00e9 et renouvel\u00e9&nbsp;\u00bb, a-t-elle d\u00e9clar\u00e9.<\/p>\n\n\n\n<p>Sur le plan politique, Yassine Fall a tenu \u00e0 souligner que le S\u00e9n\u00e9gal, pays pionnier de la Francophonie sous l\u2019impulsion de L\u00e9opold S\u00e9dar Senghor, ne pouvait pas toujours suivre les positions politiques de l\u2019organisation.<\/p>\n\n\n\n<p>La cheffe de la diplomatie s\u00e9n\u00e9galaise a particuli\u00e8rement \u00e9voqu\u00e9 la question palestinienne, sur laquelle le S\u00e9n\u00e9gal, en tant que pr\u00e9sident du Comit\u00e9 pour les droits inali\u00e9nables du peuple palestinien, adopte une position ferme : \u00ab&nbsp;Le S\u00e9n\u00e9gal dit que ce qui se passe en Palestine est un g\u00e9nocide&nbsp;\u00bb, a-t-elle affirm\u00e9, marquant ainsi une divergence avec la Francophonie qui, selon elle, ne qualifie pas la situation de cette mani\u00e8re.<\/p>\n\n\n\n<p><strong>Le co\u00fbt de l\u2019endettement africain, un enjeu majeur<\/strong><\/p>\n\n\n\n<p>Un autre point central de l\u2019intervention de la ministre s\u00e9n\u00e9galaise concerne l\u2019endettement des pays africains. Yassine Fall a d\u00e9nonc\u00e9 le fait que les pays francophones africains, malgr\u00e9 un retour sur investissement \u00e9lev\u00e9, continuent de payer des co\u00fbts excessifs pour emprunter sur les march\u00e9s financiers et aupr\u00e8s d\u2019institutions internationales.<\/p>\n\n\n\n<p>Elle a fustig\u00e9 l\u2019absence de d\u00e9fense des int\u00e9r\u00eats africains par la Francophonie sur cette question, estimant que la solidarit\u00e9 multilat\u00e9rale devrait inclure la r\u00e9vision des politiques d\u2019endettement : \u00ab&nbsp;Le co\u00fbt de l\u2019endettement est injuste&nbsp;\u00bb, a-t-elle martel\u00e9.<\/p>\n\n\n\n<p>Mme Fall a insist\u00e9 sur la n\u00e9cessit\u00e9 de r\u00e9former les conditions d\u2019acc\u00e8s au financement international pour les pays en d\u00e9veloppement, rappelant que l\u2019Afrique est le continent o\u00f9 le co\u00fbt de l\u2019emprunt reste le plus \u00e9lev\u00e9. Pour elle, la Francophonie devrait jouer un r\u00f4le plus actif pour soutenir les pays membres les moins avanc\u00e9s dans ce domaine.<\/p>\n\n\n\n<p>SOURC SUDQUOTIDIEN<\/p>\n","protected":false},"excerpt":{"rendered":"<p>\u00c0 l\u2019occasion du XIXe Sommet de la Francophonie qui se tient \u00e0 Villers-Cotter\u00eats, la ministre s\u00e9n\u00e9galaise de l\u2019Int\u00e9gration africaine et<\/p>\n","protected":false},"author":1,"featured_media":39604,"comment_status":"open","ping_status":"open","sticky":false,"template":"","format":"standard","meta":{"footnotes":""},"categories":[3],"tags":[],"class_list":["post-43595","post","type-post","status-publish","format-standard","has-post-thumbnail","hentry","category-event-more-news"],"_links":{"self":[{"href":"https:\/\/dekkbi.com\/index.php?rest_route=\/wp\/v2\/posts\/43595","targetHints":{"allow":["GET"]}}],"collection":[{"href":"https:\/\/dekkbi.com\/index.php?rest_route=\/wp\/v2\/posts"}],"about":[{"href":"https:\/\/dekkbi.com\/index.php?rest_route=\/wp\/v2\/types\/post"}],"author":[{"embeddable":true,"href":"https:\/\/dekkbi.com\/index.php?rest_route=\/wp\/v2\/users\/1"}],"replies":[{"embeddable":true,"href":"https:\/\/dekkbi.com\/index.php?rest_route=%2Fwp%2Fv2%2Fcomments&post=43595"}],"version-history":[{"count":1,"href":"https:\/\/dekkbi.com\/index.php?rest_route=\/wp\/v2\/posts\/43595\/revisions"}],"predecessor-version":[{"id":43596,"href":"https:\/\/dekkbi.com\/index.php?rest_route=\/wp\/v2\/posts\/43595\/revisions\/43596"}],"wp:featuredmedia":[{"embeddable":true,"href":"https:\/\/dekkbi.com\/index.php?rest_route=\/wp\/v2\/media\/39604"}],"wp:attachment":[{"href":"https:\/\/dekkbi.com\/index.php?rest_route=%2Fwp%2Fv2%2Fmedia&parent=43595"}],"wp:term":[{"taxonomy":"category","embeddable":true,"href":"https:\/\/dekkbi.com\/index.php?rest_route=%2Fwp%2Fv2%2Fcategories&post=43595"},{"taxonomy":"post_tag","embeddable":true,"href":"https:\/\/dekkbi.com\/index.php?rest_route=%2Fwp%2Fv2%2Ftags&post=43595"}],"curies":[{"name":"wp","href":"https:\/\/api.w.org\/{rel}","templated":true}]}}