{"id":43591,"date":"2024-10-07T10:00:39","date_gmt":"2024-10-07T10:00:39","guid":{"rendered":"https:\/\/dekkbi.com\/?p=43591"},"modified":"2024-10-07T10:01:33","modified_gmt":"2024-10-07T10:01:33","slug":"situation-des-finances-publiques-lapr-conteste-les-chiffres-du-gouvernement-et-defend-le-bilan-de-son-leader","status":"publish","type":"post","link":"https:\/\/dekkbi.com\/?p=43591","title":{"rendered":"Situation des finances publiques : l\u2019APR conteste les chiffres du gouvernement et d\u00e9fend le bilan de son leader"},"content":{"rendered":"\n<p>\u2019alliance pour la R\u00e9publique (APR) a regrett\u00e9, dans un communiqu\u00e9, les propos qu\u2019elle juge \u00ab irresponsables\u2026 qui ont laiss\u00e9 entendre que le gouvernement sortant aurait manipul\u00e9 des chiffres ou falsifi\u00e9 des donn\u00e9es dans le cadre de sa gestion couvrant la p\u00e9riode 2019-2023 \u00bb. <\/p>\n\n\n\n<p>Dans son texte, le parti consid\u00e8re que \u00ab ces insinuations, qui \u00e9voquent des d\u00e9tournements massifs de ressources publiques, au-del\u00e0 de leur caract\u00e8re manifestement d\u00e9nu\u00e9 de tout fondement, sont nuisibles \u00e0 la cr\u00e9dibilit\u00e9 de nos institutions qu\u2019un dirigeant s\u00e9rieux se devait de pr\u00e9server\u00bb.<\/p>\n\n\n\n<p> L\u2019ancien parti au pouvoir d\u00e9plore \u00ab un mode op\u00e9ratoire du Premier ministre et de son gouvernement, qui, de mani\u00e8re peu \u00e9l\u00e9gante et p\u00e9remptoire, incriminent, de fa\u00e7on arbitraire des anciens ministres en charge des Finances publiques sur la base d\u2019un simple rapport provisoire qu\u2019ils n\u2019ont ni vu encore moins discut\u00e9, n\u2019\u00e9tant pas en mesure d\u2019en appr\u00e9cier la valeur dudit rapport ou de r\u00e9pondre \u00bb.\u00a0<\/p>\n\n\n\n<p> L\u2019Apr tient en cons\u00e9quence \u00e0 contester \u00ab de grossi\u00e8res affirmations qui d\u00e9montrent l\u2019incomp\u00e9tence de leurs auteurs et leur ignorance des r\u00e8gles qui gouvernent les finances publiques \u00bb. L\u2019APR d\u2019ajouter que \u00ab le Premier ministre n\u2019a eu aucun scrupule \u00e0 se prononcer publiquement, sur les r\u00e9sultats d\u2019un rapport provisoire d\u2019audit sur les finances publiques: une mati\u00e8re d\u2019une complexit\u00e9 notoire avant m\u00eame que la Cour des comptes ne donne son avis sur ledit rapport<strong>\u00a0\u00bb.\u00a0<\/strong><\/p>\n\n\n\n<p><strong>OG<\/strong><\/p>\n\n\n\n<p>SUDQUOTIDFIEN<\/p>\n","protected":false},"excerpt":{"rendered":"<p>\u2019alliance pour la R\u00e9publique (APR) a regrett\u00e9, dans un communiqu\u00e9, les propos qu\u2019elle juge \u00ab irresponsables\u2026 qui ont laiss\u00e9 entendre<\/p>\n","protected":false},"author":1,"featured_media":8769,"comment_status":"open","ping_status":"open","sticky":false,"template":"","format":"standard","meta":{"footnotes":""},"categories":[3],"tags":[],"class_list":["post-43591","post","type-post","status-publish","format-standard","has-post-thumbnail","hentry","category-event-more-news"],"_links":{"self":[{"href":"https:\/\/dekkbi.com\/index.php?rest_route=\/wp\/v2\/posts\/43591","targetHints":{"allow":["GET"]}}],"collection":[{"href":"https:\/\/dekkbi.com\/index.php?rest_route=\/wp\/v2\/posts"}],"about":[{"href":"https:\/\/dekkbi.com\/index.php?rest_route=\/wp\/v2\/types\/post"}],"author":[{"embeddable":true,"href":"https:\/\/dekkbi.com\/index.php?rest_route=\/wp\/v2\/users\/1"}],"replies":[{"embeddable":true,"href":"https:\/\/dekkbi.com\/index.php?rest_route=%2Fwp%2Fv2%2Fcomments&post=43591"}],"version-history":[{"count":1,"href":"https:\/\/dekkbi.com\/index.php?rest_route=\/wp\/v2\/posts\/43591\/revisions"}],"predecessor-version":[{"id":43593,"href":"https:\/\/dekkbi.com\/index.php?rest_route=\/wp\/v2\/posts\/43591\/revisions\/43593"}],"wp:featuredmedia":[{"embeddable":true,"href":"https:\/\/dekkbi.com\/index.php?rest_route=\/wp\/v2\/media\/8769"}],"wp:attachment":[{"href":"https:\/\/dekkbi.com\/index.php?rest_route=%2Fwp%2Fv2%2Fmedia&parent=43591"}],"wp:term":[{"taxonomy":"category","embeddable":true,"href":"https:\/\/dekkbi.com\/index.php?rest_route=%2Fwp%2Fv2%2Fcategories&post=43591"},{"taxonomy":"post_tag","embeddable":true,"href":"https:\/\/dekkbi.com\/index.php?rest_route=%2Fwp%2Fv2%2Ftags&post=43591"}],"curies":[{"name":"wp","href":"https:\/\/api.w.org\/{rel}","templated":true}]}}