{"id":43588,"date":"2024-10-07T09:58:13","date_gmt":"2024-10-07T09:58:13","guid":{"rendered":"https:\/\/dekkbi.com\/?p=43588"},"modified":"2024-10-07T09:58:14","modified_gmt":"2024-10-07T09:58:14","slug":"legislatives-2024-alsar-senegal-investit-racine-sy","status":"publish","type":"post","link":"https:\/\/dekkbi.com\/?p=43588","title":{"rendered":"L\u00e9gislatives 2024 : ALSAR S\u00e9n\u00e9gal investit Racine Sy&#8230;"},"content":{"rendered":"\n<h3 class=\"wp-block-heading\">De And Liggey Podor, le mouvement est devenu en 2017 And Liggey S\u00e9n\u00e9gal ak Racine Sy ( ALSAR). Aujourd&rsquo;hui, l&rsquo;ic\u00f4ne du secteur priv\u00e9 S\u00e9n\u00e9galais a d\u00e9cid\u00e9 de partir \u00e0 l&rsquo;assaut de l&rsquo;assembl\u00e9e nationale pour solliciter les suffrages des S\u00e9n\u00e9galais lors du scrutin l\u00e9gislatif du 17 novembre 2024.<\/h3>\n\n\n\n<p>R\u00e9dig\u00e9 par leral.net <\/p>\n\n\n\n<p>Ce mouvement national qui mobilise plus que les partis politiques classiques, rayonne dans les 14 r\u00e9gions du S\u00e9n\u00e9gal et entend convaincre les S\u00e9n\u00e9galais d&rsquo;ici et de la Diaspora dans l&rsquo;optique de d\u00e9crocher au minimum une trentaine de d\u00e9put\u00e9s pour la toute prochaine l\u00e9gislature.<\/p>\n\n\n\n<p>Au cours d&rsquo;une rencontre de forte mobilisation tenue ce week-end \u00e0 l&rsquo;h\u00f4tel Royal Saly, Mamadou Racine SY galvanis\u00e9 par une foule impressionnante de militantes et militants a saisi l&rsquo;occasion pour r\u00e9affirmer son ancrage comme un mouvement national qui n&rsquo;est nullement dans la politique politicienne mais plut\u00f4t dans les activit\u00e9s de d\u00e9veloppement conform\u00e9ment aux activit\u00e9s quotidiennes de ce Leader.<\/p>\n\n\n\n<p>ALSAR n&rsquo;est pas de l&rsquo;opposition mais entend apporter sa pierre \u00e0 l&rsquo;\u00e9dification d&rsquo;un S\u00e9n\u00e9gal \u00e9mergent en sollicitant les suffrages des 18 millions de S\u00e9n\u00e9galais sous sa banni\u00e8re jaune et noire.<\/p>\n\n\n\n<p>Acteur majeur du secteur priv\u00e9 national, Racine SY dont le mouvement va solliciter les voix des S\u00e9n\u00e9galais compte capitaliser largement sur ses actions sociales personnelles connues de tous en termes de cr\u00e9ation et de promotion d&#8217;emplois massifs, de financement des activit\u00e9s g\u00e9n\u00e9ratrices de revenus ( AGR) au profit des femmes ou encore de construction d&rsquo;\u00e9coles, de postes de sant\u00e9 et de mosqu\u00e9es dans le Fouta des profondeurs et \u00e0 travers tout le S\u00e9n\u00e9gal.<\/p>\n\n\n\n<p>Les nombreux participants \u00e0 ce panel politique de haut niveau ont ressass\u00e9 en ch\u0153ur leur leitmotiv : offrir au Pr\u00e9sident Racine SY et \u00e0 son mouvement national ALSAR des milliers voire des millions de suffrages afin de lui permettre de disposer d&rsquo;un bassin confortable de d\u00e9put\u00e9s pour continuer de peser de tout son poids dans les politiques publiques de d\u00e9veloppement du S\u00e9n\u00e9gal.<\/p>\n\n\n\n<p>Racine SY et son mouvement national ALSAR entendent \u00e9galement jouer \u00e0 fond leur r\u00f4le de force de proposition afin de participer activement au d\u00e9veloppement du S\u00e9n\u00e9gal d&rsquo;autant qu&rsquo;en tant qu&rsquo;incarnation vivace du secteur priv\u00e9, il rappelle que l&rsquo;Etat n&rsquo;a pas vocation \u00e0 cr\u00e9er des emplois mais c&rsquo;est le r\u00f4le du secteur priv\u00e9, vecteur de croissance \u00e9conomique et cr\u00e9ateur de richesses.<\/p>\n\n\n\n<p>Par ailleurs, ce m\u00eame secteur priv\u00e9 a r\u00e9pondu positivement \u00e0 l&rsquo;appel du Chef de l&rsquo;Etat relativement \u00e0 cette jonction n\u00e9cessaire entre les pouvoirs publics et toutes les forces vives de la nation s\u00e9n\u00e9galaise dans l&rsquo;optique de travailler dans la co- construction et la promotion d&rsquo;une prosp\u00e9rit\u00e9 partag\u00e9e.<\/p>\n\n\n\n<p>Outre le Pr\u00e9sident du mouvement national ALSAR, cette rencontre de haut niveau a enregistr\u00e9 la participation des coordonnateurs de cellules d\u00e9partementales et communales des 14 r\u00e9gions du pays.<\/p>\n\n\n\n<p>Sans oublier celles du ministre- conseiller Sidy Ben Oumar Kane ou encore de Serigne Bassirou Mback\u00e9 Khadim Awa Ba et de Madame Mame Fama Camara Pr\u00e9sidente du mouvement des femmes entour\u00e9e d&rsquo;autres figures comme Dieynaba Di\u00e9dhiou, Absatou Guiss\u00e9,etc.<\/p>\n\n\n\n<p>La jeunesse d&rsquo;ALSAR r\u00e9unie autour de Cheikh Tidiane Diop a \u00e9galement jou\u00e9 sa partition \u00e0 merveille en participant \u00e0 la r\u00e9ussite de l&rsquo;\u00e9v\u00e9nement<br><\/p>\n\n\n\n<p>ARTICLE PAR MD<\/p>\n\n\n\n<p><\/p>\n","protected":false},"excerpt":{"rendered":"<p>De And Liggey Podor, le mouvement est devenu en 2017 And Liggey S\u00e9n\u00e9gal ak Racine Sy ( ALSAR). Aujourd&rsquo;hui, l&rsquo;ic\u00f4ne<\/p>\n","protected":false},"author":1,"featured_media":43589,"comment_status":"open","ping_status":"open","sticky":false,"template":"","format":"standard","meta":{"footnotes":""},"categories":[6],"tags":[],"class_list":["post-43588","post","type-post","status-publish","format-standard","has-post-thumbnail","hentry","category-politics"],"_links":{"self":[{"href":"https:\/\/dekkbi.com\/index.php?rest_route=\/wp\/v2\/posts\/43588","targetHints":{"allow":["GET"]}}],"collection":[{"href":"https:\/\/dekkbi.com\/index.php?rest_route=\/wp\/v2\/posts"}],"about":[{"href":"https:\/\/dekkbi.com\/index.php?rest_route=\/wp\/v2\/types\/post"}],"author":[{"embeddable":true,"href":"https:\/\/dekkbi.com\/index.php?rest_route=\/wp\/v2\/users\/1"}],"replies":[{"embeddable":true,"href":"https:\/\/dekkbi.com\/index.php?rest_route=%2Fwp%2Fv2%2Fcomments&post=43588"}],"version-history":[{"count":1,"href":"https:\/\/dekkbi.com\/index.php?rest_route=\/wp\/v2\/posts\/43588\/revisions"}],"predecessor-version":[{"id":43590,"href":"https:\/\/dekkbi.com\/index.php?rest_route=\/wp\/v2\/posts\/43588\/revisions\/43590"}],"wp:featuredmedia":[{"embeddable":true,"href":"https:\/\/dekkbi.com\/index.php?rest_route=\/wp\/v2\/media\/43589"}],"wp:attachment":[{"href":"https:\/\/dekkbi.com\/index.php?rest_route=%2Fwp%2Fv2%2Fmedia&parent=43588"}],"wp:term":[{"taxonomy":"category","embeddable":true,"href":"https:\/\/dekkbi.com\/index.php?rest_route=%2Fwp%2Fv2%2Fcategories&post=43588"},{"taxonomy":"post_tag","embeddable":true,"href":"https:\/\/dekkbi.com\/index.php?rest_route=%2Fwp%2Fv2%2Ftags&post=43588"}],"curies":[{"name":"wp","href":"https:\/\/api.w.org\/{rel}","templated":true}]}}